{"id":1072,"date":"2025-11-29T08:03:00","date_gmt":"2025-11-29T07:03:00","guid":{"rendered":"https:\/\/avenir52.fr\/?p=1072"},"modified":"2025-12-02T16:39:29","modified_gmt":"2025-12-02T15:39:29","slug":"les-prix-du-chene-en-zone-de-turbulences","status":"publish","type":"post","link":"https:\/\/avenir52.fr\/index.php\/2025\/11\/29\/les-prix-du-chene-en-zone-de-turbulences\/","title":{"rendered":"Les prix du ch\u00eane en zone de turbulences"},"content":{"rendered":"\n<p><strong>Les Coop\u00e9rateurs Producteurs Forestiers de Haute-Marne sont satisfaits de leur vente d\u2019automne. Les prix du fr\u00eane, du h\u00eatre et des r\u00e9sineux sont en hausse. En revanche la conjoncture est plus d\u00e9favorable au ch\u00eane.<\/strong><\/p>\n\n\n\n<p>Le 5 novembre \u00e0 Semoutiers avait lieu la vente de bois sur pied des Coop\u00e9rateurs producteurs forestiers de Haute-Marne (CPF 52). 79 articles, soit 24 400 m\u00b3 de bois \u00e9taient propos\u00e9s : 4\u2009400&nbsp;m\u00b3 de ch\u00eane, 3 600 m\u00b3 de h\u00eatre, 2000 m\u00b3 de fr\u00eane, 2500 m\u00b3 de douglas, 1900 m\u00b3 de divers r\u00e9sineux et 10 000 m\u00b3 de divers feuillus et houppiers. A cela s\u2019ajoutent 400 m\u00b3 de bois en bord de route et 300 tonnes vendues \u00e0 l\u2019unit\u00e9 de produit.<\/p>\n\n\n\n<p>Plus de 90 % du volume a \u00e9t\u00e9 vendu, le restant (une dizaine d\u2019articles) \u00e9tant de petits lots difficiles d\u2019acc\u00e8s. \u00ab <em>C\u2019est une vente tr\u00e8s satisfaisante, surtout au vu de la conjoncture \u00e9conomique qui ne pr\u00e9sageait rien de bon, mais les scieries ont appr\u00e9ci\u00e9 la qualit\u00e9 des lots<\/em> \u00bb, explique Micka\u00ebl L\u00e9otier, technicien CPF 52.<\/p>\n\n\n\n<p>Les cours se maintiennent en fr\u00eane, en h\u00eatre et en r\u00e9sineux. Les lots de fr\u00eane ont \u00e9t\u00e9 vendus \u00e0 des prix allant de 42 \u00e0 131&nbsp;\u20ac\/m\u00b3 (74 \u20ac\/m\u00b3 de moyenne), le h\u00eatre de 29 \u00e0 82 \u20ac\/m\u00b3 (45 \u20ac\/m\u00b3 de moyenne), le douglas \u00e0 environ 91 \u20ac\/m\u00b3, l\u2019\u00e9pic\u00e9a \u00e0 46 \u20ac\/m\u00b3 et le charme \u00e0 30 \u20ac\/m\u00b3. Un lot de pin sylvestre est parti \u00e0 55 \u20ac\/m\u00b3 et un lot de tremble \u00e0 27 \u20ac\/m\u00b3.<br>En revanche, c\u2019est plus compliqu\u00e9 pour le ch\u00eane dont les prix varient de 105 \u00e0 451 \u20ac\/m\u00b3, pour une moyenne \u00e0 304 \u20ac\/m\u00b3. \u00ab <em>Les lots de belles qualit\u00e9s ou de qualit\u00e9s inf\u00e9rieures ont des prix en baisse, seul le niveau interm\u00e9diaire se maintient<\/em> \u00bb, indique Micka\u00ebl L\u00e9otier. C\u2019est m\u00eame le ch\u00eane \u00e0 merrain qui enregistre les plus fortes baisses alors que celui-ci avait auparavant les prix les plus \u00e9lev\u00e9s.<\/p>\n\n\n\n<p><strong>Conjoncture compliqu\u00e9e<\/strong><\/p>\n\n\n\n<p><br>Cette \u00e9volution s\u2019explique tout d\u2019abord par la diminution des prix du bois de trituration et du bois \u00e9nergie. Et puis le march\u00e9 de la construction\/r\u00e9novation est plut\u00f4t calme, car les primes de r\u00e9novation accord\u00e9es par l\u2019\u00c9tat semblent \u00eatre en sursis. Enfin, les taxes Trump freinent les exportations. \u00ab <em>Il y a beaucoup moins d\u2019exportations de vin donc logiquement les viticulteurs ne renouv\u00e8lent pas leurs stocks de tonneaux<\/em> \u00bb, explique Micka\u00ebl L\u00e9otier.<br>\u00ab <em>On annonce des chutes de prix de 20 \u00e0 30 % pour le ch\u00eane \u00e0 merrain, mais on s\u2019attendait \u00e0 pire. Heureusement les lots de ch\u00eane se vendent quand m\u00eame, car il n\u2019y a pas \u00e9norm\u00e9ment de bois sur le march\u00e9. Certaines scieries ont s\u00fbrement achet\u00e9 des lots, non pas pour les exploiter, mais pour faire du stock en attendant que le march\u00e9 red\u00e9marre<\/em> \u00bb. Et puis la qualit\u00e9 se vend toujours, plusieurs lots de ch\u00eanes exceptionnels d\u20191 m\u00e8tre de diam\u00e8tre ont \u00e9t\u00e9 vendus \u00e0 plus de 400 \u20ac\/m\u00b3.<\/p>\n\n\n\n<p>Cette vente avait la particularit\u00e9 de proposer un lot de ch\u00e2taigniers, une essence peu pr\u00e9sente en Haute-Marne, mais qui a trouv\u00e9 preneur \u00e0 140 \u20ac\/m\u00b3. Un prix satisfaisant pour le CPF 52 : \u00ab <em>C\u2019est une exp\u00e9rience concluante. Sachant que le ch\u00e2taigner pousse vite, cela peut pr\u00eater \u00e0 r\u00e9flexion pour d\u2019\u00e9ventuels reboisements, mais \u00e0 condition que le sol s\u2019y pr\u00eate, car il n\u2019aime pas le calcaire<\/em> \u00bb.<br>Apr\u00e8s une bonne vente de printemps, le CPF 52 termine l\u2019ann\u00e9e sur une vente d\u2019automne tout aussi satisfaisante. Mais qu\u2019en sera-t-il l\u2019ann\u00e9e prochaine ? Car les scieries sont inqui\u00e8tes face \u00e0 une conjoncture instable et un climat \u00e9conomique tendu au niveau international.<\/p>\n","protected":false},"excerpt":{"rendered":"<p>Les Coop\u00e9rateurs Producteurs Forestiers de Haute-Marne sont satisfaits de leur vente d\u2019automne. Les prix du fr\u00eane, du h\u00eatre et des r\u00e9sineux sont en hausse. En [&#8230;]<\/p>\n","protected":false},"author":3,"featured_media":1073,"comment_status":"closed","ping_status":"closed","sticky":false,"template":"","format":"standard","meta":{"_monsterinsights_skip_tracking":false,"_monsterinsights_sitenote_active":false,"_monsterinsights_sitenote_note":"","_monsterinsights_sitenote_category":0,"footnotes":"","jetpack_publicize_message":"","jetpack_publicize_feature_enabled":true,"jetpack_social_post_already_shared":true,"jetpack_social_options":{"image_generator_settings":{"template":"highway","default_image_id":0,"font":"","enabled":false},"version":2}},"categories":[4],"tags":[],"class_list":["post-1072","post","type-post","status-publish","format-standard","has-post-thumbnail","hentry","category-cultures"],"yoast_head":"<!-- This site is optimized with the Yoast SEO plugin v27.4 - https:\/\/yoast.com\/product\/yoast-seo-wordpress\/ -->\n<title>Les prix du ch\u00eane en zone de turbulences - L&#039;Avenir Agricole et Rural de la Haute-Marne<\/title>\n<meta name=\"robots\" content=\"index, follow, max-snippet:-1, max-image-preview:large, max-video-preview:-1\" \/>\n<link rel=\"canonical\" href=\"https:\/\/avenir52.fr\/index.php\/2025\/11\/29\/les-prix-du-chene-en-zone-de-turbulences\/\" \/>\n<meta property=\"og:locale\" content=\"fr_FR\" \/>\n<meta property=\"og:type\" content=\"article\" \/>\n<meta property=\"og:title\" content=\"Les prix du ch\u00eane en zone de turbulences - L&#039;Avenir Agricole et Rural de la Haute-Marne\" \/>\n<meta property=\"og:description\" content=\"Les Coop\u00e9rateurs Producteurs Forestiers de Haute-Marne sont satisfaits de leur vente d\u2019automne. Les prix du fr\u00eane, du h\u00eatre et des r\u00e9sineux sont en hausse. En [...]\" \/>\n<meta property=\"og:url\" content=\"https:\/\/avenir52.fr\/index.php\/2025\/11\/29\/les-prix-du-chene-en-zone-de-turbulences\/\" \/>\n<meta property=\"og:site_name\" content=\"L&#039;Avenir Agricole et Rural de la Haute-Marne\" \/>\n<meta property=\"article:publisher\" content=\"https:\/\/www.facebook.com\/AvenirAgricole52\/\" \/>\n<meta property=\"article:published_time\" content=\"2025-11-29T07:03:00+00:00\" \/>\n<meta property=\"article:modified_time\" content=\"2025-12-02T15:39:29+00:00\" \/>\n<meta property=\"og:image\" content=\"https:\/\/avenir52.fr\/wp-content\/uploads\/2025\/11\/Vente-de-bois.jpg\" \/>\n\t<meta property=\"og:image:width\" content=\"725\" \/>\n\t<meta property=\"og:image:height\" content=\"544\" \/>\n\t<meta property=\"og:image:type\" content=\"image\/jpeg\" \/>\n<meta name=\"author\" content=\"Thibaut MORILLON\" \/>\n<meta name=\"twitter:card\" content=\"summary_large_image\" \/>\n<meta name=\"twitter:creator\" content=\"@aveniragri52\" \/>\n<meta name=\"twitter:site\" content=\"@aveniragri52\" \/>\n<meta name=\"twitter:label1\" content=\"\u00c9crit par\" \/>\n\t<meta name=\"twitter:data1\" content=\"Thibaut MORILLON\" \/>\n\t<meta name=\"twitter:label2\" content=\"Dur\u00e9e de lecture estim\u00e9e\" \/>\n\t<meta name=\"twitter:data2\" content=\"1 minute\" \/>\n<script type=\"application\/ld+json\" class=\"yoast-schema-graph\">{\"@context\":\"https:\\\/\\\/schema.org\",\"@graph\":[{\"@type\":\"Article\",\"@id\":\"https:\\\/\\\/avenir52.fr\\\/index.php\\\/2025\\\/11\\\/29\\\/les-prix-du-chene-en-zone-de-turbulences\\\/#article\",\"isPartOf\":{\"@id\":\"https:\\\/\\\/avenir52.fr\\\/index.php\\\/2025\\\/11\\\/29\\\/les-prix-du-chene-en-zone-de-turbulences\\\/\"},\"author\":{\"name\":\"Thibaut MORILLON\",\"@id\":\"https:\\\/\\\/avenir52.fr\\\/#\\\/schema\\\/person\\\/be62b40759582f9de2b8c967e7857fe2\"},\"headline\":\"Les prix du ch\u00eane en zone de turbulences\",\"datePublished\":\"2025-11-29T07:03:00+00:00\",\"dateModified\":\"2025-12-02T15:39:29+00:00\",\"mainEntityOfPage\":{\"@id\":\"https:\\\/\\\/avenir52.fr\\\/index.php\\\/2025\\\/11\\\/29\\\/les-prix-du-chene-en-zone-de-turbulences\\\/\"},\"wordCount\":612,\"publisher\":{\"@id\":\"https:\\\/\\\/avenir52.fr\\\/#organization\"},\"image\":{\"@id\":\"https:\\\/\\\/avenir52.fr\\\/index.php\\\/2025\\\/11\\\/29\\\/les-prix-du-chene-en-zone-de-turbulences\\\/#primaryimage\"},\"thumbnailUrl\":\"https:\\\/\\\/avenir52.fr\\\/wp-content\\\/uploads\\\/2025\\\/11\\\/Vente-de-bois.jpg\",\"articleSection\":[\"Cultures\"],\"inLanguage\":\"fr-FR\"},{\"@type\":\"WebPage\",\"@id\":\"https:\\\/\\\/avenir52.fr\\\/index.php\\\/2025\\\/11\\\/29\\\/les-prix-du-chene-en-zone-de-turbulences\\\/\",\"url\":\"https:\\\/\\\/avenir52.fr\\\/index.php\\\/2025\\\/11\\\/29\\\/les-prix-du-chene-en-zone-de-turbulences\\\/\",\"name\":\"Les prix du ch\u00eane en zone de turbulences - L&#039;Avenir Agricole et Rural de la Haute-Marne\",\"isPartOf\":{\"@id\":\"https:\\\/\\\/avenir52.fr\\\/#website\"},\"primaryImageOfPage\":{\"@id\":\"https:\\\/\\\/avenir52.fr\\\/index.php\\\/2025\\\/11\\\/29\\\/les-prix-du-chene-en-zone-de-turbulences\\\/#primaryimage\"},\"image\":{\"@id\":\"https:\\\/\\\/avenir52.fr\\\/index.php\\\/2025\\\/11\\\/29\\\/les-prix-du-chene-en-zone-de-turbulences\\\/#primaryimage\"},\"thumbnailUrl\":\"https:\\\/\\\/avenir52.fr\\\/wp-content\\\/uploads\\\/2025\\\/11\\\/Vente-de-bois.jpg\",\"datePublished\":\"2025-11-29T07:03:00+00:00\",\"dateModified\":\"2025-12-02T15:39:29+00:00\",\"breadcrumb\":{\"@id\":\"https:\\\/\\\/avenir52.fr\\\/index.php\\\/2025\\\/11\\\/29\\\/les-prix-du-chene-en-zone-de-turbulences\\\/#breadcrumb\"},\"inLanguage\":\"fr-FR\",\"potentialAction\":[{\"@type\":\"ReadAction\",\"target\":[\"https:\\\/\\\/avenir52.fr\\\/index.php\\\/2025\\\/11\\\/29\\\/les-prix-du-chene-en-zone-de-turbulences\\\/\"]}]},{\"@type\":\"ImageObject\",\"inLanguage\":\"fr-FR\",\"@id\":\"https:\\\/\\\/avenir52.fr\\\/index.php\\\/2025\\\/11\\\/29\\\/les-prix-du-chene-en-zone-de-turbulences\\\/#primaryimage\",\"url\":\"https:\\\/\\\/avenir52.fr\\\/wp-content\\\/uploads\\\/2025\\\/11\\\/Vente-de-bois.jpg\",\"contentUrl\":\"https:\\\/\\\/avenir52.fr\\\/wp-content\\\/uploads\\\/2025\\\/11\\\/Vente-de-bois.jpg\",\"width\":725,\"height\":544,\"caption\":\"Apr\u00e8s la r\u00e9ussite de la vente de printemps, le CPF 52 est satisfait de sa vente d\u2019automne.\"},{\"@type\":\"BreadcrumbList\",\"@id\":\"https:\\\/\\\/avenir52.fr\\\/index.php\\\/2025\\\/11\\\/29\\\/les-prix-du-chene-en-zone-de-turbulences\\\/#breadcrumb\",\"itemListElement\":[{\"@type\":\"ListItem\",\"position\":1,\"name\":\"Accueil\",\"item\":\"https:\\\/\\\/avenir52.fr\\\/\"},{\"@type\":\"ListItem\",\"position\":2,\"name\":\"Les prix du ch\u00eane en zone de turbulences\"}]},{\"@type\":\"WebSite\",\"@id\":\"https:\\\/\\\/avenir52.fr\\\/#website\",\"url\":\"https:\\\/\\\/avenir52.fr\\\/\",\"name\":\"L'Avenir Agricole et Rural de la Haute-Marne\",\"description\":\"L&#039;Avenir Agricole et Rural de la Haute-Marne\",\"publisher\":{\"@id\":\"https:\\\/\\\/avenir52.fr\\\/#organization\"},\"potentialAction\":[{\"@type\":\"SearchAction\",\"target\":{\"@type\":\"EntryPoint\",\"urlTemplate\":\"https:\\\/\\\/avenir52.fr\\\/?s={search_term_string}\"},\"query-input\":{\"@type\":\"PropertyValueSpecification\",\"valueRequired\":true,\"valueName\":\"search_term_string\"}}],\"inLanguage\":\"fr-FR\"},{\"@type\":\"Organization\",\"@id\":\"https:\\\/\\\/avenir52.fr\\\/#organization\",\"name\":\"L'Avenir Agricole et Rural de la Haute-Marne\",\"url\":\"https:\\\/\\\/avenir52.fr\\\/\",\"logo\":{\"@type\":\"ImageObject\",\"inLanguage\":\"fr-FR\",\"@id\":\"https:\\\/\\\/avenir52.fr\\\/#\\\/schema\\\/logo\\\/image\\\/\",\"url\":\"https:\\\/\\\/avenir52.fr\\\/wp-content\\\/uploads\\\/2024\\\/05\\\/cropped-Aveniragricoleetrural-logo.jpg\",\"contentUrl\":\"https:\\\/\\\/avenir52.fr\\\/wp-content\\\/uploads\\\/2024\\\/05\\\/cropped-Aveniragricoleetrural-logo.jpg\",\"width\":360,\"height\":123,\"caption\":\"L'Avenir Agricole et Rural de la Haute-Marne\"},\"image\":{\"@id\":\"https:\\\/\\\/avenir52.fr\\\/#\\\/schema\\\/logo\\\/image\\\/\"},\"sameAs\":[\"https:\\\/\\\/www.facebook.com\\\/AvenirAgricole52\\\/\",\"https:\\\/\\\/x.com\\\/aveniragri52\",\"https:\\\/\\\/www.linkedin.com\\\/company\\\/90947425\\\/\"]},{\"@type\":\"Person\",\"@id\":\"https:\\\/\\\/avenir52.fr\\\/#\\\/schema\\\/person\\\/be62b40759582f9de2b8c967e7857fe2\",\"name\":\"Thibaut MORILLON\",\"image\":{\"@type\":\"ImageObject\",\"inLanguage\":\"fr-FR\",\"@id\":\"https:\\\/\\\/secure.gravatar.com\\\/avatar\\\/b0c6acd24c9ce743bdca1cb33acf27fe8668825af01d4e1af0bc757af5602fa4?s=96&d=mm&r=g\",\"url\":\"https:\\\/\\\/secure.gravatar.com\\\/avatar\\\/b0c6acd24c9ce743bdca1cb33acf27fe8668825af01d4e1af0bc757af5602fa4?s=96&d=mm&r=g\",\"contentUrl\":\"https:\\\/\\\/secure.gravatar.com\\\/avatar\\\/b0c6acd24c9ce743bdca1cb33acf27fe8668825af01d4e1af0bc757af5602fa4?s=96&d=mm&r=g\",\"caption\":\"Thibaut MORILLON\"},\"url\":\"https:\\\/\\\/avenir52.fr\\\/index.php\\\/author\\\/tmorillon\\\/\"}]}<\/script>\n<!-- \/ Yoast SEO plugin. -->","yoast_head_json":{"title":"Les prix du ch\u00eane en zone de turbulences - L&#039;Avenir Agricole et Rural de la Haute-Marne","robots":{"index":"index","follow":"follow","max-snippet":"max-snippet:-1","max-image-preview":"max-image-preview:large","max-video-preview":"max-video-preview:-1"},"canonical":"https:\/\/avenir52.fr\/index.php\/2025\/11\/29\/les-prix-du-chene-en-zone-de-turbulences\/","og_locale":"fr_FR","og_type":"article","og_title":"Les prix du ch\u00eane en zone de turbulences - L&#039;Avenir Agricole et Rural de la Haute-Marne","og_description":"Les Coop\u00e9rateurs Producteurs Forestiers de Haute-Marne sont satisfaits de leur vente d\u2019automne. Les prix du fr\u00eane, du h\u00eatre et des r\u00e9sineux sont en hausse. En [...]","og_url":"https:\/\/avenir52.fr\/index.php\/2025\/11\/29\/les-prix-du-chene-en-zone-de-turbulences\/","og_site_name":"L&#039;Avenir Agricole et Rural de la Haute-Marne","article_publisher":"https:\/\/www.facebook.com\/AvenirAgricole52\/","article_published_time":"2025-11-29T07:03:00+00:00","article_modified_time":"2025-12-02T15:39:29+00:00","og_image":[{"width":725,"height":544,"url":"https:\/\/avenir52.fr\/wp-content\/uploads\/2025\/11\/Vente-de-bois.jpg","type":"image\/jpeg"}],"author":"Thibaut MORILLON","twitter_card":"summary_large_image","twitter_creator":"@aveniragri52","twitter_site":"@aveniragri52","twitter_misc":{"\u00c9crit par":"Thibaut MORILLON","Dur\u00e9e de lecture estim\u00e9e":"1 minute"},"schema":{"@context":"https:\/\/schema.org","@graph":[{"@type":"Article","@id":"https:\/\/avenir52.fr\/index.php\/2025\/11\/29\/les-prix-du-chene-en-zone-de-turbulences\/#article","isPartOf":{"@id":"https:\/\/avenir52.fr\/index.php\/2025\/11\/29\/les-prix-du-chene-en-zone-de-turbulences\/"},"author":{"name":"Thibaut MORILLON","@id":"https:\/\/avenir52.fr\/#\/schema\/person\/be62b40759582f9de2b8c967e7857fe2"},"headline":"Les prix du ch\u00eane en zone de turbulences","datePublished":"2025-11-29T07:03:00+00:00","dateModified":"2025-12-02T15:39:29+00:00","mainEntityOfPage":{"@id":"https:\/\/avenir52.fr\/index.php\/2025\/11\/29\/les-prix-du-chene-en-zone-de-turbulences\/"},"wordCount":612,"publisher":{"@id":"https:\/\/avenir52.fr\/#organization"},"image":{"@id":"https:\/\/avenir52.fr\/index.php\/2025\/11\/29\/les-prix-du-chene-en-zone-de-turbulences\/#primaryimage"},"thumbnailUrl":"https:\/\/avenir52.fr\/wp-content\/uploads\/2025\/11\/Vente-de-bois.jpg","articleSection":["Cultures"],"inLanguage":"fr-FR"},{"@type":"WebPage","@id":"https:\/\/avenir52.fr\/index.php\/2025\/11\/29\/les-prix-du-chene-en-zone-de-turbulences\/","url":"https:\/\/avenir52.fr\/index.php\/2025\/11\/29\/les-prix-du-chene-en-zone-de-turbulences\/","name":"Les prix du ch\u00eane en zone de turbulences - L&#039;Avenir Agricole et Rural de la Haute-Marne","isPartOf":{"@id":"https:\/\/avenir52.fr\/#website"},"primaryImageOfPage":{"@id":"https:\/\/avenir52.fr\/index.php\/2025\/11\/29\/les-prix-du-chene-en-zone-de-turbulences\/#primaryimage"},"image":{"@id":"https:\/\/avenir52.fr\/index.php\/2025\/11\/29\/les-prix-du-chene-en-zone-de-turbulences\/#primaryimage"},"thumbnailUrl":"https:\/\/avenir52.fr\/wp-content\/uploads\/2025\/11\/Vente-de-bois.jpg","datePublished":"2025-11-29T07:03:00+00:00","dateModified":"2025-12-02T15:39:29+00:00","breadcrumb":{"@id":"https:\/\/avenir52.fr\/index.php\/2025\/11\/29\/les-prix-du-chene-en-zone-de-turbulences\/#breadcrumb"},"inLanguage":"fr-FR","potentialAction":[{"@type":"ReadAction","target":["https:\/\/avenir52.fr\/index.php\/2025\/11\/29\/les-prix-du-chene-en-zone-de-turbulences\/"]}]},{"@type":"ImageObject","inLanguage":"fr-FR","@id":"https:\/\/avenir52.fr\/index.php\/2025\/11\/29\/les-prix-du-chene-en-zone-de-turbulences\/#primaryimage","url":"https:\/\/avenir52.fr\/wp-content\/uploads\/2025\/11\/Vente-de-bois.jpg","contentUrl":"https:\/\/avenir52.fr\/wp-content\/uploads\/2025\/11\/Vente-de-bois.jpg","width":725,"height":544,"caption":"Apr\u00e8s la r\u00e9ussite de la vente de printemps, le CPF 52 est satisfait de sa vente d\u2019automne."},{"@type":"BreadcrumbList","@id":"https:\/\/avenir52.fr\/index.php\/2025\/11\/29\/les-prix-du-chene-en-zone-de-turbulences\/#breadcrumb","itemListElement":[{"@type":"ListItem","position":1,"name":"Accueil","item":"https:\/\/avenir52.fr\/"},{"@type":"ListItem","position":2,"name":"Les prix du ch\u00eane en zone de turbulences"}]},{"@type":"WebSite","@id":"https:\/\/avenir52.fr\/#website","url":"https:\/\/avenir52.fr\/","name":"L'Avenir Agricole et Rural de la Haute-Marne","description":"L&#039;Avenir Agricole et Rural de la Haute-Marne","publisher":{"@id":"https:\/\/avenir52.fr\/#organization"},"potentialAction":[{"@type":"SearchAction","target":{"@type":"EntryPoint","urlTemplate":"https:\/\/avenir52.fr\/?s={search_term_string}"},"query-input":{"@type":"PropertyValueSpecification","valueRequired":true,"valueName":"search_term_string"}}],"inLanguage":"fr-FR"},{"@type":"Organization","@id":"https:\/\/avenir52.fr\/#organization","name":"L'Avenir Agricole et Rural de la Haute-Marne","url":"https:\/\/avenir52.fr\/","logo":{"@type":"ImageObject","inLanguage":"fr-FR","@id":"https:\/\/avenir52.fr\/#\/schema\/logo\/image\/","url":"https:\/\/avenir52.fr\/wp-content\/uploads\/2024\/05\/cropped-Aveniragricoleetrural-logo.jpg","contentUrl":"https:\/\/avenir52.fr\/wp-content\/uploads\/2024\/05\/cropped-Aveniragricoleetrural-logo.jpg","width":360,"height":123,"caption":"L'Avenir Agricole et Rural de la Haute-Marne"},"image":{"@id":"https:\/\/avenir52.fr\/#\/schema\/logo\/image\/"},"sameAs":["https:\/\/www.facebook.com\/AvenirAgricole52\/","https:\/\/x.com\/aveniragri52","https:\/\/www.linkedin.com\/company\/90947425\/"]},{"@type":"Person","@id":"https:\/\/avenir52.fr\/#\/schema\/person\/be62b40759582f9de2b8c967e7857fe2","name":"Thibaut MORILLON","image":{"@type":"ImageObject","inLanguage":"fr-FR","@id":"https:\/\/secure.gravatar.com\/avatar\/b0c6acd24c9ce743bdca1cb33acf27fe8668825af01d4e1af0bc757af5602fa4?s=96&d=mm&r=g","url":"https:\/\/secure.gravatar.com\/avatar\/b0c6acd24c9ce743bdca1cb33acf27fe8668825af01d4e1af0bc757af5602fa4?s=96&d=mm&r=g","contentUrl":"https:\/\/secure.gravatar.com\/avatar\/b0c6acd24c9ce743bdca1cb33acf27fe8668825af01d4e1af0bc757af5602fa4?s=96&d=mm&r=g","caption":"Thibaut MORILLON"},"url":"https:\/\/avenir52.fr\/index.php\/author\/tmorillon\/"}]}},"jetpack_publicize_connections":[],"_links":{"self":[{"href":"https:\/\/avenir52.fr\/index.php\/wp-json\/wp\/v2\/posts\/1072","targetHints":{"allow":["GET"]}}],"collection":[{"href":"https:\/\/avenir52.fr\/index.php\/wp-json\/wp\/v2\/posts"}],"about":[{"href":"https:\/\/avenir52.fr\/index.php\/wp-json\/wp\/v2\/types\/post"}],"author":[{"embeddable":true,"href":"https:\/\/avenir52.fr\/index.php\/wp-json\/wp\/v2\/users\/3"}],"replies":[{"embeddable":true,"href":"https:\/\/avenir52.fr\/index.php\/wp-json\/wp\/v2\/comments?post=1072"}],"version-history":[{"count":2,"href":"https:\/\/avenir52.fr\/index.php\/wp-json\/wp\/v2\/posts\/1072\/revisions"}],"predecessor-version":[{"id":1078,"href":"https:\/\/avenir52.fr\/index.php\/wp-json\/wp\/v2\/posts\/1072\/revisions\/1078"}],"wp:featuredmedia":[{"embeddable":true,"href":"https:\/\/avenir52.fr\/index.php\/wp-json\/wp\/v2\/media\/1073"}],"wp:attachment":[{"href":"https:\/\/avenir52.fr\/index.php\/wp-json\/wp\/v2\/media?parent=1072"}],"wp:term":[{"taxonomy":"category","embeddable":true,"href":"https:\/\/avenir52.fr\/index.php\/wp-json\/wp\/v2\/categories?post=1072"},{"taxonomy":"post_tag","embeddable":true,"href":"https:\/\/avenir52.fr\/index.php\/wp-json\/wp\/v2\/tags?post=1072"}],"curies":[{"name":"wp","href":"https:\/\/api.w.org\/{rel}","templated":true}]}}