{"id":1087,"date":"2025-12-06T07:30:00","date_gmt":"2025-12-06T06:30:00","guid":{"rendered":"https:\/\/avenir52.fr\/?p=1087"},"modified":"2025-12-02T17:30:05","modified_gmt":"2025-12-02T16:30:05","slug":"pour-les-fetes-de-fin-dannee-pensez-aux-produits-locaux","status":"publish","type":"post","link":"https:\/\/avenir52.fr\/index.php\/2025\/12\/06\/pour-les-fetes-de-fin-dannee-pensez-aux-produits-locaux\/","title":{"rendered":"Pour les f\u00eates de fin d\u2019ann\u00e9e, pensez aux produits locaux"},"content":{"rendered":"\n<p>No\u00ebl approche, c\u2019est l\u2019occasion d\u2019offrir des produits locaux. Des magasins de producteurs vous accueillent sur tout le d\u00e9partement et proposent de nombreuses r\u00e9f\u00e9rences. Ils se feront un plaisir de vous conseiller et de vous confectionner de jolis colis.<\/p>\n\n\n\n<p><strong>La boutique \u00e9ph\u00e9m\u00e8re de l&rsquo;ADMA<\/strong><\/p>\n\n\n\n<figure class=\"wp-block-image size-large\"><img loading=\"lazy\" decoding=\"async\" width=\"1024\" height=\"768\" src=\"https:\/\/avenir52.fr\/wp-content\/uploads\/2025\/12\/Boutique-ADMA-1-1024x768.jpg\" alt=\"\" class=\"wp-image-1092\" srcset=\"https:\/\/avenir52.fr\/wp-content\/uploads\/2025\/12\/Boutique-ADMA-1-1024x768.jpg 1024w, https:\/\/avenir52.fr\/wp-content\/uploads\/2025\/12\/Boutique-ADMA-1-300x225.jpg 300w, https:\/\/avenir52.fr\/wp-content\/uploads\/2025\/12\/Boutique-ADMA-1-768x576.jpg 768w, https:\/\/avenir52.fr\/wp-content\/uploads\/2025\/12\/Boutique-ADMA-1-1536x1152.jpg 1536w, https:\/\/avenir52.fr\/wp-content\/uploads\/2025\/12\/Boutique-ADMA-1-2048x1536.jpg 2048w, https:\/\/avenir52.fr\/wp-content\/uploads\/2025\/12\/Boutique-ADMA-1-1800x1350.jpg 1800w\" sizes=\"auto, (max-width: 1024px) 100vw, 1024px\" \/><figcaption class=\"wp-element-caption\">Ouverte jusqu\u2019au 10 janvier, la boutique \u00e9ph\u00e9m\u00e8re de l\u2019ADMA rue Laloy \u00e0 Chaumont regroupe 23 producteurs pour environ 800 r\u00e9f\u00e9rences. De quoi trouver ce qu\u2019il vous faut.<\/figcaption><\/figure>\n\n\n\n<p><strong>Esprit Paysan<\/strong><\/p>\n\n\n\n<figure class=\"wp-block-image size-large\"><img loading=\"lazy\" decoding=\"async\" width=\"1024\" height=\"768\" src=\"https:\/\/avenir52.fr\/wp-content\/uploads\/2025\/12\/Esprit-paysan-1024x768.jpg\" alt=\"\" class=\"wp-image-1088\" srcset=\"https:\/\/avenir52.fr\/wp-content\/uploads\/2025\/12\/Esprit-paysan-1024x768.jpg 1024w, https:\/\/avenir52.fr\/wp-content\/uploads\/2025\/12\/Esprit-paysan-300x225.jpg 300w, https:\/\/avenir52.fr\/wp-content\/uploads\/2025\/12\/Esprit-paysan-768x576.jpg 768w, https:\/\/avenir52.fr\/wp-content\/uploads\/2025\/12\/Esprit-paysan-1536x1152.jpg 1536w, https:\/\/avenir52.fr\/wp-content\/uploads\/2025\/12\/Esprit-paysan-2048x1536.jpg 2048w, https:\/\/avenir52.fr\/wp-content\/uploads\/2025\/12\/Esprit-paysan-1800x1350.jpg 1800w\" sizes=\"auto, (max-width: 1024px) 100vw, 1024px\" \/><figcaption class=\"wp-element-caption\">En plus de ses nombreux plateaux dinatoires, le magasin de producteurs Esprit Paysan \u00e0 Chaumont propose une tr\u00e8s grande s\u00e9lection de produits traiteur pour les f\u00eates de fin d\u2019ann\u00e9e.<\/figcaption><\/figure>\n\n\n\n<p><strong>Au panier Champenois<\/strong><\/p>\n\n\n\n<figure class=\"wp-block-image size-large\"><img loading=\"lazy\" decoding=\"async\" width=\"1024\" height=\"768\" src=\"https:\/\/avenir52.fr\/wp-content\/uploads\/2025\/12\/Panier-Champenois-1024x768.jpg\" alt=\"\" class=\"wp-image-1089\" srcset=\"https:\/\/avenir52.fr\/wp-content\/uploads\/2025\/12\/Panier-Champenois-1024x768.jpg 1024w, https:\/\/avenir52.fr\/wp-content\/uploads\/2025\/12\/Panier-Champenois-300x225.jpg 300w, https:\/\/avenir52.fr\/wp-content\/uploads\/2025\/12\/Panier-Champenois-768x576.jpg 768w, https:\/\/avenir52.fr\/wp-content\/uploads\/2025\/12\/Panier-Champenois-1536x1152.jpg 1536w, https:\/\/avenir52.fr\/wp-content\/uploads\/2025\/12\/Panier-Champenois-2048x1536.jpg 2048w, https:\/\/avenir52.fr\/wp-content\/uploads\/2025\/12\/Panier-Champenois-1800x1350.jpg 1800w\" sizes=\"auto, (max-width: 1024px) 100vw, 1024px\" \/><figcaption class=\"wp-element-caption\">Au Panier Champenois \u00e0 Saint-Dizier propose une tr\u00e8s large gamme de produits. Des produits locaux sp\u00e9cialement pour les f\u00eates sont disponibles sur commande.<\/figcaption><\/figure>\n\n\n\n<p><strong>Multi&rsquo;ferm<\/strong><\/p>\n\n\n\n<figure class=\"wp-block-image size-large\"><img loading=\"lazy\" decoding=\"async\" width=\"1024\" height=\"768\" src=\"https:\/\/avenir52.fr\/wp-content\/uploads\/2025\/12\/MultiFerm-1024x768.jpg\" alt=\"\" class=\"wp-image-1090\" srcset=\"https:\/\/avenir52.fr\/wp-content\/uploads\/2025\/12\/MultiFerm-1024x768.jpg 1024w, https:\/\/avenir52.fr\/wp-content\/uploads\/2025\/12\/MultiFerm-300x225.jpg 300w, https:\/\/avenir52.fr\/wp-content\/uploads\/2025\/12\/MultiFerm-768x576.jpg 768w, https:\/\/avenir52.fr\/wp-content\/uploads\/2025\/12\/MultiFerm-1536x1152.jpg 1536w, https:\/\/avenir52.fr\/wp-content\/uploads\/2025\/12\/MultiFerm-2048x1536.jpg 2048w, https:\/\/avenir52.fr\/wp-content\/uploads\/2025\/12\/MultiFerm-1800x1350.jpg 1800w\" sizes=\"auto, (max-width: 1024px) 100vw, 1024px\" \/><figcaption class=\"wp-element-caption\">Multi\u2019ferm \u00e0 Val d\u2019Esnoms est le plus ancien magasin de producteurs du d\u00e9partement, il f\u00eatera ses 20 ans l\u2019ann\u00e9e prochaine. Une valeur s\u00fbre.<\/figcaption><\/figure>\n\n\n\n<div class=\"wp-block-group has-pale-ocean-gradient-background has-background is-layout-constrained wp-block-group-is-layout-constrained\">\n<p>D\u2019autres offres de producteurs<\/p>\n\n\n\n<p>Des offres collectives de producteurs sont \u00e9galement \u00e0 retrouver \u00e0 la boutique Made in Pays de Langres \u00e0 Langres, au domaine Diderot \u00e0 Saints-Geosmes et \u00e0 la ferme Bel\u2019Air \u00e0 Occey. Sans oublier l\u2019association de producteurs Richesses du Terroir toujours pr\u00e9sente au march\u00e9 de Chaumont et qui organise son festival gastronomique samedi 13 et dimanche 14 d\u00e9cembre au lyc\u00e9e agricole de Choignes.<\/p>\n<\/div>\n\n\n\n<p><strong>Mais aussi le calendrier 2026 des JA<\/strong><\/p>\n\n\n\n<figure class=\"wp-block-image size-full\"><img loading=\"lazy\" decoding=\"async\" width=\"858\" height=\"612\" src=\"https:\/\/avenir52.fr\/wp-content\/uploads\/2025\/12\/Calendrier-JA.png\" alt=\"\" class=\"wp-image-1093\" srcset=\"https:\/\/avenir52.fr\/wp-content\/uploads\/2025\/12\/Calendrier-JA.png 858w, https:\/\/avenir52.fr\/wp-content\/uploads\/2025\/12\/Calendrier-JA-300x214.png 300w, https:\/\/avenir52.fr\/wp-content\/uploads\/2025\/12\/Calendrier-JA-768x548.png 768w\" sizes=\"auto, (max-width: 858px) 100vw, 858px\" \/><\/figure>\n\n\n\n<p>Id\u00e9e de cadeau original\u00a0: le calendrier 2026 \u00ab\u00a0D\u00e9esse et Dieux des Champs\u00a0\u00bb des Jeunes Agriculteurs est disponible \u00e0 prix libre. Pour vous le procurer il suffit d\u2019envoyer un mail \u00e0 contact@ja52.fr ou de t\u00e9l\u00e9phoner au 03 25 35 03 82. Il est aussi possible de le commander sur le site internet\u00a0<a href=\"https:\/\/www.helloasso.com\/associations\/jeunes-agriculteurs-haute-marne\/boutiques\/boutique-ja52\">en cliquant ici,<\/a> vous retrouverez \u00e9galement des livres et des tee-shirts.<\/p>\n","protected":false},"excerpt":{"rendered":"<p>No\u00ebl approche, c\u2019est l\u2019occasion d\u2019offrir des produits locaux. Des magasins de producteurs vous accueillent sur tout le d\u00e9partement et proposent de nombreuses r\u00e9f\u00e9rences. Ils se [&#8230;]<\/p>\n","protected":false},"author":3,"featured_media":1092,"comment_status":"closed","ping_status":"closed","sticky":false,"template":"","format":"standard","meta":{"_monsterinsights_skip_tracking":false,"_monsterinsights_sitenote_active":false,"_monsterinsights_sitenote_note":"","_monsterinsights_sitenote_category":0,"footnotes":"","jetpack_publicize_message":"","jetpack_publicize_feature_enabled":true,"jetpack_social_post_already_shared":true,"jetpack_social_options":{"image_generator_settings":{"template":"highway","default_image_id":0,"font":"","enabled":false},"version":2}},"categories":[3],"tags":[],"class_list":["post-1087","post","type-post","status-publish","format-standard","has-post-thumbnail","hentry","category-vie-professionnelle"],"yoast_head":"<!-- This site is optimized with the Yoast SEO plugin v27.4 - https:\/\/yoast.com\/product\/yoast-seo-wordpress\/ -->\n<title>Pour les f\u00eates de fin d\u2019ann\u00e9e, pensez aux produits locaux - L&#039;Avenir Agricole et Rural de la Haute-Marne<\/title>\n<meta name=\"robots\" content=\"index, follow, max-snippet:-1, max-image-preview:large, max-video-preview:-1\" \/>\n<link rel=\"canonical\" href=\"https:\/\/avenir52.fr\/index.php\/2025\/12\/06\/pour-les-fetes-de-fin-dannee-pensez-aux-produits-locaux\/\" \/>\n<meta property=\"og:locale\" content=\"fr_FR\" \/>\n<meta property=\"og:type\" content=\"article\" \/>\n<meta property=\"og:title\" content=\"Pour les f\u00eates de fin d\u2019ann\u00e9e, pensez aux produits locaux - L&#039;Avenir Agricole et Rural de la Haute-Marne\" \/>\n<meta property=\"og:description\" content=\"No\u00ebl approche, c\u2019est l\u2019occasion d\u2019offrir des produits locaux. Des magasins de producteurs vous accueillent sur tout le d\u00e9partement et proposent de nombreuses r\u00e9f\u00e9rences. Ils se [...]\" \/>\n<meta property=\"og:url\" content=\"https:\/\/avenir52.fr\/index.php\/2025\/12\/06\/pour-les-fetes-de-fin-dannee-pensez-aux-produits-locaux\/\" \/>\n<meta property=\"og:site_name\" content=\"L&#039;Avenir Agricole et Rural de la Haute-Marne\" \/>\n<meta property=\"article:publisher\" content=\"https:\/\/www.facebook.com\/AvenirAgricole52\/\" \/>\n<meta property=\"article:published_time\" content=\"2025-12-06T06:30:00+00:00\" \/>\n<meta property=\"og:image\" content=\"https:\/\/avenir52.fr\/wp-content\/uploads\/2025\/12\/Boutique-ADMA-1-scaled.jpg\" \/>\n\t<meta property=\"og:image:width\" content=\"2560\" \/>\n\t<meta property=\"og:image:height\" content=\"1920\" \/>\n\t<meta property=\"og:image:type\" content=\"image\/jpeg\" \/>\n<meta name=\"author\" content=\"Thibaut MORILLON\" \/>\n<meta name=\"twitter:card\" content=\"summary_large_image\" \/>\n<meta name=\"twitter:creator\" content=\"@aveniragri52\" \/>\n<meta name=\"twitter:site\" content=\"@aveniragri52\" \/>\n<meta name=\"twitter:label1\" content=\"\u00c9crit par\" \/>\n\t<meta name=\"twitter:data1\" content=\"Thibaut MORILLON\" \/>\n\t<meta name=\"twitter:label2\" content=\"Dur\u00e9e de lecture estim\u00e9e\" \/>\n\t<meta name=\"twitter:data2\" content=\"3 minutes\" \/>\n<script type=\"application\/ld+json\" class=\"yoast-schema-graph\">{\"@context\":\"https:\\\/\\\/schema.org\",\"@graph\":[{\"@type\":\"Article\",\"@id\":\"https:\\\/\\\/avenir52.fr\\\/index.php\\\/2025\\\/12\\\/06\\\/pour-les-fetes-de-fin-dannee-pensez-aux-produits-locaux\\\/#article\",\"isPartOf\":{\"@id\":\"https:\\\/\\\/avenir52.fr\\\/index.php\\\/2025\\\/12\\\/06\\\/pour-les-fetes-de-fin-dannee-pensez-aux-produits-locaux\\\/\"},\"author\":{\"name\":\"Thibaut MORILLON\",\"@id\":\"https:\\\/\\\/avenir52.fr\\\/#\\\/schema\\\/person\\\/be62b40759582f9de2b8c967e7857fe2\"},\"headline\":\"Pour les f\u00eates de fin d\u2019ann\u00e9e, pensez aux produits locaux\",\"datePublished\":\"2025-12-06T06:30:00+00:00\",\"mainEntityOfPage\":{\"@id\":\"https:\\\/\\\/avenir52.fr\\\/index.php\\\/2025\\\/12\\\/06\\\/pour-les-fetes-de-fin-dannee-pensez-aux-produits-locaux\\\/\"},\"wordCount\":318,\"publisher\":{\"@id\":\"https:\\\/\\\/avenir52.fr\\\/#organization\"},\"image\":{\"@id\":\"https:\\\/\\\/avenir52.fr\\\/index.php\\\/2025\\\/12\\\/06\\\/pour-les-fetes-de-fin-dannee-pensez-aux-produits-locaux\\\/#primaryimage\"},\"thumbnailUrl\":\"https:\\\/\\\/avenir52.fr\\\/wp-content\\\/uploads\\\/2025\\\/12\\\/Boutique-ADMA-1-scaled.jpg\",\"articleSection\":[\"Vie professionnelle\"],\"inLanguage\":\"fr-FR\"},{\"@type\":\"WebPage\",\"@id\":\"https:\\\/\\\/avenir52.fr\\\/index.php\\\/2025\\\/12\\\/06\\\/pour-les-fetes-de-fin-dannee-pensez-aux-produits-locaux\\\/\",\"url\":\"https:\\\/\\\/avenir52.fr\\\/index.php\\\/2025\\\/12\\\/06\\\/pour-les-fetes-de-fin-dannee-pensez-aux-produits-locaux\\\/\",\"name\":\"Pour les f\u00eates de fin d\u2019ann\u00e9e, pensez aux produits locaux - L&#039;Avenir Agricole et Rural de la Haute-Marne\",\"isPartOf\":{\"@id\":\"https:\\\/\\\/avenir52.fr\\\/#website\"},\"primaryImageOfPage\":{\"@id\":\"https:\\\/\\\/avenir52.fr\\\/index.php\\\/2025\\\/12\\\/06\\\/pour-les-fetes-de-fin-dannee-pensez-aux-produits-locaux\\\/#primaryimage\"},\"image\":{\"@id\":\"https:\\\/\\\/avenir52.fr\\\/index.php\\\/2025\\\/12\\\/06\\\/pour-les-fetes-de-fin-dannee-pensez-aux-produits-locaux\\\/#primaryimage\"},\"thumbnailUrl\":\"https:\\\/\\\/avenir52.fr\\\/wp-content\\\/uploads\\\/2025\\\/12\\\/Boutique-ADMA-1-scaled.jpg\",\"datePublished\":\"2025-12-06T06:30:00+00:00\",\"breadcrumb\":{\"@id\":\"https:\\\/\\\/avenir52.fr\\\/index.php\\\/2025\\\/12\\\/06\\\/pour-les-fetes-de-fin-dannee-pensez-aux-produits-locaux\\\/#breadcrumb\"},\"inLanguage\":\"fr-FR\",\"potentialAction\":[{\"@type\":\"ReadAction\",\"target\":[\"https:\\\/\\\/avenir52.fr\\\/index.php\\\/2025\\\/12\\\/06\\\/pour-les-fetes-de-fin-dannee-pensez-aux-produits-locaux\\\/\"]}]},{\"@type\":\"ImageObject\",\"inLanguage\":\"fr-FR\",\"@id\":\"https:\\\/\\\/avenir52.fr\\\/index.php\\\/2025\\\/12\\\/06\\\/pour-les-fetes-de-fin-dannee-pensez-aux-produits-locaux\\\/#primaryimage\",\"url\":\"https:\\\/\\\/avenir52.fr\\\/wp-content\\\/uploads\\\/2025\\\/12\\\/Boutique-ADMA-1-scaled.jpg\",\"contentUrl\":\"https:\\\/\\\/avenir52.fr\\\/wp-content\\\/uploads\\\/2025\\\/12\\\/Boutique-ADMA-1-scaled.jpg\",\"width\":2560,\"height\":1920,\"caption\":\"Les magasins de producteurs vous attendent.\"},{\"@type\":\"BreadcrumbList\",\"@id\":\"https:\\\/\\\/avenir52.fr\\\/index.php\\\/2025\\\/12\\\/06\\\/pour-les-fetes-de-fin-dannee-pensez-aux-produits-locaux\\\/#breadcrumb\",\"itemListElement\":[{\"@type\":\"ListItem\",\"position\":1,\"name\":\"Accueil\",\"item\":\"https:\\\/\\\/avenir52.fr\\\/\"},{\"@type\":\"ListItem\",\"position\":2,\"name\":\"Pour les f\u00eates de fin d\u2019ann\u00e9e, pensez aux produits locaux\"}]},{\"@type\":\"WebSite\",\"@id\":\"https:\\\/\\\/avenir52.fr\\\/#website\",\"url\":\"https:\\\/\\\/avenir52.fr\\\/\",\"name\":\"L'Avenir Agricole et Rural de la Haute-Marne\",\"description\":\"L&#039;Avenir Agricole et Rural de la Haute-Marne\",\"publisher\":{\"@id\":\"https:\\\/\\\/avenir52.fr\\\/#organization\"},\"potentialAction\":[{\"@type\":\"SearchAction\",\"target\":{\"@type\":\"EntryPoint\",\"urlTemplate\":\"https:\\\/\\\/avenir52.fr\\\/?s={search_term_string}\"},\"query-input\":{\"@type\":\"PropertyValueSpecification\",\"valueRequired\":true,\"valueName\":\"search_term_string\"}}],\"inLanguage\":\"fr-FR\"},{\"@type\":\"Organization\",\"@id\":\"https:\\\/\\\/avenir52.fr\\\/#organization\",\"name\":\"L'Avenir Agricole et Rural de la Haute-Marne\",\"url\":\"https:\\\/\\\/avenir52.fr\\\/\",\"logo\":{\"@type\":\"ImageObject\",\"inLanguage\":\"fr-FR\",\"@id\":\"https:\\\/\\\/avenir52.fr\\\/#\\\/schema\\\/logo\\\/image\\\/\",\"url\":\"https:\\\/\\\/avenir52.fr\\\/wp-content\\\/uploads\\\/2024\\\/05\\\/cropped-Aveniragricoleetrural-logo.jpg\",\"contentUrl\":\"https:\\\/\\\/avenir52.fr\\\/wp-content\\\/uploads\\\/2024\\\/05\\\/cropped-Aveniragricoleetrural-logo.jpg\",\"width\":360,\"height\":123,\"caption\":\"L'Avenir Agricole et Rural de la Haute-Marne\"},\"image\":{\"@id\":\"https:\\\/\\\/avenir52.fr\\\/#\\\/schema\\\/logo\\\/image\\\/\"},\"sameAs\":[\"https:\\\/\\\/www.facebook.com\\\/AvenirAgricole52\\\/\",\"https:\\\/\\\/x.com\\\/aveniragri52\",\"https:\\\/\\\/www.linkedin.com\\\/company\\\/90947425\\\/\"]},{\"@type\":\"Person\",\"@id\":\"https:\\\/\\\/avenir52.fr\\\/#\\\/schema\\\/person\\\/be62b40759582f9de2b8c967e7857fe2\",\"name\":\"Thibaut MORILLON\",\"image\":{\"@type\":\"ImageObject\",\"inLanguage\":\"fr-FR\",\"@id\":\"https:\\\/\\\/secure.gravatar.com\\\/avatar\\\/b0c6acd24c9ce743bdca1cb33acf27fe8668825af01d4e1af0bc757af5602fa4?s=96&d=mm&r=g\",\"url\":\"https:\\\/\\\/secure.gravatar.com\\\/avatar\\\/b0c6acd24c9ce743bdca1cb33acf27fe8668825af01d4e1af0bc757af5602fa4?s=96&d=mm&r=g\",\"contentUrl\":\"https:\\\/\\\/secure.gravatar.com\\\/avatar\\\/b0c6acd24c9ce743bdca1cb33acf27fe8668825af01d4e1af0bc757af5602fa4?s=96&d=mm&r=g\",\"caption\":\"Thibaut MORILLON\"},\"url\":\"https:\\\/\\\/avenir52.fr\\\/index.php\\\/author\\\/tmorillon\\\/\"}]}<\/script>\n<!-- \/ Yoast SEO plugin. -->","yoast_head_json":{"title":"Pour les f\u00eates de fin d\u2019ann\u00e9e, pensez aux produits locaux - L&#039;Avenir Agricole et Rural de la Haute-Marne","robots":{"index":"index","follow":"follow","max-snippet":"max-snippet:-1","max-image-preview":"max-image-preview:large","max-video-preview":"max-video-preview:-1"},"canonical":"https:\/\/avenir52.fr\/index.php\/2025\/12\/06\/pour-les-fetes-de-fin-dannee-pensez-aux-produits-locaux\/","og_locale":"fr_FR","og_type":"article","og_title":"Pour les f\u00eates de fin d\u2019ann\u00e9e, pensez aux produits locaux - L&#039;Avenir Agricole et Rural de la Haute-Marne","og_description":"No\u00ebl approche, c\u2019est l\u2019occasion d\u2019offrir des produits locaux. Des magasins de producteurs vous accueillent sur tout le d\u00e9partement et proposent de nombreuses r\u00e9f\u00e9rences. Ils se [...]","og_url":"https:\/\/avenir52.fr\/index.php\/2025\/12\/06\/pour-les-fetes-de-fin-dannee-pensez-aux-produits-locaux\/","og_site_name":"L&#039;Avenir Agricole et Rural de la Haute-Marne","article_publisher":"https:\/\/www.facebook.com\/AvenirAgricole52\/","article_published_time":"2025-12-06T06:30:00+00:00","og_image":[{"width":2560,"height":1920,"url":"https:\/\/avenir52.fr\/wp-content\/uploads\/2025\/12\/Boutique-ADMA-1-scaled.jpg","type":"image\/jpeg"}],"author":"Thibaut MORILLON","twitter_card":"summary_large_image","twitter_creator":"@aveniragri52","twitter_site":"@aveniragri52","twitter_misc":{"\u00c9crit par":"Thibaut MORILLON","Dur\u00e9e de lecture estim\u00e9e":"3 minutes"},"schema":{"@context":"https:\/\/schema.org","@graph":[{"@type":"Article","@id":"https:\/\/avenir52.fr\/index.php\/2025\/12\/06\/pour-les-fetes-de-fin-dannee-pensez-aux-produits-locaux\/#article","isPartOf":{"@id":"https:\/\/avenir52.fr\/index.php\/2025\/12\/06\/pour-les-fetes-de-fin-dannee-pensez-aux-produits-locaux\/"},"author":{"name":"Thibaut MORILLON","@id":"https:\/\/avenir52.fr\/#\/schema\/person\/be62b40759582f9de2b8c967e7857fe2"},"headline":"Pour les f\u00eates de fin d\u2019ann\u00e9e, pensez aux produits locaux","datePublished":"2025-12-06T06:30:00+00:00","mainEntityOfPage":{"@id":"https:\/\/avenir52.fr\/index.php\/2025\/12\/06\/pour-les-fetes-de-fin-dannee-pensez-aux-produits-locaux\/"},"wordCount":318,"publisher":{"@id":"https:\/\/avenir52.fr\/#organization"},"image":{"@id":"https:\/\/avenir52.fr\/index.php\/2025\/12\/06\/pour-les-fetes-de-fin-dannee-pensez-aux-produits-locaux\/#primaryimage"},"thumbnailUrl":"https:\/\/avenir52.fr\/wp-content\/uploads\/2025\/12\/Boutique-ADMA-1-scaled.jpg","articleSection":["Vie professionnelle"],"inLanguage":"fr-FR"},{"@type":"WebPage","@id":"https:\/\/avenir52.fr\/index.php\/2025\/12\/06\/pour-les-fetes-de-fin-dannee-pensez-aux-produits-locaux\/","url":"https:\/\/avenir52.fr\/index.php\/2025\/12\/06\/pour-les-fetes-de-fin-dannee-pensez-aux-produits-locaux\/","name":"Pour les f\u00eates de fin d\u2019ann\u00e9e, pensez aux produits locaux - L&#039;Avenir Agricole et Rural de la Haute-Marne","isPartOf":{"@id":"https:\/\/avenir52.fr\/#website"},"primaryImageOfPage":{"@id":"https:\/\/avenir52.fr\/index.php\/2025\/12\/06\/pour-les-fetes-de-fin-dannee-pensez-aux-produits-locaux\/#primaryimage"},"image":{"@id":"https:\/\/avenir52.fr\/index.php\/2025\/12\/06\/pour-les-fetes-de-fin-dannee-pensez-aux-produits-locaux\/#primaryimage"},"thumbnailUrl":"https:\/\/avenir52.fr\/wp-content\/uploads\/2025\/12\/Boutique-ADMA-1-scaled.jpg","datePublished":"2025-12-06T06:30:00+00:00","breadcrumb":{"@id":"https:\/\/avenir52.fr\/index.php\/2025\/12\/06\/pour-les-fetes-de-fin-dannee-pensez-aux-produits-locaux\/#breadcrumb"},"inLanguage":"fr-FR","potentialAction":[{"@type":"ReadAction","target":["https:\/\/avenir52.fr\/index.php\/2025\/12\/06\/pour-les-fetes-de-fin-dannee-pensez-aux-produits-locaux\/"]}]},{"@type":"ImageObject","inLanguage":"fr-FR","@id":"https:\/\/avenir52.fr\/index.php\/2025\/12\/06\/pour-les-fetes-de-fin-dannee-pensez-aux-produits-locaux\/#primaryimage","url":"https:\/\/avenir52.fr\/wp-content\/uploads\/2025\/12\/Boutique-ADMA-1-scaled.jpg","contentUrl":"https:\/\/avenir52.fr\/wp-content\/uploads\/2025\/12\/Boutique-ADMA-1-scaled.jpg","width":2560,"height":1920,"caption":"Les magasins de producteurs vous attendent."},{"@type":"BreadcrumbList","@id":"https:\/\/avenir52.fr\/index.php\/2025\/12\/06\/pour-les-fetes-de-fin-dannee-pensez-aux-produits-locaux\/#breadcrumb","itemListElement":[{"@type":"ListItem","position":1,"name":"Accueil","item":"https:\/\/avenir52.fr\/"},{"@type":"ListItem","position":2,"name":"Pour les f\u00eates de fin d\u2019ann\u00e9e, pensez aux produits locaux"}]},{"@type":"WebSite","@id":"https:\/\/avenir52.fr\/#website","url":"https:\/\/avenir52.fr\/","name":"L'Avenir Agricole et Rural de la Haute-Marne","description":"L&#039;Avenir Agricole et Rural de la Haute-Marne","publisher":{"@id":"https:\/\/avenir52.fr\/#organization"},"potentialAction":[{"@type":"SearchAction","target":{"@type":"EntryPoint","urlTemplate":"https:\/\/avenir52.fr\/?s={search_term_string}"},"query-input":{"@type":"PropertyValueSpecification","valueRequired":true,"valueName":"search_term_string"}}],"inLanguage":"fr-FR"},{"@type":"Organization","@id":"https:\/\/avenir52.fr\/#organization","name":"L'Avenir Agricole et Rural de la Haute-Marne","url":"https:\/\/avenir52.fr\/","logo":{"@type":"ImageObject","inLanguage":"fr-FR","@id":"https:\/\/avenir52.fr\/#\/schema\/logo\/image\/","url":"https:\/\/avenir52.fr\/wp-content\/uploads\/2024\/05\/cropped-Aveniragricoleetrural-logo.jpg","contentUrl":"https:\/\/avenir52.fr\/wp-content\/uploads\/2024\/05\/cropped-Aveniragricoleetrural-logo.jpg","width":360,"height":123,"caption":"L'Avenir Agricole et Rural de la Haute-Marne"},"image":{"@id":"https:\/\/avenir52.fr\/#\/schema\/logo\/image\/"},"sameAs":["https:\/\/www.facebook.com\/AvenirAgricole52\/","https:\/\/x.com\/aveniragri52","https:\/\/www.linkedin.com\/company\/90947425\/"]},{"@type":"Person","@id":"https:\/\/avenir52.fr\/#\/schema\/person\/be62b40759582f9de2b8c967e7857fe2","name":"Thibaut MORILLON","image":{"@type":"ImageObject","inLanguage":"fr-FR","@id":"https:\/\/secure.gravatar.com\/avatar\/b0c6acd24c9ce743bdca1cb33acf27fe8668825af01d4e1af0bc757af5602fa4?s=96&d=mm&r=g","url":"https:\/\/secure.gravatar.com\/avatar\/b0c6acd24c9ce743bdca1cb33acf27fe8668825af01d4e1af0bc757af5602fa4?s=96&d=mm&r=g","contentUrl":"https:\/\/secure.gravatar.com\/avatar\/b0c6acd24c9ce743bdca1cb33acf27fe8668825af01d4e1af0bc757af5602fa4?s=96&d=mm&r=g","caption":"Thibaut MORILLON"},"url":"https:\/\/avenir52.fr\/index.php\/author\/tmorillon\/"}]}},"jetpack_publicize_connections":[],"_links":{"self":[{"href":"https:\/\/avenir52.fr\/index.php\/wp-json\/wp\/v2\/posts\/1087","targetHints":{"allow":["GET"]}}],"collection":[{"href":"https:\/\/avenir52.fr\/index.php\/wp-json\/wp\/v2\/posts"}],"about":[{"href":"https:\/\/avenir52.fr\/index.php\/wp-json\/wp\/v2\/types\/post"}],"author":[{"embeddable":true,"href":"https:\/\/avenir52.fr\/index.php\/wp-json\/wp\/v2\/users\/3"}],"replies":[{"embeddable":true,"href":"https:\/\/avenir52.fr\/index.php\/wp-json\/wp\/v2\/comments?post=1087"}],"version-history":[{"count":1,"href":"https:\/\/avenir52.fr\/index.php\/wp-json\/wp\/v2\/posts\/1087\/revisions"}],"predecessor-version":[{"id":1094,"href":"https:\/\/avenir52.fr\/index.php\/wp-json\/wp\/v2\/posts\/1087\/revisions\/1094"}],"wp:featuredmedia":[{"embeddable":true,"href":"https:\/\/avenir52.fr\/index.php\/wp-json\/wp\/v2\/media\/1092"}],"wp:attachment":[{"href":"https:\/\/avenir52.fr\/index.php\/wp-json\/wp\/v2\/media?parent=1087"}],"wp:term":[{"taxonomy":"category","embeddable":true,"href":"https:\/\/avenir52.fr\/index.php\/wp-json\/wp\/v2\/categories?post=1087"},{"taxonomy":"post_tag","embeddable":true,"href":"https:\/\/avenir52.fr\/index.php\/wp-json\/wp\/v2\/tags?post=1087"}],"curies":[{"name":"wp","href":"https:\/\/api.w.org\/{rel}","templated":true}]}}