{"id":1203,"date":"2026-03-07T07:40:00","date_gmt":"2026-03-07T06:40:00","guid":{"rendered":"https:\/\/avenir52.fr\/?p=1203"},"modified":"2026-04-14T09:01:44","modified_gmt":"2026-04-14T07:01:44","slug":"laurent-duplomb-il-faut-retrouver-notre-capacite-de-production","status":"publish","type":"post","link":"https:\/\/avenir52.fr\/index.php\/2026\/03\/07\/laurent-duplomb-il-faut-retrouver-notre-capacite-de-production\/","title":{"rendered":"Laurent Duplomb : \u00ab Il faut retrouver notre capacit\u00e9 de production \u00bb"},"content":{"rendered":"\n<p>Le s\u00e9nateur Laurent Duplomb sera l\u2019invit\u00e9 exceptionnel de la session interd\u00e9partementale des Chambres d\u2019agriculture de l\u2019Aube et de la Haute-Marne qui se d\u00e9roulera le mercredi 11 mars en matin\u00e9e au M\u00e9morial Charles de Gaulle \u00e0 Colombey-les-Deux Eglises. Nous avons pos\u00e9 trois questions au parlementaire.<\/p>\n\n\n\n<p><strong><em>Quel regard portez-vous sur la situation agricole en France ?<\/em><\/strong><\/p>\n\n\n\n<p><strong>Laurent Duplomb :<\/strong> La France d\u00e9cline, et les rapports et chiffres de ces derni\u00e8res ann\u00e9es le d\u00e9montrent de fa\u00e7on alarmante. Entre 1993 et 2010, le revenu europ\u00e9en agricole a progress\u00e9 de 38 % en Europe et de 65 % en France. Entre 2010 et 2024, le revenu europ\u00e9en agricole a progress\u00e9 de 77 % dans l\u2019Europe, mais il n\u2019a progress\u00e9 que de 15&nbsp;% en France. Cette perte de revenus est la cons\u00e9quence m\u00eame de \u00ab <em>l\u2019agro\u00e9cologie<\/em> \u00bb et de \u00ab <em>la mont\u00e9e en gamme<\/em> \u00bb des politiques qui se traduisent par des contraintes que l\u2019on impose en plus aux agriculteurs, sans v\u00e9rifier que cela impactait n\u00e9gativement leurs revenus. Il y a 20 ans, la balance commerciale agroalimentaire en Europe \u00e9tait d\u00e9ficitaire, alors qu\u2019en France c\u2019\u00e9tait exactement l\u2019inverse avec un exc\u00e9dent de 12 milliards d\u2019euros. En 20 ans, l\u2019Europe a vu sa balance commerciale agroalimentaire s\u2019accro\u00eetre de 50 milliards d\u2019euros, ce qui repr\u00e9sente le deuxi\u00e8me plus gros exc\u00e9dent mondial derri\u00e8re le Br\u00e9sil, devant les \u00c9tats-Unis et la Chine.<\/p>\n\n\n\n<p>Alors qu\u2019en France, en 20 ans, la balance commerciale agroalimentaire a d\u00e9viss\u00e9, passant de 12 milliards d\u2019euros au plus haut, \u00e0, fin d\u00e9cembre 2025, un d\u00e9ficit de &#8211; 355 millions d\u2019euros, alors que dans le m\u00eame temps en Espagne, pays semi d\u00e9sertique, avec 18 % de surface agricole en moins par rapport \u00e0 la France, affiche \u00e0 fin novembre 2025, un exc\u00e9dent de 18 milliards d\u2019euros.<\/p>\n\n\n\n<p>La France est devenue \u00ab <em>l\u2019homme malade<\/em> \u00bb de l\u2019Europe ; elle importe plus qu\u2019elle n\u2019exporte !<br>Nous sommes arriv\u00e9s \u00e0 un point de bascule inqui\u00e9tant pour notre souverainet\u00e9 alimentaire. Je rappelle que nous consommons d\u00e9j\u00e0 75 % de fruits et 60 % de l\u00e9gumes import\u00e9s. Nous ne pouvons continuer \u00e0 fermer les yeux et \u00e0 balayer la poussi\u00e8re sous le tapis.<\/p>\n\n\n\n<p><em><strong>Selon vous, quelles sont les mesures prioritaires que doit contenir le futur projet de loi d\u2019urgence agricole ?<\/strong><\/em><\/p>\n\n\n\n<p><strong>L.D. :<\/strong> Ce texte, qui doit \u00eatre examin\u00e9 au S\u00e9nat avant l\u2019\u00e9t\u00e9, devait, selon la pr\u00e9sentation initiale, comporter des mesures sur l\u2019eau, sur la lutte contre la pr\u00e9dation et sur les \u00ab moyens de production \u00bb. Ce sont des sujets essentiels pour lesquels il y a une forte attente de la part du monde agricole. Je souhaite que les mesures qui seront d\u00e9battues et ent\u00e9rin\u00e9es soient \u00e0 la hauteur des enjeux !<\/p>\n\n\n\n<p><em><strong>Quels sujets allez-vous aborder lors de la session de la Chambre d\u2019agriculture ?<\/strong><\/em><\/p>\n\n\n\n<p><strong>L.D. :<\/strong> J\u2019aborderai le travail parlementaire que j\u2019ai engag\u00e9 depuis 9 ans, \u00e0 travers des rapports et des propositions de lois que j\u2019ai port\u00e9s, et qui n\u2019ont eu de cesse de rappeler l\u2019importance de redonner de la comp\u00e9titivit\u00e9 \u00e0 la Ferme France.<\/p>\n\n\n\n<p>Un travail qui a port\u00e9 ses fruits et qui s\u2019est traduit par des avanc\u00e9es significatives avec la loi d\u2019orientation agricole, puis cet \u00e9t\u00e9, par la promulgation \u00e0 90 % de la Loi Duplomb 1 et, tout r\u00e9cemment, le d\u00e9p\u00f4t de la Loi Duplomb 2 qui vise \u00e0 att\u00e9nuer une surtransposition fran\u00e7aise relative \u00e0 l\u2019utilisation de produits phytopharmaceutiques afin d\u2019\u00e9viter la disparition de certaines fili\u00e8res agricoles. La proposition de loi, se r\u00e9sume en trois articles. Le premier doit permettre pour trois ans d\u2019enrober la graine de betterave \u00e0 la flupyradifurone ; le second ouvre pour un an la pulv\u00e9risation des cultures annuelles telles que la betterave avec l\u2019ac\u00e9tamipride et la flupyradifurone ; l\u2019article 3 r\u00e9autorise pour trois ans, sur la noisette, la pomme et la cerise, la pulv\u00e9risation avec l\u2019ac\u00e9tamipride et la flupyradifurone.<\/p>\n\n\n\n<p>Je m\u00e8ne ce combat car derri\u00e8re chaque ligne de la loi, il y a des femmes, des hommes, des savoir faire et des paysages que je refuse de voir dispara\u00eetre, alors que les autres agriculteurs europ\u00e9ens ont le droit d\u2019utiliser des moyens de lutte contre les ravageurs de leur culture, nous resterions en France dans cette injustice de ne pouvoir faire de m\u00eame. Tout cela se traduit par une hypocrisie bien fran\u00e7aise qui consiste \u00e0 consommer des aliments import\u00e9s car devenus impossibles \u00e0 produire chez nous ! Il faut retrouver notre capacit\u00e9 de production afin de nourrir tous les Fran\u00e7ais, conserver nos territoires et retrouver notre souverainet\u00e9 alimentaire.<\/p>\n\n\n\n<p>Propos recueillis par Thibaut Morillon de la r\u00e9dation<\/p>\n\n\n\n<p><\/p>\n","protected":false},"excerpt":{"rendered":"<p>Le s\u00e9nateur Laurent Duplomb sera l\u2019invit\u00e9 exceptionnel de la session interd\u00e9partementale des Chambres d\u2019agriculture de l\u2019Aube et de la Haute-Marne qui se d\u00e9roulera le mercredi [&#8230;]<\/p>\n","protected":false},"author":3,"featured_media":1204,"comment_status":"closed","ping_status":"closed","sticky":false,"template":"","format":"standard","meta":{"_monsterinsights_skip_tracking":false,"_monsterinsights_sitenote_active":false,"_monsterinsights_sitenote_note":"","_monsterinsights_sitenote_category":0,"footnotes":"","jetpack_publicize_message":"","jetpack_publicize_feature_enabled":true,"jetpack_social_post_already_shared":true,"jetpack_social_options":{"image_generator_settings":{"template":"highway","default_image_id":0,"font":"","enabled":false},"version":2}},"categories":[6,3],"tags":[],"class_list":["post-1203","post","type-post","status-publish","format-standard","has-post-thumbnail","hentry","category-initiatives","category-vie-professionnelle"],"yoast_head":"<!-- This site is optimized with the Yoast SEO plugin v27.5 - https:\/\/yoast.com\/product\/yoast-seo-wordpress\/ -->\n<title>Laurent Duplomb : \u00ab Il faut retrouver notre capacit\u00e9 de production \u00bb - L&#039;Avenir Agricole et Rural de la Haute-Marne<\/title>\n<meta name=\"robots\" content=\"index, follow, max-snippet:-1, max-image-preview:large, max-video-preview:-1\" \/>\n<link rel=\"canonical\" href=\"https:\/\/avenir52.fr\/index.php\/2026\/03\/07\/laurent-duplomb-il-faut-retrouver-notre-capacite-de-production\/\" \/>\n<meta property=\"og:locale\" content=\"fr_FR\" \/>\n<meta property=\"og:type\" content=\"article\" \/>\n<meta property=\"og:title\" content=\"Laurent Duplomb : \u00ab Il faut retrouver notre capacit\u00e9 de production \u00bb - L&#039;Avenir Agricole et Rural de la Haute-Marne\" \/>\n<meta property=\"og:description\" content=\"Le s\u00e9nateur Laurent Duplomb sera l\u2019invit\u00e9 exceptionnel de la session interd\u00e9partementale des Chambres d\u2019agriculture de l\u2019Aube et de la Haute-Marne qui se d\u00e9roulera le mercredi [...]\" \/>\n<meta property=\"og:url\" content=\"https:\/\/avenir52.fr\/index.php\/2026\/03\/07\/laurent-duplomb-il-faut-retrouver-notre-capacite-de-production\/\" \/>\n<meta property=\"og:site_name\" content=\"L&#039;Avenir Agricole et Rural de la Haute-Marne\" \/>\n<meta property=\"article:publisher\" content=\"https:\/\/www.facebook.com\/AvenirAgricole52\/\" \/>\n<meta property=\"article:published_time\" content=\"2026-03-07T06:40:00+00:00\" \/>\n<meta property=\"article:modified_time\" content=\"2026-04-14T07:01:44+00:00\" \/>\n<meta property=\"og:image\" content=\"https:\/\/avenir52.fr\/wp-content\/uploads\/2026\/03\/Laurent-Duplomb.jpg\" \/>\n\t<meta property=\"og:image:width\" content=\"766\" \/>\n\t<meta property=\"og:image:height\" content=\"511\" \/>\n\t<meta property=\"og:image:type\" content=\"image\/jpeg\" \/>\n<meta name=\"author\" content=\"Thibaut MORILLON\" \/>\n<meta name=\"twitter:card\" content=\"summary_large_image\" \/>\n<meta name=\"twitter:creator\" content=\"@aveniragri52\" \/>\n<meta name=\"twitter:site\" content=\"@aveniragri52\" \/>\n<meta name=\"twitter:label1\" content=\"\u00c9crit par\" \/>\n\t<meta name=\"twitter:data1\" content=\"Thibaut MORILLON\" \/>\n\t<meta name=\"twitter:label2\" content=\"Dur\u00e9e de lecture estim\u00e9e\" \/>\n\t<meta name=\"twitter:data2\" content=\"4 minutes\" \/>\n<script type=\"application\/ld+json\" class=\"yoast-schema-graph\">{\"@context\":\"https:\\\/\\\/schema.org\",\"@graph\":[{\"@type\":\"Article\",\"@id\":\"https:\\\/\\\/avenir52.fr\\\/index.php\\\/2026\\\/03\\\/07\\\/laurent-duplomb-il-faut-retrouver-notre-capacite-de-production\\\/#article\",\"isPartOf\":{\"@id\":\"https:\\\/\\\/avenir52.fr\\\/index.php\\\/2026\\\/03\\\/07\\\/laurent-duplomb-il-faut-retrouver-notre-capacite-de-production\\\/\"},\"author\":{\"name\":\"Thibaut MORILLON\",\"@id\":\"https:\\\/\\\/avenir52.fr\\\/#\\\/schema\\\/person\\\/be62b40759582f9de2b8c967e7857fe2\"},\"headline\":\"Laurent Duplomb : \u00ab Il faut retrouver notre capacit\u00e9 de production \u00bb\",\"datePublished\":\"2026-03-07T06:40:00+00:00\",\"dateModified\":\"2026-04-14T07:01:44+00:00\",\"mainEntityOfPage\":{\"@id\":\"https:\\\/\\\/avenir52.fr\\\/index.php\\\/2026\\\/03\\\/07\\\/laurent-duplomb-il-faut-retrouver-notre-capacite-de-production\\\/\"},\"wordCount\":792,\"publisher\":{\"@id\":\"https:\\\/\\\/avenir52.fr\\\/#organization\"},\"image\":{\"@id\":\"https:\\\/\\\/avenir52.fr\\\/index.php\\\/2026\\\/03\\\/07\\\/laurent-duplomb-il-faut-retrouver-notre-capacite-de-production\\\/#primaryimage\"},\"thumbnailUrl\":\"https:\\\/\\\/avenir52.fr\\\/wp-content\\\/uploads\\\/2026\\\/03\\\/Laurent-Duplomb.jpg\",\"articleSection\":[\"Initiatives\",\"Vie professionnelle\"],\"inLanguage\":\"fr-FR\"},{\"@type\":\"WebPage\",\"@id\":\"https:\\\/\\\/avenir52.fr\\\/index.php\\\/2026\\\/03\\\/07\\\/laurent-duplomb-il-faut-retrouver-notre-capacite-de-production\\\/\",\"url\":\"https:\\\/\\\/avenir52.fr\\\/index.php\\\/2026\\\/03\\\/07\\\/laurent-duplomb-il-faut-retrouver-notre-capacite-de-production\\\/\",\"name\":\"Laurent Duplomb : \u00ab Il faut retrouver notre capacit\u00e9 de production \u00bb - L&#039;Avenir Agricole et Rural de la Haute-Marne\",\"isPartOf\":{\"@id\":\"https:\\\/\\\/avenir52.fr\\\/#website\"},\"primaryImageOfPage\":{\"@id\":\"https:\\\/\\\/avenir52.fr\\\/index.php\\\/2026\\\/03\\\/07\\\/laurent-duplomb-il-faut-retrouver-notre-capacite-de-production\\\/#primaryimage\"},\"image\":{\"@id\":\"https:\\\/\\\/avenir52.fr\\\/index.php\\\/2026\\\/03\\\/07\\\/laurent-duplomb-il-faut-retrouver-notre-capacite-de-production\\\/#primaryimage\"},\"thumbnailUrl\":\"https:\\\/\\\/avenir52.fr\\\/wp-content\\\/uploads\\\/2026\\\/03\\\/Laurent-Duplomb.jpg\",\"datePublished\":\"2026-03-07T06:40:00+00:00\",\"dateModified\":\"2026-04-14T07:01:44+00:00\",\"breadcrumb\":{\"@id\":\"https:\\\/\\\/avenir52.fr\\\/index.php\\\/2026\\\/03\\\/07\\\/laurent-duplomb-il-faut-retrouver-notre-capacite-de-production\\\/#breadcrumb\"},\"inLanguage\":\"fr-FR\",\"potentialAction\":[{\"@type\":\"ReadAction\",\"target\":[\"https:\\\/\\\/avenir52.fr\\\/index.php\\\/2026\\\/03\\\/07\\\/laurent-duplomb-il-faut-retrouver-notre-capacite-de-production\\\/\"]}]},{\"@type\":\"ImageObject\",\"inLanguage\":\"fr-FR\",\"@id\":\"https:\\\/\\\/avenir52.fr\\\/index.php\\\/2026\\\/03\\\/07\\\/laurent-duplomb-il-faut-retrouver-notre-capacite-de-production\\\/#primaryimage\",\"url\":\"https:\\\/\\\/avenir52.fr\\\/wp-content\\\/uploads\\\/2026\\\/03\\\/Laurent-Duplomb.jpg\",\"contentUrl\":\"https:\\\/\\\/avenir52.fr\\\/wp-content\\\/uploads\\\/2026\\\/03\\\/Laurent-Duplomb.jpg\",\"width\":766,\"height\":511,\"caption\":\"Laurent Duplomb : \u00ab Nous sommes arriv\u00e9s \u00e0 un point de bascule inqui\u00e9tant pour notre souverainet\u00e9 alimentaire \u00bb.\"},{\"@type\":\"BreadcrumbList\",\"@id\":\"https:\\\/\\\/avenir52.fr\\\/index.php\\\/2026\\\/03\\\/07\\\/laurent-duplomb-il-faut-retrouver-notre-capacite-de-production\\\/#breadcrumb\",\"itemListElement\":[{\"@type\":\"ListItem\",\"position\":1,\"name\":\"Accueil\",\"item\":\"https:\\\/\\\/avenir52.fr\\\/\"},{\"@type\":\"ListItem\",\"position\":2,\"name\":\"Laurent Duplomb : \u00ab Il faut retrouver notre capacit\u00e9 de production \u00bb\"}]},{\"@type\":\"WebSite\",\"@id\":\"https:\\\/\\\/avenir52.fr\\\/#website\",\"url\":\"https:\\\/\\\/avenir52.fr\\\/\",\"name\":\"L'Avenir Agricole et Rural de la Haute-Marne\",\"description\":\"L&#039;Avenir Agricole et Rural de la Haute-Marne\",\"publisher\":{\"@id\":\"https:\\\/\\\/avenir52.fr\\\/#organization\"},\"potentialAction\":[{\"@type\":\"SearchAction\",\"target\":{\"@type\":\"EntryPoint\",\"urlTemplate\":\"https:\\\/\\\/avenir52.fr\\\/?s={search_term_string}\"},\"query-input\":{\"@type\":\"PropertyValueSpecification\",\"valueRequired\":true,\"valueName\":\"search_term_string\"}}],\"inLanguage\":\"fr-FR\"},{\"@type\":\"Organization\",\"@id\":\"https:\\\/\\\/avenir52.fr\\\/#organization\",\"name\":\"L'Avenir Agricole et Rural de la Haute-Marne\",\"url\":\"https:\\\/\\\/avenir52.fr\\\/\",\"logo\":{\"@type\":\"ImageObject\",\"inLanguage\":\"fr-FR\",\"@id\":\"https:\\\/\\\/avenir52.fr\\\/#\\\/schema\\\/logo\\\/image\\\/\",\"url\":\"https:\\\/\\\/avenir52.fr\\\/wp-content\\\/uploads\\\/2024\\\/05\\\/cropped-Aveniragricoleetrural-logo.jpg\",\"contentUrl\":\"https:\\\/\\\/avenir52.fr\\\/wp-content\\\/uploads\\\/2024\\\/05\\\/cropped-Aveniragricoleetrural-logo.jpg\",\"width\":360,\"height\":123,\"caption\":\"L'Avenir Agricole et Rural de la Haute-Marne\"},\"image\":{\"@id\":\"https:\\\/\\\/avenir52.fr\\\/#\\\/schema\\\/logo\\\/image\\\/\"},\"sameAs\":[\"https:\\\/\\\/www.facebook.com\\\/AvenirAgricole52\\\/\",\"https:\\\/\\\/x.com\\\/aveniragri52\",\"https:\\\/\\\/www.linkedin.com\\\/company\\\/90947425\\\/\"]},{\"@type\":\"Person\",\"@id\":\"https:\\\/\\\/avenir52.fr\\\/#\\\/schema\\\/person\\\/be62b40759582f9de2b8c967e7857fe2\",\"name\":\"Thibaut MORILLON\",\"image\":{\"@type\":\"ImageObject\",\"inLanguage\":\"fr-FR\",\"@id\":\"https:\\\/\\\/secure.gravatar.com\\\/avatar\\\/b0c6acd24c9ce743bdca1cb33acf27fe8668825af01d4e1af0bc757af5602fa4?s=96&d=mm&r=g\",\"url\":\"https:\\\/\\\/secure.gravatar.com\\\/avatar\\\/b0c6acd24c9ce743bdca1cb33acf27fe8668825af01d4e1af0bc757af5602fa4?s=96&d=mm&r=g\",\"contentUrl\":\"https:\\\/\\\/secure.gravatar.com\\\/avatar\\\/b0c6acd24c9ce743bdca1cb33acf27fe8668825af01d4e1af0bc757af5602fa4?s=96&d=mm&r=g\",\"caption\":\"Thibaut MORILLON\"},\"url\":\"https:\\\/\\\/avenir52.fr\\\/index.php\\\/author\\\/tmorillon\\\/\"}]}<\/script>\n<!-- \/ Yoast SEO plugin. -->","yoast_head_json":{"title":"Laurent Duplomb : \u00ab Il faut retrouver notre capacit\u00e9 de production \u00bb - L&#039;Avenir Agricole et Rural de la Haute-Marne","robots":{"index":"index","follow":"follow","max-snippet":"max-snippet:-1","max-image-preview":"max-image-preview:large","max-video-preview":"max-video-preview:-1"},"canonical":"https:\/\/avenir52.fr\/index.php\/2026\/03\/07\/laurent-duplomb-il-faut-retrouver-notre-capacite-de-production\/","og_locale":"fr_FR","og_type":"article","og_title":"Laurent Duplomb : \u00ab Il faut retrouver notre capacit\u00e9 de production \u00bb - L&#039;Avenir Agricole et Rural de la Haute-Marne","og_description":"Le s\u00e9nateur Laurent Duplomb sera l\u2019invit\u00e9 exceptionnel de la session interd\u00e9partementale des Chambres d\u2019agriculture de l\u2019Aube et de la Haute-Marne qui se d\u00e9roulera le mercredi [...]","og_url":"https:\/\/avenir52.fr\/index.php\/2026\/03\/07\/laurent-duplomb-il-faut-retrouver-notre-capacite-de-production\/","og_site_name":"L&#039;Avenir Agricole et Rural de la Haute-Marne","article_publisher":"https:\/\/www.facebook.com\/AvenirAgricole52\/","article_published_time":"2026-03-07T06:40:00+00:00","article_modified_time":"2026-04-14T07:01:44+00:00","og_image":[{"width":766,"height":511,"url":"https:\/\/avenir52.fr\/wp-content\/uploads\/2026\/03\/Laurent-Duplomb.jpg","type":"image\/jpeg"}],"author":"Thibaut MORILLON","twitter_card":"summary_large_image","twitter_creator":"@aveniragri52","twitter_site":"@aveniragri52","twitter_misc":{"\u00c9crit par":"Thibaut MORILLON","Dur\u00e9e de lecture estim\u00e9e":"4 minutes"},"schema":{"@context":"https:\/\/schema.org","@graph":[{"@type":"Article","@id":"https:\/\/avenir52.fr\/index.php\/2026\/03\/07\/laurent-duplomb-il-faut-retrouver-notre-capacite-de-production\/#article","isPartOf":{"@id":"https:\/\/avenir52.fr\/index.php\/2026\/03\/07\/laurent-duplomb-il-faut-retrouver-notre-capacite-de-production\/"},"author":{"name":"Thibaut MORILLON","@id":"https:\/\/avenir52.fr\/#\/schema\/person\/be62b40759582f9de2b8c967e7857fe2"},"headline":"Laurent Duplomb : \u00ab Il faut retrouver notre capacit\u00e9 de production \u00bb","datePublished":"2026-03-07T06:40:00+00:00","dateModified":"2026-04-14T07:01:44+00:00","mainEntityOfPage":{"@id":"https:\/\/avenir52.fr\/index.php\/2026\/03\/07\/laurent-duplomb-il-faut-retrouver-notre-capacite-de-production\/"},"wordCount":792,"publisher":{"@id":"https:\/\/avenir52.fr\/#organization"},"image":{"@id":"https:\/\/avenir52.fr\/index.php\/2026\/03\/07\/laurent-duplomb-il-faut-retrouver-notre-capacite-de-production\/#primaryimage"},"thumbnailUrl":"https:\/\/avenir52.fr\/wp-content\/uploads\/2026\/03\/Laurent-Duplomb.jpg","articleSection":["Initiatives","Vie professionnelle"],"inLanguage":"fr-FR"},{"@type":"WebPage","@id":"https:\/\/avenir52.fr\/index.php\/2026\/03\/07\/laurent-duplomb-il-faut-retrouver-notre-capacite-de-production\/","url":"https:\/\/avenir52.fr\/index.php\/2026\/03\/07\/laurent-duplomb-il-faut-retrouver-notre-capacite-de-production\/","name":"Laurent Duplomb : \u00ab Il faut retrouver notre capacit\u00e9 de production \u00bb - L&#039;Avenir Agricole et Rural de la Haute-Marne","isPartOf":{"@id":"https:\/\/avenir52.fr\/#website"},"primaryImageOfPage":{"@id":"https:\/\/avenir52.fr\/index.php\/2026\/03\/07\/laurent-duplomb-il-faut-retrouver-notre-capacite-de-production\/#primaryimage"},"image":{"@id":"https:\/\/avenir52.fr\/index.php\/2026\/03\/07\/laurent-duplomb-il-faut-retrouver-notre-capacite-de-production\/#primaryimage"},"thumbnailUrl":"https:\/\/avenir52.fr\/wp-content\/uploads\/2026\/03\/Laurent-Duplomb.jpg","datePublished":"2026-03-07T06:40:00+00:00","dateModified":"2026-04-14T07:01:44+00:00","breadcrumb":{"@id":"https:\/\/avenir52.fr\/index.php\/2026\/03\/07\/laurent-duplomb-il-faut-retrouver-notre-capacite-de-production\/#breadcrumb"},"inLanguage":"fr-FR","potentialAction":[{"@type":"ReadAction","target":["https:\/\/avenir52.fr\/index.php\/2026\/03\/07\/laurent-duplomb-il-faut-retrouver-notre-capacite-de-production\/"]}]},{"@type":"ImageObject","inLanguage":"fr-FR","@id":"https:\/\/avenir52.fr\/index.php\/2026\/03\/07\/laurent-duplomb-il-faut-retrouver-notre-capacite-de-production\/#primaryimage","url":"https:\/\/avenir52.fr\/wp-content\/uploads\/2026\/03\/Laurent-Duplomb.jpg","contentUrl":"https:\/\/avenir52.fr\/wp-content\/uploads\/2026\/03\/Laurent-Duplomb.jpg","width":766,"height":511,"caption":"Laurent Duplomb : \u00ab Nous sommes arriv\u00e9s \u00e0 un point de bascule inqui\u00e9tant pour notre souverainet\u00e9 alimentaire \u00bb."},{"@type":"BreadcrumbList","@id":"https:\/\/avenir52.fr\/index.php\/2026\/03\/07\/laurent-duplomb-il-faut-retrouver-notre-capacite-de-production\/#breadcrumb","itemListElement":[{"@type":"ListItem","position":1,"name":"Accueil","item":"https:\/\/avenir52.fr\/"},{"@type":"ListItem","position":2,"name":"Laurent Duplomb : \u00ab Il faut retrouver notre capacit\u00e9 de production \u00bb"}]},{"@type":"WebSite","@id":"https:\/\/avenir52.fr\/#website","url":"https:\/\/avenir52.fr\/","name":"L'Avenir Agricole et Rural de la Haute-Marne","description":"L&#039;Avenir Agricole et Rural de la Haute-Marne","publisher":{"@id":"https:\/\/avenir52.fr\/#organization"},"potentialAction":[{"@type":"SearchAction","target":{"@type":"EntryPoint","urlTemplate":"https:\/\/avenir52.fr\/?s={search_term_string}"},"query-input":{"@type":"PropertyValueSpecification","valueRequired":true,"valueName":"search_term_string"}}],"inLanguage":"fr-FR"},{"@type":"Organization","@id":"https:\/\/avenir52.fr\/#organization","name":"L'Avenir Agricole et Rural de la Haute-Marne","url":"https:\/\/avenir52.fr\/","logo":{"@type":"ImageObject","inLanguage":"fr-FR","@id":"https:\/\/avenir52.fr\/#\/schema\/logo\/image\/","url":"https:\/\/avenir52.fr\/wp-content\/uploads\/2024\/05\/cropped-Aveniragricoleetrural-logo.jpg","contentUrl":"https:\/\/avenir52.fr\/wp-content\/uploads\/2024\/05\/cropped-Aveniragricoleetrural-logo.jpg","width":360,"height":123,"caption":"L'Avenir Agricole et Rural de la Haute-Marne"},"image":{"@id":"https:\/\/avenir52.fr\/#\/schema\/logo\/image\/"},"sameAs":["https:\/\/www.facebook.com\/AvenirAgricole52\/","https:\/\/x.com\/aveniragri52","https:\/\/www.linkedin.com\/company\/90947425\/"]},{"@type":"Person","@id":"https:\/\/avenir52.fr\/#\/schema\/person\/be62b40759582f9de2b8c967e7857fe2","name":"Thibaut MORILLON","image":{"@type":"ImageObject","inLanguage":"fr-FR","@id":"https:\/\/secure.gravatar.com\/avatar\/b0c6acd24c9ce743bdca1cb33acf27fe8668825af01d4e1af0bc757af5602fa4?s=96&d=mm&r=g","url":"https:\/\/secure.gravatar.com\/avatar\/b0c6acd24c9ce743bdca1cb33acf27fe8668825af01d4e1af0bc757af5602fa4?s=96&d=mm&r=g","contentUrl":"https:\/\/secure.gravatar.com\/avatar\/b0c6acd24c9ce743bdca1cb33acf27fe8668825af01d4e1af0bc757af5602fa4?s=96&d=mm&r=g","caption":"Thibaut MORILLON"},"url":"https:\/\/avenir52.fr\/index.php\/author\/tmorillon\/"}]}},"jetpack_publicize_connections":[],"_links":{"self":[{"href":"https:\/\/avenir52.fr\/index.php\/wp-json\/wp\/v2\/posts\/1203","targetHints":{"allow":["GET"]}}],"collection":[{"href":"https:\/\/avenir52.fr\/index.php\/wp-json\/wp\/v2\/posts"}],"about":[{"href":"https:\/\/avenir52.fr\/index.php\/wp-json\/wp\/v2\/types\/post"}],"author":[{"embeddable":true,"href":"https:\/\/avenir52.fr\/index.php\/wp-json\/wp\/v2\/users\/3"}],"replies":[{"embeddable":true,"href":"https:\/\/avenir52.fr\/index.php\/wp-json\/wp\/v2\/comments?post=1203"}],"version-history":[{"count":3,"href":"https:\/\/avenir52.fr\/index.php\/wp-json\/wp\/v2\/posts\/1203\/revisions"}],"predecessor-version":[{"id":1296,"href":"https:\/\/avenir52.fr\/index.php\/wp-json\/wp\/v2\/posts\/1203\/revisions\/1296"}],"wp:featuredmedia":[{"embeddable":true,"href":"https:\/\/avenir52.fr\/index.php\/wp-json\/wp\/v2\/media\/1204"}],"wp:attachment":[{"href":"https:\/\/avenir52.fr\/index.php\/wp-json\/wp\/v2\/media?parent=1203"}],"wp:term":[{"taxonomy":"category","embeddable":true,"href":"https:\/\/avenir52.fr\/index.php\/wp-json\/wp\/v2\/categories?post=1203"},{"taxonomy":"post_tag","embeddable":true,"href":"https:\/\/avenir52.fr\/index.php\/wp-json\/wp\/v2\/tags?post=1203"}],"curies":[{"name":"wp","href":"https:\/\/api.w.org\/{rel}","templated":true}]}}