{"id":1503,"date":"2026-08-31T08:29:59","date_gmt":"2026-08-31T06:29:59","guid":{"rendered":"https:\/\/avenir52.fr\/?p=1503"},"modified":"2026-08-31T08:30:00","modified_gmt":"2026-08-31T06:30:00","slug":"dissolution-anticipee-volontaire","status":"publish","type":"post","link":"https:\/\/avenir52.fr\/index.php\/2026\/08\/31\/dissolution-anticipee-volontaire\/","title":{"rendered":"Dissolution anticip\u00e9e volontaire"},"content":{"rendered":"\n<p class=\"wp-block-paragraph\">Dissolution anticip\u00e9e volontaire<\/p>\n\n\n\n<p class=\"wp-block-paragraph\">D\u00e9nomination : F3V<\/p>\n\n\n\n<p class=\"wp-block-paragraph\">Forme : SASU soci\u00e9t\u00e9 en liquidation.<\/p>\n\n\n\n<p class=\"wp-block-paragraph\">Capital social : 100 euros.<\/p>\n\n\n\n<p class=\"wp-block-paragraph\">Si\u00e8ge social : 9 RUE DU DR SCHWEITZER, 52000 CHAUMONT.<\/p>\n\n\n\n<p class=\"wp-block-paragraph\">947750956 RCS Chaumont.<\/p>\n\n\n\n<p class=\"wp-block-paragraph\">Aux termes d&rsquo;une d\u00e9cision en date du 15\/08\/2026, l&rsquo;associ\u00e9 unique a d\u00e9cid\u00e9 la dissolution anticip\u00e9e et volontaire de la soci\u00e9t\u00e9 \u00e0 compter du 15\/08\/2026. Monsieur FREDERIC VAN WESTEINDE, demeurant 9 RUE DU DR SCHWEITZER 52000 CHAUMONT a \u00e9t\u00e9 nomm\u00e9 liquidateur et lui a conf\u00e9r\u00e9 les pouvoirs les plus \u00e9tendus.<\/p>\n\n\n\n<p class=\"wp-block-paragraph\">Le si\u00e8ge de la liquidation est au si\u00e8ge social, adresse o\u00f9 doit \u00eatre envoy\u00e9e la correspondance.<\/p>\n\n\n\n<p class=\"wp-block-paragraph\">Le d\u00e9p\u00f4t des actes et des pi\u00e8ces relatifs \u00e0 la liquidation sera effectu\u00e9 au greffe du Tribunal de commerce CHAUMONT. Pour avis, le liquidateur<\/p>\n","protected":false},"excerpt":{"rendered":"<p>Dissolution anticip\u00e9e volontaire D\u00e9nomination : F3V Forme : SASU soci\u00e9t\u00e9 en liquidation. Capital social : 100 euros. Si\u00e8ge social : 9 RUE DU DR SCHWEITZER, [&#8230;]<\/p>\n","protected":false},"author":4,"featured_media":0,"comment_status":"closed","ping_status":"closed","sticky":false,"template":"","format":"standard","meta":{"_monsterinsights_skip_tracking":false,"footnotes":"","jetpack_publicize_message":"","jetpack_publicize_feature_enabled":true,"jetpack_social_post_already_shared":true,"jetpack_social_options":{"image_generator_settings":{"template":"highway","default_image_id":0,"font":"","enabled":false},"version":2}},"categories":[8],"tags":[],"class_list":["post-1503","post","type-post","status-publish","format-standard","hentry","category-annonces-legales"],"yoast_head":"<!-- This site is optimized with the Yoast SEO plugin v28.3 - https:\/\/yoast.com\/product\/yoast-seo-wordpress\/ -->\n<title>Dissolution anticip\u00e9e volontaire - L&#039;Avenir Agricole et Rural de la Haute-Marne<\/title>\n<meta name=\"robots\" content=\"index, follow, max-snippet:-1, max-image-preview:large, max-video-preview:-1\" \/>\n<link rel=\"canonical\" href=\"https:\/\/avenir52.fr\/index.php\/2026\/08\/31\/dissolution-anticipee-volontaire\/\" \/>\n<meta property=\"og:locale\" content=\"fr_FR\" \/>\n<meta property=\"og:type\" content=\"article\" \/>\n<meta property=\"og:title\" content=\"Dissolution anticip\u00e9e volontaire - L&#039;Avenir Agricole et Rural de la Haute-Marne\" \/>\n<meta property=\"og:description\" content=\"Dissolution anticip\u00e9e volontaire D\u00e9nomination : F3V Forme : SASU soci\u00e9t\u00e9 en liquidation. Capital social : 100 euros. Si\u00e8ge social : 9 RUE DU DR SCHWEITZER, [...]\" \/>\n<meta property=\"og:url\" content=\"https:\/\/avenir52.fr\/index.php\/2026\/08\/31\/dissolution-anticipee-volontaire\/\" \/>\n<meta property=\"og:site_name\" content=\"L&#039;Avenir Agricole et Rural de la Haute-Marne\" \/>\n<meta property=\"article:publisher\" content=\"https:\/\/www.facebook.com\/AvenirAgricole52\/\" \/>\n<meta property=\"article:published_time\" content=\"2026-08-31T06:29:59+00:00\" \/>\n<meta property=\"article:modified_time\" content=\"2026-08-31T06:30:00+00:00\" \/>\n<meta name=\"author\" content=\"Fr\u00e9d\u00e9ric VAN WESTEINDE\" \/>\n<meta name=\"twitter:card\" content=\"summary_large_image\" \/>\n<meta name=\"twitter:creator\" content=\"@aveniragri52\" \/>\n<meta name=\"twitter:site\" content=\"@aveniragri52\" \/>\n<meta name=\"twitter:label1\" content=\"\u00c9crit par\" \/>\n\t<meta name=\"twitter:data1\" content=\"Fr\u00e9d\u00e9ric VAN WESTEINDE\" \/>\n\t<meta name=\"twitter:label2\" content=\"Dur\u00e9e de lecture estim\u00e9e\" \/>\n\t<meta name=\"twitter:data2\" content=\"1 minute\" \/>\n<script type=\"application\/ld+json\" class=\"yoast-schema-graph\">{\"@context\":\"https:\\\/\\\/schema.org\",\"@graph\":[{\"@type\":\"Article\",\"@id\":\"https:\\\/\\\/avenir52.fr\\\/index.php\\\/2026\\\/08\\\/31\\\/dissolution-anticipee-volontaire\\\/#article\",\"isPartOf\":{\"@id\":\"https:\\\/\\\/avenir52.fr\\\/index.php\\\/2026\\\/08\\\/31\\\/dissolution-anticipee-volontaire\\\/\"},\"author\":{\"name\":\"Fr\u00e9d\u00e9ric VAN WESTEINDE\",\"@id\":\"https:\\\/\\\/avenir52.fr\\\/#\\\/schema\\\/person\\\/4a419e6feff43e22c0950c0e6d0ffef7\"},\"headline\":\"Dissolution anticip\u00e9e volontaire\",\"datePublished\":\"2026-08-31T06:29:59+00:00\",\"dateModified\":\"2026-08-31T06:30:00+00:00\",\"mainEntityOfPage\":{\"@id\":\"https:\\\/\\\/avenir52.fr\\\/index.php\\\/2026\\\/08\\\/31\\\/dissolution-anticipee-volontaire\\\/\"},\"wordCount\":125,\"publisher\":{\"@id\":\"https:\\\/\\\/avenir52.fr\\\/#organization\"},\"articleSection\":[\"Annonces l\u00e9gales\"],\"inLanguage\":\"fr-FR\"},{\"@type\":\"WebPage\",\"@id\":\"https:\\\/\\\/avenir52.fr\\\/index.php\\\/2026\\\/08\\\/31\\\/dissolution-anticipee-volontaire\\\/\",\"url\":\"https:\\\/\\\/avenir52.fr\\\/index.php\\\/2026\\\/08\\\/31\\\/dissolution-anticipee-volontaire\\\/\",\"name\":\"Dissolution anticip\u00e9e volontaire - L&#039;Avenir Agricole et Rural de la Haute-Marne\",\"isPartOf\":{\"@id\":\"https:\\\/\\\/avenir52.fr\\\/#website\"},\"datePublished\":\"2026-08-31T06:29:59+00:00\",\"dateModified\":\"2026-08-31T06:30:00+00:00\",\"breadcrumb\":{\"@id\":\"https:\\\/\\\/avenir52.fr\\\/index.php\\\/2026\\\/08\\\/31\\\/dissolution-anticipee-volontaire\\\/#breadcrumb\"},\"inLanguage\":\"fr-FR\",\"potentialAction\":[{\"@type\":\"ReadAction\",\"target\":[\"https:\\\/\\\/avenir52.fr\\\/index.php\\\/2026\\\/08\\\/31\\\/dissolution-anticipee-volontaire\\\/\"]}]},{\"@type\":\"BreadcrumbList\",\"@id\":\"https:\\\/\\\/avenir52.fr\\\/index.php\\\/2026\\\/08\\\/31\\\/dissolution-anticipee-volontaire\\\/#breadcrumb\",\"itemListElement\":[{\"@type\":\"ListItem\",\"position\":1,\"name\":\"Accueil\",\"item\":\"https:\\\/\\\/avenir52.fr\\\/\"},{\"@type\":\"ListItem\",\"position\":2,\"name\":\"Dissolution anticip\u00e9e volontaire\"}]},{\"@type\":\"WebSite\",\"@id\":\"https:\\\/\\\/avenir52.fr\\\/#website\",\"url\":\"https:\\\/\\\/avenir52.fr\\\/\",\"name\":\"L'Avenir Agricole et Rural de la Haute-Marne\",\"description\":\"L&#039;Avenir Agricole et Rural de la Haute-Marne\",\"publisher\":{\"@id\":\"https:\\\/\\\/avenir52.fr\\\/#organization\"},\"potentialAction\":[{\"@type\":\"SearchAction\",\"target\":{\"@type\":\"EntryPoint\",\"urlTemplate\":\"https:\\\/\\\/avenir52.fr\\\/?s={search_term_string}\"},\"query-input\":{\"@type\":\"PropertyValueSpecification\",\"valueRequired\":true,\"valueName\":\"search_term_string\"}}],\"inLanguage\":\"fr-FR\"},{\"@type\":\"Organization\",\"@id\":\"https:\\\/\\\/avenir52.fr\\\/#organization\",\"name\":\"L'Avenir Agricole et Rural de la Haute-Marne\",\"url\":\"https:\\\/\\\/avenir52.fr\\\/\",\"logo\":{\"@type\":\"ImageObject\",\"inLanguage\":\"fr-FR\",\"@id\":\"https:\\\/\\\/avenir52.fr\\\/#\\\/schema\\\/logo\\\/image\\\/\",\"url\":\"https:\\\/\\\/avenir52.fr\\\/wp-content\\\/uploads\\\/2024\\\/05\\\/cropped-Aveniragricoleetrural-logo.jpg\",\"contentUrl\":\"https:\\\/\\\/avenir52.fr\\\/wp-content\\\/uploads\\\/2024\\\/05\\\/cropped-Aveniragricoleetrural-logo.jpg\",\"width\":360,\"height\":123,\"caption\":\"L'Avenir Agricole et Rural de la Haute-Marne\"},\"image\":{\"@id\":\"https:\\\/\\\/avenir52.fr\\\/#\\\/schema\\\/logo\\\/image\\\/\"},\"sameAs\":[\"https:\\\/\\\/www.facebook.com\\\/AvenirAgricole52\\\/\",\"https:\\\/\\\/x.com\\\/aveniragri52\",\"https:\\\/\\\/www.linkedin.com\\\/company\\\/90947425\\\/\"]},{\"@type\":\"Person\",\"@id\":\"https:\\\/\\\/avenir52.fr\\\/#\\\/schema\\\/person\\\/4a419e6feff43e22c0950c0e6d0ffef7\",\"name\":\"Fr\u00e9d\u00e9ric VAN WESTEINDE\",\"image\":{\"@type\":\"ImageObject\",\"inLanguage\":\"fr-FR\",\"@id\":\"https:\\\/\\\/secure.gravatar.com\\\/avatar\\\/4502f6563db1a226f328ec713d66e2f5f5b19a80bdcb21737d0a175af04d2db5?s=96&d=mm&r=g\",\"url\":\"https:\\\/\\\/secure.gravatar.com\\\/avatar\\\/4502f6563db1a226f328ec713d66e2f5f5b19a80bdcb21737d0a175af04d2db5?s=96&d=mm&r=g\",\"contentUrl\":\"https:\\\/\\\/secure.gravatar.com\\\/avatar\\\/4502f6563db1a226f328ec713d66e2f5f5b19a80bdcb21737d0a175af04d2db5?s=96&d=mm&r=g\",\"caption\":\"Fr\u00e9d\u00e9ric VAN WESTEINDE\"},\"url\":\"https:\\\/\\\/avenir52.fr\\\/index.php\\\/author\\\/fvanwesteinde\\\/\"}]}<\/script>\n<!-- \/ Yoast SEO plugin. -->","yoast_head_json":{"title":"Dissolution anticip\u00e9e volontaire - L&#039;Avenir Agricole et Rural de la Haute-Marne","robots":{"index":"index","follow":"follow","max-snippet":"max-snippet:-1","max-image-preview":"max-image-preview:large","max-video-preview":"max-video-preview:-1"},"canonical":"https:\/\/avenir52.fr\/index.php\/2026\/08\/31\/dissolution-anticipee-volontaire\/","og_locale":"fr_FR","og_type":"article","og_title":"Dissolution anticip\u00e9e volontaire - L&#039;Avenir Agricole et Rural de la Haute-Marne","og_description":"Dissolution anticip\u00e9e volontaire D\u00e9nomination : F3V Forme : SASU soci\u00e9t\u00e9 en liquidation. Capital social : 100 euros. Si\u00e8ge social : 9 RUE DU DR SCHWEITZER, [...]","og_url":"https:\/\/avenir52.fr\/index.php\/2026\/08\/31\/dissolution-anticipee-volontaire\/","og_site_name":"L&#039;Avenir Agricole et Rural de la Haute-Marne","article_publisher":"https:\/\/www.facebook.com\/AvenirAgricole52\/","article_published_time":"2026-08-31T06:29:59+00:00","article_modified_time":"2026-08-31T06:30:00+00:00","author":"Fr\u00e9d\u00e9ric VAN WESTEINDE","twitter_card":"summary_large_image","twitter_creator":"@aveniragri52","twitter_site":"@aveniragri52","twitter_misc":{"\u00c9crit par":"Fr\u00e9d\u00e9ric VAN WESTEINDE","Dur\u00e9e de lecture estim\u00e9e":"1 minute"},"schema":{"@context":"https:\/\/schema.org","@graph":[{"@type":"Article","@id":"https:\/\/avenir52.fr\/index.php\/2026\/08\/31\/dissolution-anticipee-volontaire\/#article","isPartOf":{"@id":"https:\/\/avenir52.fr\/index.php\/2026\/08\/31\/dissolution-anticipee-volontaire\/"},"author":{"name":"Fr\u00e9d\u00e9ric VAN WESTEINDE","@id":"https:\/\/avenir52.fr\/#\/schema\/person\/4a419e6feff43e22c0950c0e6d0ffef7"},"headline":"Dissolution anticip\u00e9e volontaire","datePublished":"2026-08-31T06:29:59+00:00","dateModified":"2026-08-31T06:30:00+00:00","mainEntityOfPage":{"@id":"https:\/\/avenir52.fr\/index.php\/2026\/08\/31\/dissolution-anticipee-volontaire\/"},"wordCount":125,"publisher":{"@id":"https:\/\/avenir52.fr\/#organization"},"articleSection":["Annonces l\u00e9gales"],"inLanguage":"fr-FR"},{"@type":"WebPage","@id":"https:\/\/avenir52.fr\/index.php\/2026\/08\/31\/dissolution-anticipee-volontaire\/","url":"https:\/\/avenir52.fr\/index.php\/2026\/08\/31\/dissolution-anticipee-volontaire\/","name":"Dissolution anticip\u00e9e volontaire - L&#039;Avenir Agricole et Rural de la Haute-Marne","isPartOf":{"@id":"https:\/\/avenir52.fr\/#website"},"datePublished":"2026-08-31T06:29:59+00:00","dateModified":"2026-08-31T06:30:00+00:00","breadcrumb":{"@id":"https:\/\/avenir52.fr\/index.php\/2026\/08\/31\/dissolution-anticipee-volontaire\/#breadcrumb"},"inLanguage":"fr-FR","potentialAction":[{"@type":"ReadAction","target":["https:\/\/avenir52.fr\/index.php\/2026\/08\/31\/dissolution-anticipee-volontaire\/"]}]},{"@type":"BreadcrumbList","@id":"https:\/\/avenir52.fr\/index.php\/2026\/08\/31\/dissolution-anticipee-volontaire\/#breadcrumb","itemListElement":[{"@type":"ListItem","position":1,"name":"Accueil","item":"https:\/\/avenir52.fr\/"},{"@type":"ListItem","position":2,"name":"Dissolution anticip\u00e9e volontaire"}]},{"@type":"WebSite","@id":"https:\/\/avenir52.fr\/#website","url":"https:\/\/avenir52.fr\/","name":"L'Avenir Agricole et Rural de la Haute-Marne","description":"L&#039;Avenir Agricole et Rural de la Haute-Marne","publisher":{"@id":"https:\/\/avenir52.fr\/#organization"},"potentialAction":[{"@type":"SearchAction","target":{"@type":"EntryPoint","urlTemplate":"https:\/\/avenir52.fr\/?s={search_term_string}"},"query-input":{"@type":"PropertyValueSpecification","valueRequired":true,"valueName":"search_term_string"}}],"inLanguage":"fr-FR"},{"@type":"Organization","@id":"https:\/\/avenir52.fr\/#organization","name":"L'Avenir Agricole et Rural de la Haute-Marne","url":"https:\/\/avenir52.fr\/","logo":{"@type":"ImageObject","inLanguage":"fr-FR","@id":"https:\/\/avenir52.fr\/#\/schema\/logo\/image\/","url":"https:\/\/avenir52.fr\/wp-content\/uploads\/2024\/05\/cropped-Aveniragricoleetrural-logo.jpg","contentUrl":"https:\/\/avenir52.fr\/wp-content\/uploads\/2024\/05\/cropped-Aveniragricoleetrural-logo.jpg","width":360,"height":123,"caption":"L'Avenir Agricole et Rural de la Haute-Marne"},"image":{"@id":"https:\/\/avenir52.fr\/#\/schema\/logo\/image\/"},"sameAs":["https:\/\/www.facebook.com\/AvenirAgricole52\/","https:\/\/x.com\/aveniragri52","https:\/\/www.linkedin.com\/company\/90947425\/"]},{"@type":"Person","@id":"https:\/\/avenir52.fr\/#\/schema\/person\/4a419e6feff43e22c0950c0e6d0ffef7","name":"Fr\u00e9d\u00e9ric VAN WESTEINDE","image":{"@type":"ImageObject","inLanguage":"fr-FR","@id":"https:\/\/secure.gravatar.com\/avatar\/4502f6563db1a226f328ec713d66e2f5f5b19a80bdcb21737d0a175af04d2db5?s=96&d=mm&r=g","url":"https:\/\/secure.gravatar.com\/avatar\/4502f6563db1a226f328ec713d66e2f5f5b19a80bdcb21737d0a175af04d2db5?s=96&d=mm&r=g","contentUrl":"https:\/\/secure.gravatar.com\/avatar\/4502f6563db1a226f328ec713d66e2f5f5b19a80bdcb21737d0a175af04d2db5?s=96&d=mm&r=g","caption":"Fr\u00e9d\u00e9ric VAN WESTEINDE"},"url":"https:\/\/avenir52.fr\/index.php\/author\/fvanwesteinde\/"}]}},"jetpack_publicize_connections":[],"_links":{"self":[{"href":"https:\/\/avenir52.fr\/index.php\/wp-json\/wp\/v2\/posts\/1503","targetHints":{"allow":["GET"]}}],"collection":[{"href":"https:\/\/avenir52.fr\/index.php\/wp-json\/wp\/v2\/posts"}],"about":[{"href":"https:\/\/avenir52.fr\/index.php\/wp-json\/wp\/v2\/types\/post"}],"author":[{"embeddable":true,"href":"https:\/\/avenir52.fr\/index.php\/wp-json\/wp\/v2\/users\/4"}],"replies":[{"embeddable":true,"href":"https:\/\/avenir52.fr\/index.php\/wp-json\/wp\/v2\/comments?post=1503"}],"version-history":[{"count":1,"href":"https:\/\/avenir52.fr\/index.php\/wp-json\/wp\/v2\/posts\/1503\/revisions"}],"predecessor-version":[{"id":1504,"href":"https:\/\/avenir52.fr\/index.php\/wp-json\/wp\/v2\/posts\/1503\/revisions\/1504"}],"wp:attachment":[{"href":"https:\/\/avenir52.fr\/index.php\/wp-json\/wp\/v2\/media?parent=1503"}],"wp:term":[{"taxonomy":"category","embeddable":true,"href":"https:\/\/avenir52.fr\/index.php\/wp-json\/wp\/v2\/categories?post=1503"},{"taxonomy":"post_tag","embeddable":true,"href":"https:\/\/avenir52.fr\/index.php\/wp-json\/wp\/v2\/tags?post=1503"}],"curies":[{"name":"wp","href":"https:\/\/api.w.org\/{rel}","templated":true}]}}