{"id":1514,"date":"2026-09-04T07:50:00","date_gmt":"2026-09-04T05:50:00","guid":{"rendered":"https:\/\/avenir52.fr\/?p=1514"},"modified":"2026-09-02T16:17:14","modified_gmt":"2026-09-02T14:17:14","slug":"un-frigo-de-produits-locaux-a-chaumont","status":"publish","type":"post","link":"https:\/\/avenir52.fr\/index.php\/2026\/09\/04\/un-frigo-de-produits-locaux-a-chaumont\/","title":{"rendered":"Un frigo de produits locaux \u00e0 Chaumont"},"content":{"rendered":"\n<p class=\"wp-block-paragraph\">Le Frigo Chaumontais c\u2019est plus de 180 casiers remplis de produits locaux en provenance d\u2019Esprit Paysan, disponibles 24 heures sur 24 et 7 jours sur 7 pr\u00e8s des halles de Chaumont.<\/p>\n\n\n\n<p class=\"wp-block-paragraph\">N\u2019arrivant pas \u00e0 louer son local commercial situ\u00e9 au 16 rue des halles \u00e0 Chaumont, Lucie Desprez se fait conseiller par une amie : \u00ab <em>Pourquoi tu ne mets pas des casiers dans ton local ?<\/em> \u00bb L\u2019id\u00e9e est bienvenue car Lucie est responsable du magasin de producteurs chaumontais Esprit Paysan. \u00ab\u2009<em>J\u2019ai d\u00e9cid\u00e9 d\u2019aller au bout du projet et d\u2019installer un maximum de casiers, d\u2019une part pour valoriser l\u2019espace et d\u2019autre part parce que Esprit Paysan propose tellement de produits que cela aurait \u00e9t\u00e9 difficile de choisir. En plus c\u2019est mieux pour les clients d\u2019avoir un large choix de produits<\/em> \u00bb.<\/p>\n\n\n\n<p class=\"wp-block-paragraph\">B\u00e9n\u00e9ficiant de subventions de la part de l\u2019Europe, de l\u2019Agglom\u00e9ration et de la ville de Chaumont, le projet aboutit. 183 casiers proposent de nombreux produits alimentaires : viande, produits traiteurs, l\u00e9gumes, fruits, fromages, boissons, \u0153ufs, farine, huile, et m\u00eame des paniers garnis. En fin de semaine des plateaux ap\u00e9ros dinatoires compos\u00e9s de charcuterie et de fromage pour une \u00e0 deux personnes sont disponibles. Et des promotions sont propos\u00e9es quand les dates de p\u00e9remption approchent pour \u00e9viter le gaspillage.<\/p>\n\n\n\n<p class=\"wp-block-paragraph\">D\u2019apr\u00e8s Lucie Desprez ce projet est un bon compl\u00e9ment \u00e0 Esprit Paysan. \u00ab <em>Le magasin est excentr\u00e9 alors mettre Le Frigo Chaumontais en plein centre ville c\u2019est permettre \u00e0 des gens qui ne peuvent pas se d\u00e9placer ou qui sont trop loin d\u2019avoir acc\u00e8s \u00e0 des produits locaux. Le fait d\u2019\u00eatre disponible 24 heures sur 24 et 7 jours sur 7 permet aux personnes qui travaillent de nuit de faire leurs courses ou \u00e0 d\u2019autres d\u2019acheter leur repas du dimanche soir<\/em> \u00bb.<\/p>\n\n\n\n<p class=\"wp-block-paragraph\"><strong>Une application pour plus de simplicit\u00e9<\/strong><\/p>\n\n\n\n<p class=\"wp-block-paragraph\"><br>L\u2019application \u00ab <em>Mon casier frais<\/em>\u2009\u00bb permet de voir en direct ce qui est disponible dans les casiers du Frigo Chaumontais, avec la possibilit\u00e9 de r\u00e9server des produits pendant une heure, puis de payer \u00e0 la borne sur place.<\/p>\n\n\n\n<p class=\"wp-block-paragraph\">L\u2019application offre \u00e9galement la possibilit\u00e9 de commander ses produits \u00e0 l\u2019avance et de venir les chercher 24 heures apr\u00e8s.<br>Depuis son ouverture le 8 ao\u00fbt, une vingtaine de clients viennent chaque jour se fournir en produits locaux. \u00ab <em>Je suis contente, \u00e7a marche bien, surtout les p\u00e2t\u00e9s lorrains, les fromages et les \u0153ufs. Et sur les r\u00e9seaux sociaux il y a un grand engouement<\/em> \u00bb, se r\u00e9jouit Lucie Desprez qui doit recharger ses casiers quotidiennement.<\/p>\n\n\n\n<p class=\"wp-block-paragraph\">Elle adapte \u00e9galement les produits en fonction des saisons : \u00ab<em>\u2009Le mois dernier on a propos\u00e9 des plateaux barbecue, en hiver il y aura des plateaux raclette<\/em> \u00bb.<\/p>\n\n\n\n<p class=\"wp-block-paragraph\">Et les projets sont nombreux : pose d\u2019une enseigne \u00e0 la fin du mois, paiement par carte restaurant (actuellement c\u2019est uniquement par carte bancaire) et formules d\u00e9jeuners pour le midi.<br>L\u2019am\u00e9nagement d\u2019un espace pour manger sur place est en r\u00e9flexion, ainsi que la vente de sacs isothermes. \u00ab <em>Il y a encore pleins de choses \u00e0 faire<\/em> \u00bb, se r\u00e9jouit Lucie Desprez qui ne manque pas d\u2019id\u00e9es pour d\u00e9velopper son beau projet.<\/p>\n\n\n\n<p class=\"wp-block-paragraph\">TM<\/p>\n","protected":false},"excerpt":{"rendered":"<p>Le Frigo Chaumontais c\u2019est plus de 180 casiers remplis de produits locaux en provenance d\u2019Esprit Paysan, disponibles 24 heures sur 24 et 7 jours sur [&#8230;]<\/p>\n","protected":false},"author":3,"featured_media":1515,"comment_status":"closed","ping_status":"closed","sticky":false,"template":"","format":"standard","meta":{"_monsterinsights_skip_tracking":false,"footnotes":"","jetpack_publicize_message":"","jetpack_publicize_feature_enabled":true,"jetpack_social_post_already_shared":true,"jetpack_social_options":{"image_generator_settings":{"template":"highway","default_image_id":0,"font":"","enabled":false},"version":2}},"categories":[6,3],"tags":[],"class_list":["post-1514","post","type-post","status-publish","format-standard","has-post-thumbnail","hentry","category-initiatives","category-vie-professionnelle"],"yoast_head":"<!-- This site is optimized with the Yoast SEO plugin v28.4 - https:\/\/yoast.com\/product\/yoast-seo-wordpress\/ -->\n<title>Un frigo de produits locaux \u00e0 Chaumont - L&#039;Avenir Agricole et Rural de la Haute-Marne<\/title>\n<meta name=\"robots\" content=\"index, follow, max-snippet:-1, max-image-preview:large, max-video-preview:-1\" \/>\n<link rel=\"canonical\" href=\"https:\/\/avenir52.fr\/index.php\/2026\/09\/04\/un-frigo-de-produits-locaux-a-chaumont\/\" \/>\n<meta property=\"og:locale\" content=\"fr_FR\" \/>\n<meta property=\"og:type\" content=\"article\" \/>\n<meta property=\"og:title\" content=\"Un frigo de produits locaux \u00e0 Chaumont - L&#039;Avenir Agricole et Rural de la Haute-Marne\" \/>\n<meta property=\"og:description\" content=\"Le Frigo Chaumontais c\u2019est plus de 180 casiers remplis de produits locaux en provenance d\u2019Esprit Paysan, disponibles 24 heures sur 24 et 7 jours sur [...]\" \/>\n<meta property=\"og:url\" content=\"https:\/\/avenir52.fr\/index.php\/2026\/09\/04\/un-frigo-de-produits-locaux-a-chaumont\/\" \/>\n<meta property=\"og:site_name\" content=\"L&#039;Avenir Agricole et Rural de la Haute-Marne\" \/>\n<meta property=\"article:publisher\" content=\"https:\/\/www.facebook.com\/AvenirAgricole52\/\" \/>\n<meta property=\"article:published_time\" content=\"2026-09-04T05:50:00+00:00\" \/>\n<meta property=\"og:image\" content=\"https:\/\/avenir52.fr\/wp-content\/uploads\/2026\/09\/Frigo.jpg\" \/>\n\t<meta property=\"og:image:width\" content=\"855\" \/>\n\t<meta property=\"og:image:height\" content=\"574\" \/>\n\t<meta property=\"og:image:type\" content=\"image\/jpeg\" \/>\n<meta name=\"author\" content=\"Thibaut MORILLON\" \/>\n<meta name=\"twitter:card\" content=\"summary_large_image\" \/>\n<meta name=\"twitter:creator\" content=\"@aveniragri52\" \/>\n<meta name=\"twitter:site\" content=\"@aveniragri52\" \/>\n<meta name=\"twitter:label1\" content=\"\u00c9crit par\" \/>\n\t<meta name=\"twitter:data1\" content=\"Thibaut MORILLON\" \/>\n\t<meta name=\"twitter:label2\" content=\"Dur\u00e9e de lecture estim\u00e9e\" \/>\n\t<meta name=\"twitter:data2\" content=\"3 minutes\" \/>\n<script type=\"application\/ld+json\" class=\"yoast-schema-graph\">{\"@context\":\"https:\\\/\\\/schema.org\",\"@graph\":[{\"@type\":\"Article\",\"@id\":\"https:\\\/\\\/avenir52.fr\\\/index.php\\\/2026\\\/09\\\/04\\\/un-frigo-de-produits-locaux-a-chaumont\\\/#article\",\"isPartOf\":{\"@id\":\"https:\\\/\\\/avenir52.fr\\\/index.php\\\/2026\\\/09\\\/04\\\/un-frigo-de-produits-locaux-a-chaumont\\\/\"},\"author\":{\"name\":\"Thibaut MORILLON\",\"@id\":\"https:\\\/\\\/avenir52.fr\\\/#\\\/schema\\\/person\\\/be62b40759582f9de2b8c967e7857fe2\"},\"headline\":\"Un frigo de produits locaux \u00e0 Chaumont\",\"datePublished\":\"2026-09-04T05:50:00+00:00\",\"mainEntityOfPage\":{\"@id\":\"https:\\\/\\\/avenir52.fr\\\/index.php\\\/2026\\\/09\\\/04\\\/un-frigo-de-produits-locaux-a-chaumont\\\/\"},\"wordCount\":535,\"publisher\":{\"@id\":\"https:\\\/\\\/avenir52.fr\\\/#organization\"},\"image\":{\"@id\":\"https:\\\/\\\/avenir52.fr\\\/index.php\\\/2026\\\/09\\\/04\\\/un-frigo-de-produits-locaux-a-chaumont\\\/#primaryimage\"},\"thumbnailUrl\":\"https:\\\/\\\/avenir52.fr\\\/wp-content\\\/uploads\\\/2026\\\/09\\\/Frigo.jpg\",\"articleSection\":[\"Initiatives\",\"Vie professionnelle\"],\"inLanguage\":\"fr-FR\"},{\"@type\":\"WebPage\",\"@id\":\"https:\\\/\\\/avenir52.fr\\\/index.php\\\/2026\\\/09\\\/04\\\/un-frigo-de-produits-locaux-a-chaumont\\\/\",\"url\":\"https:\\\/\\\/avenir52.fr\\\/index.php\\\/2026\\\/09\\\/04\\\/un-frigo-de-produits-locaux-a-chaumont\\\/\",\"name\":\"Un frigo de produits locaux \u00e0 Chaumont - L&#039;Avenir Agricole et Rural de la Haute-Marne\",\"isPartOf\":{\"@id\":\"https:\\\/\\\/avenir52.fr\\\/#website\"},\"primaryImageOfPage\":{\"@id\":\"https:\\\/\\\/avenir52.fr\\\/index.php\\\/2026\\\/09\\\/04\\\/un-frigo-de-produits-locaux-a-chaumont\\\/#primaryimage\"},\"image\":{\"@id\":\"https:\\\/\\\/avenir52.fr\\\/index.php\\\/2026\\\/09\\\/04\\\/un-frigo-de-produits-locaux-a-chaumont\\\/#primaryimage\"},\"thumbnailUrl\":\"https:\\\/\\\/avenir52.fr\\\/wp-content\\\/uploads\\\/2026\\\/09\\\/Frigo.jpg\",\"datePublished\":\"2026-09-04T05:50:00+00:00\",\"breadcrumb\":{\"@id\":\"https:\\\/\\\/avenir52.fr\\\/index.php\\\/2026\\\/09\\\/04\\\/un-frigo-de-produits-locaux-a-chaumont\\\/#breadcrumb\"},\"inLanguage\":\"fr-FR\",\"potentialAction\":[{\"@type\":\"ReadAction\",\"target\":[\"https:\\\/\\\/avenir52.fr\\\/index.php\\\/2026\\\/09\\\/04\\\/un-frigo-de-produits-locaux-a-chaumont\\\/\"]}]},{\"@type\":\"ImageObject\",\"inLanguage\":\"fr-FR\",\"@id\":\"https:\\\/\\\/avenir52.fr\\\/index.php\\\/2026\\\/09\\\/04\\\/un-frigo-de-produits-locaux-a-chaumont\\\/#primaryimage\",\"url\":\"https:\\\/\\\/avenir52.fr\\\/wp-content\\\/uploads\\\/2026\\\/09\\\/Frigo.jpg\",\"contentUrl\":\"https:\\\/\\\/avenir52.fr\\\/wp-content\\\/uploads\\\/2026\\\/09\\\/Frigo.jpg\",\"width\":855,\"height\":574,\"caption\":\"Les clients sont s\u00e9duits car les produits disponibles sont nombreux.\"},{\"@type\":\"BreadcrumbList\",\"@id\":\"https:\\\/\\\/avenir52.fr\\\/index.php\\\/2026\\\/09\\\/04\\\/un-frigo-de-produits-locaux-a-chaumont\\\/#breadcrumb\",\"itemListElement\":[{\"@type\":\"ListItem\",\"position\":1,\"name\":\"Accueil\",\"item\":\"https:\\\/\\\/avenir52.fr\\\/\"},{\"@type\":\"ListItem\",\"position\":2,\"name\":\"Un frigo de produits locaux \u00e0 Chaumont\"}]},{\"@type\":\"WebSite\",\"@id\":\"https:\\\/\\\/avenir52.fr\\\/#website\",\"url\":\"https:\\\/\\\/avenir52.fr\\\/\",\"name\":\"L'Avenir Agricole et Rural de la Haute-Marne\",\"description\":\"L&#039;Avenir Agricole et Rural de la Haute-Marne\",\"publisher\":{\"@id\":\"https:\\\/\\\/avenir52.fr\\\/#organization\"},\"potentialAction\":[{\"@type\":\"SearchAction\",\"target\":{\"@type\":\"EntryPoint\",\"urlTemplate\":\"https:\\\/\\\/avenir52.fr\\\/?s={search_term_string}\"},\"query-input\":{\"@type\":\"PropertyValueSpecification\",\"valueRequired\":true,\"valueName\":\"search_term_string\"}}],\"inLanguage\":\"fr-FR\"},{\"@type\":\"Organization\",\"@id\":\"https:\\\/\\\/avenir52.fr\\\/#organization\",\"name\":\"L'Avenir Agricole et Rural de la Haute-Marne\",\"url\":\"https:\\\/\\\/avenir52.fr\\\/\",\"logo\":{\"@type\":\"ImageObject\",\"inLanguage\":\"fr-FR\",\"@id\":\"https:\\\/\\\/avenir52.fr\\\/#\\\/schema\\\/logo\\\/image\\\/\",\"url\":\"https:\\\/\\\/avenir52.fr\\\/wp-content\\\/uploads\\\/2024\\\/05\\\/cropped-Aveniragricoleetrural-logo.jpg\",\"contentUrl\":\"https:\\\/\\\/avenir52.fr\\\/wp-content\\\/uploads\\\/2024\\\/05\\\/cropped-Aveniragricoleetrural-logo.jpg\",\"width\":360,\"height\":123,\"caption\":\"L'Avenir Agricole et Rural de la Haute-Marne\"},\"image\":{\"@id\":\"https:\\\/\\\/avenir52.fr\\\/#\\\/schema\\\/logo\\\/image\\\/\"},\"sameAs\":[\"https:\\\/\\\/www.facebook.com\\\/AvenirAgricole52\\\/\",\"https:\\\/\\\/x.com\\\/aveniragri52\",\"https:\\\/\\\/www.linkedin.com\\\/company\\\/90947425\\\/\"]},{\"@type\":\"Person\",\"@id\":\"https:\\\/\\\/avenir52.fr\\\/#\\\/schema\\\/person\\\/be62b40759582f9de2b8c967e7857fe2\",\"name\":\"Thibaut MORILLON\",\"image\":{\"@type\":\"ImageObject\",\"inLanguage\":\"fr-FR\",\"@id\":\"https:\\\/\\\/secure.gravatar.com\\\/avatar\\\/b0c6acd24c9ce743bdca1cb33acf27fe8668825af01d4e1af0bc757af5602fa4?s=96&d=mm&r=g\",\"url\":\"https:\\\/\\\/secure.gravatar.com\\\/avatar\\\/b0c6acd24c9ce743bdca1cb33acf27fe8668825af01d4e1af0bc757af5602fa4?s=96&d=mm&r=g\",\"contentUrl\":\"https:\\\/\\\/secure.gravatar.com\\\/avatar\\\/b0c6acd24c9ce743bdca1cb33acf27fe8668825af01d4e1af0bc757af5602fa4?s=96&d=mm&r=g\",\"caption\":\"Thibaut MORILLON\"},\"url\":\"https:\\\/\\\/avenir52.fr\\\/index.php\\\/author\\\/tmorillon\\\/\"}]}<\/script>\n<!-- \/ Yoast SEO plugin. -->","yoast_head_json":{"title":"Un frigo de produits locaux \u00e0 Chaumont - L&#039;Avenir Agricole et Rural de la Haute-Marne","robots":{"index":"index","follow":"follow","max-snippet":"max-snippet:-1","max-image-preview":"max-image-preview:large","max-video-preview":"max-video-preview:-1"},"canonical":"https:\/\/avenir52.fr\/index.php\/2026\/09\/04\/un-frigo-de-produits-locaux-a-chaumont\/","og_locale":"fr_FR","og_type":"article","og_title":"Un frigo de produits locaux \u00e0 Chaumont - L&#039;Avenir Agricole et Rural de la Haute-Marne","og_description":"Le Frigo Chaumontais c\u2019est plus de 180 casiers remplis de produits locaux en provenance d\u2019Esprit Paysan, disponibles 24 heures sur 24 et 7 jours sur [...]","og_url":"https:\/\/avenir52.fr\/index.php\/2026\/09\/04\/un-frigo-de-produits-locaux-a-chaumont\/","og_site_name":"L&#039;Avenir Agricole et Rural de la Haute-Marne","article_publisher":"https:\/\/www.facebook.com\/AvenirAgricole52\/","article_published_time":"2026-09-04T05:50:00+00:00","og_image":[{"width":855,"height":574,"url":"https:\/\/avenir52.fr\/wp-content\/uploads\/2026\/09\/Frigo.jpg","type":"image\/jpeg"}],"author":"Thibaut MORILLON","twitter_card":"summary_large_image","twitter_creator":"@aveniragri52","twitter_site":"@aveniragri52","twitter_misc":{"\u00c9crit par":"Thibaut MORILLON","Dur\u00e9e de lecture estim\u00e9e":"3 minutes"},"schema":{"@context":"https:\/\/schema.org","@graph":[{"@type":"Article","@id":"https:\/\/avenir52.fr\/index.php\/2026\/09\/04\/un-frigo-de-produits-locaux-a-chaumont\/#article","isPartOf":{"@id":"https:\/\/avenir52.fr\/index.php\/2026\/09\/04\/un-frigo-de-produits-locaux-a-chaumont\/"},"author":{"name":"Thibaut MORILLON","@id":"https:\/\/avenir52.fr\/#\/schema\/person\/be62b40759582f9de2b8c967e7857fe2"},"headline":"Un frigo de produits locaux \u00e0 Chaumont","datePublished":"2026-09-04T05:50:00+00:00","mainEntityOfPage":{"@id":"https:\/\/avenir52.fr\/index.php\/2026\/09\/04\/un-frigo-de-produits-locaux-a-chaumont\/"},"wordCount":535,"publisher":{"@id":"https:\/\/avenir52.fr\/#organization"},"image":{"@id":"https:\/\/avenir52.fr\/index.php\/2026\/09\/04\/un-frigo-de-produits-locaux-a-chaumont\/#primaryimage"},"thumbnailUrl":"https:\/\/avenir52.fr\/wp-content\/uploads\/2026\/09\/Frigo.jpg","articleSection":["Initiatives","Vie professionnelle"],"inLanguage":"fr-FR"},{"@type":"WebPage","@id":"https:\/\/avenir52.fr\/index.php\/2026\/09\/04\/un-frigo-de-produits-locaux-a-chaumont\/","url":"https:\/\/avenir52.fr\/index.php\/2026\/09\/04\/un-frigo-de-produits-locaux-a-chaumont\/","name":"Un frigo de produits locaux \u00e0 Chaumont - L&#039;Avenir Agricole et Rural de la Haute-Marne","isPartOf":{"@id":"https:\/\/avenir52.fr\/#website"},"primaryImageOfPage":{"@id":"https:\/\/avenir52.fr\/index.php\/2026\/09\/04\/un-frigo-de-produits-locaux-a-chaumont\/#primaryimage"},"image":{"@id":"https:\/\/avenir52.fr\/index.php\/2026\/09\/04\/un-frigo-de-produits-locaux-a-chaumont\/#primaryimage"},"thumbnailUrl":"https:\/\/avenir52.fr\/wp-content\/uploads\/2026\/09\/Frigo.jpg","datePublished":"2026-09-04T05:50:00+00:00","breadcrumb":{"@id":"https:\/\/avenir52.fr\/index.php\/2026\/09\/04\/un-frigo-de-produits-locaux-a-chaumont\/#breadcrumb"},"inLanguage":"fr-FR","potentialAction":[{"@type":"ReadAction","target":["https:\/\/avenir52.fr\/index.php\/2026\/09\/04\/un-frigo-de-produits-locaux-a-chaumont\/"]}]},{"@type":"ImageObject","inLanguage":"fr-FR","@id":"https:\/\/avenir52.fr\/index.php\/2026\/09\/04\/un-frigo-de-produits-locaux-a-chaumont\/#primaryimage","url":"https:\/\/avenir52.fr\/wp-content\/uploads\/2026\/09\/Frigo.jpg","contentUrl":"https:\/\/avenir52.fr\/wp-content\/uploads\/2026\/09\/Frigo.jpg","width":855,"height":574,"caption":"Les clients sont s\u00e9duits car les produits disponibles sont nombreux."},{"@type":"BreadcrumbList","@id":"https:\/\/avenir52.fr\/index.php\/2026\/09\/04\/un-frigo-de-produits-locaux-a-chaumont\/#breadcrumb","itemListElement":[{"@type":"ListItem","position":1,"name":"Accueil","item":"https:\/\/avenir52.fr\/"},{"@type":"ListItem","position":2,"name":"Un frigo de produits locaux \u00e0 Chaumont"}]},{"@type":"WebSite","@id":"https:\/\/avenir52.fr\/#website","url":"https:\/\/avenir52.fr\/","name":"L'Avenir Agricole et Rural de la Haute-Marne","description":"L&#039;Avenir Agricole et Rural de la Haute-Marne","publisher":{"@id":"https:\/\/avenir52.fr\/#organization"},"potentialAction":[{"@type":"SearchAction","target":{"@type":"EntryPoint","urlTemplate":"https:\/\/avenir52.fr\/?s={search_term_string}"},"query-input":{"@type":"PropertyValueSpecification","valueRequired":true,"valueName":"search_term_string"}}],"inLanguage":"fr-FR"},{"@type":"Organization","@id":"https:\/\/avenir52.fr\/#organization","name":"L'Avenir Agricole et Rural de la Haute-Marne","url":"https:\/\/avenir52.fr\/","logo":{"@type":"ImageObject","inLanguage":"fr-FR","@id":"https:\/\/avenir52.fr\/#\/schema\/logo\/image\/","url":"https:\/\/avenir52.fr\/wp-content\/uploads\/2024\/05\/cropped-Aveniragricoleetrural-logo.jpg","contentUrl":"https:\/\/avenir52.fr\/wp-content\/uploads\/2024\/05\/cropped-Aveniragricoleetrural-logo.jpg","width":360,"height":123,"caption":"L'Avenir Agricole et Rural de la Haute-Marne"},"image":{"@id":"https:\/\/avenir52.fr\/#\/schema\/logo\/image\/"},"sameAs":["https:\/\/www.facebook.com\/AvenirAgricole52\/","https:\/\/x.com\/aveniragri52","https:\/\/www.linkedin.com\/company\/90947425\/"]},{"@type":"Person","@id":"https:\/\/avenir52.fr\/#\/schema\/person\/be62b40759582f9de2b8c967e7857fe2","name":"Thibaut MORILLON","image":{"@type":"ImageObject","inLanguage":"fr-FR","@id":"https:\/\/secure.gravatar.com\/avatar\/b0c6acd24c9ce743bdca1cb33acf27fe8668825af01d4e1af0bc757af5602fa4?s=96&d=mm&r=g","url":"https:\/\/secure.gravatar.com\/avatar\/b0c6acd24c9ce743bdca1cb33acf27fe8668825af01d4e1af0bc757af5602fa4?s=96&d=mm&r=g","contentUrl":"https:\/\/secure.gravatar.com\/avatar\/b0c6acd24c9ce743bdca1cb33acf27fe8668825af01d4e1af0bc757af5602fa4?s=96&d=mm&r=g","caption":"Thibaut MORILLON"},"url":"https:\/\/avenir52.fr\/index.php\/author\/tmorillon\/"}]}},"jetpack_publicize_connections":[],"_links":{"self":[{"href":"https:\/\/avenir52.fr\/index.php\/wp-json\/wp\/v2\/posts\/1514","targetHints":{"allow":["GET"]}}],"collection":[{"href":"https:\/\/avenir52.fr\/index.php\/wp-json\/wp\/v2\/posts"}],"about":[{"href":"https:\/\/avenir52.fr\/index.php\/wp-json\/wp\/v2\/types\/post"}],"author":[{"embeddable":true,"href":"https:\/\/avenir52.fr\/index.php\/wp-json\/wp\/v2\/users\/3"}],"replies":[{"embeddable":true,"href":"https:\/\/avenir52.fr\/index.php\/wp-json\/wp\/v2\/comments?post=1514"}],"version-history":[{"count":1,"href":"https:\/\/avenir52.fr\/index.php\/wp-json\/wp\/v2\/posts\/1514\/revisions"}],"predecessor-version":[{"id":1516,"href":"https:\/\/avenir52.fr\/index.php\/wp-json\/wp\/v2\/posts\/1514\/revisions\/1516"}],"wp:featuredmedia":[{"embeddable":true,"href":"https:\/\/avenir52.fr\/index.php\/wp-json\/wp\/v2\/media\/1515"}],"wp:attachment":[{"href":"https:\/\/avenir52.fr\/index.php\/wp-json\/wp\/v2\/media?parent=1514"}],"wp:term":[{"taxonomy":"category","embeddable":true,"href":"https:\/\/avenir52.fr\/index.php\/wp-json\/wp\/v2\/categories?post=1514"},{"taxonomy":"post_tag","embeddable":true,"href":"https:\/\/avenir52.fr\/index.php\/wp-json\/wp\/v2\/tags?post=1514"}],"curies":[{"name":"wp","href":"https:\/\/api.w.org\/{rel}","templated":true}]}}