{"id":283,"date":"2024-08-14T08:56:02","date_gmt":"2024-08-14T06:56:02","guid":{"rendered":"https:\/\/avenir52.fr\/?p=283"},"modified":"2024-08-14T09:00:44","modified_gmt":"2024-08-14T07:00:44","slug":"associe-de-gaec-en-arret-de-travail-pensez-a-demander-une-dispense-de-travail-aupres-du-prefet","status":"publish","type":"post","link":"https:\/\/avenir52.fr\/index.php\/2024\/08\/14\/associe-de-gaec-en-arret-de-travail-pensez-a-demander-une-dispense-de-travail-aupres-du-prefet\/","title":{"rendered":"Associ\u00e9 de GAEC en arr\u00eat de travail\u00a0: pensez \u00e0 demander une dispense de travail aupr\u00e8s du pr\u00e9fet"},"content":{"rendered":"\n<p><em>Juridique\/Tous les associ\u00e9s de GAEC doivent participer de fa\u00e7on exclusive aux travaux de l\u2019exploitation. Cependant en cours de vie du groupement, il peut arriver qu\u2019un associ\u00e9 soit dans l\u2019incapacit\u00e9 de travailler. Dans ce cas, il est indispensable de r\u00e9gulariser sa situation afin de ne pas perdre l\u2019agr\u00e9ment du GAEC.<\/em><\/p>\n\n\n\n<p>Une dispense de travail peut \u00eatre accord\u00e9e dans les quatre cas suivants, selon l\u2019article R 323-32 du Code rural&nbsp;:<\/p>\n\n\n\n<p>&#8211; d\u00e9c\u00e8s&nbsp;: * dispense accord\u00e9e au conjoint survivant de l\u2019associ\u00e9 d\u00e9c\u00e9d\u00e9 qui a un ou plusieurs enfants mineurs \u00e0 charge&nbsp;;<\/p>\n\n\n\n<p>&nbsp;&nbsp;&nbsp;&nbsp;&nbsp;&nbsp;&nbsp;&nbsp;&nbsp;&nbsp;&nbsp; * dispense accord\u00e9e \u00e0 l\u2019h\u00e9ritier majeur de l\u2019associ\u00e9 d\u00e9c\u00e9d\u00e9 qui poursuit ses \u00e9tudes&nbsp;;<\/p>\n\n\n\n<p>&#8211; formation&nbsp;: dispense accord\u00e9e \u00e0 l\u2019associ\u00e9 qui souhaite b\u00e9n\u00e9ficier d\u2019un cong\u00e9 pour formation professionnelle&nbsp;; <a>l\u2019associ\u00e9 doit justifier d\u2019un an au moins de travail effectif et permanent au sein du groupement&nbsp;<\/a>;<\/p>\n\n\n\n<p>&#8211; cong\u00e9 parental&nbsp;: dispense accord\u00e9e pour b\u00e9n\u00e9ficier de l\u2019allocation parentale d\u2019\u00e9ducation&nbsp;; l\u2019associ\u00e9 doit justifier d\u2019un an au moins de travail effectif et permanent au sein du groupement&nbsp;;<\/p>\n\n\n\n<p>&#8211; maladie\/accident\/maternit\u00e9&nbsp;: dispense accord\u00e9e en cas d\u2019impossibilit\u00e9 de travail en raison de l\u2019\u00e9tat de sant\u00e9 de l\u2019associ\u00e9.<\/p>\n\n\n\n<p><strong>Dur\u00e9e de la dispense de travail<\/strong><\/p>\n\n\n\n<p>En fonction du motif, les dispenses de travail sont limit\u00e9es \u00e0 une certaine dur\u00e9e, variable d\u2019un cas \u00e0 l\u2019autre&nbsp;:<\/p>\n\n\n\n<p>&#8211; d\u00e9c\u00e8s&nbsp;: un an renouvelable une fois,<\/p>\n\n\n\n<p>&#8211; formation&nbsp;: un an non renouvelable,<\/p>\n\n\n\n<p>&#8211; cong\u00e9 parental&nbsp;: plusieurs ann\u00e9es en fonction du nombre d\u2019enfants,<\/p>\n\n\n\n<p>&#8211; maladie\/accident\/maternit\u00e9&nbsp;: 1 an non renouvelable.<\/p>\n\n\n\n<p>Le fait que l\u2019associ\u00e9 soit ou non indemnis\u00e9 par la MSA ou par des assurances n\u2019a aucune incidence sur la dispense qui doit \u00eatre r\u00e9alis\u00e9e d\u00e8s la survenance de l\u2019\u00e9v\u00e8nement et au plus tard dans le d\u00e9lai d\u2019un mois.<\/p>\n\n\n\n<p>En pratique, il est courant que les arr\u00eats de courte dur\u00e9e ne fassent pas l\u2019objet de demande.<\/p>\n\n\n\n<p>Aucun seuil minimum de dur\u00e9e n\u2019est fix\u00e9 au niveau r\u00e9glementaire. Il est parfaitement possible que la Formation Sp\u00e9cialis\u00e9e des GAEC de la CDOA (exemple&nbsp;: Comit\u00e9 d\u2019agr\u00e9ment) fixe une dur\u00e9e de r\u00e9f\u00e9rence (par exemple trois mois), elle servira ainsi de base pour \u00e9tudier les diff\u00e9rentes demandes et permettra que les arr\u00eats d\u2019une dur\u00e9e inf\u00e9rieure ne soient pas \u00e0 d\u00e9clarer.<strong><\/strong><\/p>\n\n\n\n<p><strong>Enchainement des dispenses<\/strong><\/p>\n\n\n\n<p>En cas d\u2019arr\u00eats successifs, il n\u2019est pas rare que rien ne soit fait pour le premier arr\u00eat de courte dur\u00e9e. Mais si l\u2019arr\u00eat se prolonge, une dispense devra \u00eatre mise en \u0153uvre. S\u2019ouvrira alors le d\u00e9compte du d\u00e9lai d\u2019une ann\u00e9e non renouvelable.<\/p>\n\n\n\n<p>Si la dispense arrive \u00e0 son terme et que l\u2019associ\u00e9 ne peut reprendre le travail, le GAEC se trouve alors en situation irr\u00e9guli\u00e8re. Il est n\u00e9cessaire de demander un maintien provisoire d\u2019agr\u00e9ment d\u00e9rogatoire.<\/p>\n\n\n\n<p>Il ne s\u2019agit pas d\u2019une demande de dispense mais d\u2019une demande de maintien d\u2019agr\u00e9ment du GAEC non conforme (au regard des dispositions de l\u2019article L 323-12 du code rural). La demande doit \u00eatre motiv\u00e9e.<\/p>\n\n\n\n<p>L\u2019Administration peut maintenir l\u2019agr\u00e9ment pour une dur\u00e9e d\u2019un an renouvelable. La dispense est un droit si les conditions sont remplies alors que le maintien d\u2019agr\u00e9ment est une possibilit\u00e9 laiss\u00e9e \u00e0 l\u2019appr\u00e9ciation du pr\u00e9fet.<strong><\/strong><\/p>\n\n\n\n<p><strong>Comment faire la demande de dispense<\/strong><\/p>\n\n\n\n<p>Les associ\u00e9s du GAEC doivent prendre une d\u00e9cision collective (Proc\u00e8s-verbal d\u2019assembl\u00e9e g\u00e9n\u00e9rale Extraordinaire) accordant \u00e0 titre temporaire cette dispense de travail. Elle doit \u00eatre motiv\u00e9e et indiquer sa dur\u00e9e. Elle est subordonn\u00e9e \u00e0 la condition de ne pas compromettre gravement le travail en commun n\u00e9cessaire au bon fonctionnement du groupement.<\/p>\n\n\n\n<p>La d\u00e9cision est adress\u00e9e au pr\u00e9fet (via la DDT) dans le mois, et est accompagn\u00e9e du formulaire (voir encadr\u00e9) et des pi\u00e8ces justificatives (certificat, arr\u00eats de travail, attestation\u2026)<\/p>\n\n\n\n<p>A d\u00e9faut de r\u00e9ponse dans les deux mois, la dispense est consid\u00e9r\u00e9e comme accord\u00e9e.<\/p>\n\n\n\n<p><strong>Dispense de travail et transparence<\/strong><\/p>\n\n\n\n<p>Seuls les associ\u00e9s participant au travail en commun ouvrent droit au b\u00e9n\u00e9fice de la transparence \u00e9conomique en GAEC. L\u2019accord de dispense du pr\u00e9fet permet le maintien de l\u2019agr\u00e9ment du groupement et non la transparence. L\u2019associ\u00e9 dispens\u00e9 de travail perd donc cette transparence. Il est possible de la maintenir en justifiant de l\u2019apport nouveau de main d\u2019\u0153uvre ext\u00e9rieure au GAEC comme l\u2019embauche d\u2019un salari\u00e9, le recours au Service de Remplacement afin de pallier les difficult\u00e9s r\u00e9sultant de cette situation.<strong><\/strong><\/p>\n\n\n\n<p><strong>Sanction<\/strong><\/p>\n\n\n\n<p>L\u2019absence de demande de dispense peut entra\u00eener le retrait d\u2019agr\u00e9ment et la perte de transparence, d\u2019o\u00f9 l\u2019importance de r\u00e9gulariser toute situation avant un contr\u00f4le de conformit\u00e9 de l\u2019Administration.<\/p>\n\n\n\n<p><strong>Val\u00e9rie LAVEY<\/strong> &#8211; <strong>FRSEA Grand Est<\/strong><\/p>\n\n\n\n<p>Pour toute question compl\u00e9mentaire, prendre contact avec la FDSEA.<\/p>\n\n\n\n<p><\/p>\n\n\n\n<p><strong>Dispense de travail et invalidit\u00e9<\/strong><em><\/em><\/p>\n\n\n\n<p><em>\u00ab Un exploitant, associ\u00e9 d&rsquo;un GAEC a \u00e9t\u00e9 victime d\u2019un accident de travail. Il lui a \u00e9t\u00e9 accord\u00e9 une dispense, puis il a repris son activit\u00e9 professionnelle. Il vient d&rsquo;obtenir la reconnaissance d&rsquo;une invalidit\u00e9 partielle \u00e0 la suite de cet accident. Cette reconnaissance peut-elle remettre en cause l&rsquo;agr\u00e9ment du GAEC, dans la mesure o\u00f9 l&rsquo;associ\u00e9 travaillera toujours sur l&rsquo;exploitation dans la limite de ses capacit\u00e9s ? La pension d&rsquo;invalidit\u00e9 doit-elle \u00eatre prise en compte dans la r\u00e9mun\u00e9ration mensuelle de l&rsquo;associ\u00e9 ? \u00bb.<\/em><\/p>\n\n\n\n<p>Le principe est que les associ\u00e9s doivent participer effectivement au travail en commun, en cherchant un \u00e9quilibre dans la r\u00e9partition des t\u00e2ches. Une personne peut travailler \u00e0 temps partiel mais tout son temps de travail doit \u00eatre consacr\u00e9 \u00e0 l&rsquo;exploitation (sauf d\u00e9rogation). Dans le cas d&rsquo;une invalidit\u00e9 partielle, l&rsquo;associ\u00e9 du GAEC devra avoir la capacit\u00e9 d&rsquo;assumer une part r\u00e9elle du travail, devra \u00eatre r\u00e9mun\u00e9r\u00e9 au moins au SMIC (sans tenir compte de la pension d&rsquo;invalidit\u00e9) et devra \u00eatre chef d&rsquo;exploitation. La jurisprudence pr\u00e9voit le caract\u00e8re obligatoire et forfaitaire du SMIC.<\/p>\n\n\n\n<p>Attention, conform\u00e9ment \u00e0 l&rsquo;article R323-31 du code rural, l&rsquo;exercice des fonctions de direction ne dispense pas de la participation aux travaux d&rsquo;ex\u00e9cution. Que l&rsquo;incapacit\u00e9 soit physique ou psychologique n&rsquo;a pas r\u00e9ellement d&rsquo;incidence, c&rsquo;est la capacit\u00e9 de l&rsquo;associ\u00e9 \u00e0 travailler qui doit \u00eatre examin\u00e9e.<\/p>\n","protected":false},"excerpt":{"rendered":"<p>Juridique\/Tous les associ\u00e9s de GAEC doivent participer de fa\u00e7on exclusive aux travaux de l\u2019exploitation. Cependant en cours de vie du groupement, il peut arriver qu\u2019un [&#8230;]<\/p>\n","protected":false},"author":1,"featured_media":176,"comment_status":"closed","ping_status":"closed","sticky":false,"template":"","format":"standard","meta":{"_monsterinsights_skip_tracking":false,"_monsterinsights_sitenote_active":false,"_monsterinsights_sitenote_note":"","_monsterinsights_sitenote_category":0,"footnotes":"","jetpack_publicize_message":"","jetpack_publicize_feature_enabled":false,"jetpack_social_post_already_shared":false,"jetpack_social_options":{"image_generator_settings":{"template":"highway","enabled":false},"version":2}},"categories":[4,5,3],"tags":[],"class_list":["post-283","post","type-post","status-publish","format-standard","has-post-thumbnail","hentry","category-cultures","category-elevages","category-vie-professionnelle"],"yoast_head":"<!-- This site is optimized with the Yoast SEO plugin v27.4 - https:\/\/yoast.com\/product\/yoast-seo-wordpress\/ -->\n<title>Associ\u00e9 de GAEC en arr\u00eat de travail\u00a0: pensez \u00e0 demander une dispense de travail aupr\u00e8s du pr\u00e9fet - L&#039;Avenir Agricole et Rural de la Haute-Marne<\/title>\n<meta name=\"robots\" content=\"index, follow, max-snippet:-1, max-image-preview:large, max-video-preview:-1\" \/>\n<link rel=\"canonical\" href=\"https:\/\/avenir52.fr\/index.php\/2024\/08\/14\/associe-de-gaec-en-arret-de-travail-pensez-a-demander-une-dispense-de-travail-aupres-du-prefet\/\" \/>\n<meta property=\"og:locale\" content=\"fr_FR\" \/>\n<meta property=\"og:type\" content=\"article\" \/>\n<meta property=\"og:title\" content=\"Associ\u00e9 de GAEC en arr\u00eat de travail\u00a0: pensez \u00e0 demander une dispense de travail aupr\u00e8s du pr\u00e9fet - L&#039;Avenir Agricole et Rural de la Haute-Marne\" \/>\n<meta property=\"og:description\" content=\"Juridique\/Tous les associ\u00e9s de GAEC doivent participer de fa\u00e7on exclusive aux travaux de l\u2019exploitation. Cependant en cours de vie du groupement, il peut arriver qu\u2019un [...]\" \/>\n<meta property=\"og:url\" content=\"https:\/\/avenir52.fr\/index.php\/2024\/08\/14\/associe-de-gaec-en-arret-de-travail-pensez-a-demander-une-dispense-de-travail-aupres-du-prefet\/\" \/>\n<meta property=\"og:site_name\" content=\"L&#039;Avenir Agricole et Rural de la Haute-Marne\" \/>\n<meta property=\"article:publisher\" content=\"https:\/\/www.facebook.com\/AvenirAgricole52\/\" \/>\n<meta property=\"article:author\" content=\"https:\/\/www.facebook.com\/AvenirAgricole52\/\" \/>\n<meta property=\"article:published_time\" content=\"2024-08-14T06:56:02+00:00\" \/>\n<meta property=\"article:modified_time\" content=\"2024-08-14T07:00:44+00:00\" \/>\n<meta property=\"og:image\" content=\"https:\/\/avenir52.fr\/wp-content\/uploads\/2024\/06\/Exploitants.jpg\" \/>\n\t<meta property=\"og:image:width\" content=\"1685\" \/>\n\t<meta property=\"og:image:height\" content=\"1133\" \/>\n\t<meta property=\"og:image:type\" content=\"image\/jpeg\" \/>\n<meta name=\"author\" content=\"L&#039;Avenir Agricole et Rural\" \/>\n<meta name=\"twitter:card\" content=\"summary_large_image\" \/>\n<meta name=\"twitter:creator\" content=\"@aveniragri52\" \/>\n<meta name=\"twitter:site\" content=\"@aveniragri52\" \/>\n<meta name=\"twitter:label1\" content=\"\u00c9crit par\" \/>\n\t<meta name=\"twitter:data1\" content=\"L&#039;Avenir Agricole et Rural\" \/>\n\t<meta name=\"twitter:label2\" content=\"Dur\u00e9e de lecture estim\u00e9e\" \/>\n\t<meta name=\"twitter:data2\" content=\"6 minutes\" \/>\n<script type=\"application\/ld+json\" class=\"yoast-schema-graph\">{\"@context\":\"https:\\\/\\\/schema.org\",\"@graph\":[{\"@type\":\"Article\",\"@id\":\"https:\\\/\\\/avenir52.fr\\\/index.php\\\/2024\\\/08\\\/14\\\/associe-de-gaec-en-arret-de-travail-pensez-a-demander-une-dispense-de-travail-aupres-du-prefet\\\/#article\",\"isPartOf\":{\"@id\":\"https:\\\/\\\/avenir52.fr\\\/index.php\\\/2024\\\/08\\\/14\\\/associe-de-gaec-en-arret-de-travail-pensez-a-demander-une-dispense-de-travail-aupres-du-prefet\\\/\"},\"author\":{\"name\":\"L'Avenir Agricole et Rural\",\"@id\":\"https:\\\/\\\/avenir52.fr\\\/#\\\/schema\\\/person\\\/d5883bd6e25457d1dcb94d95d918b60e\"},\"headline\":\"Associ\u00e9 de GAEC en arr\u00eat de travail\u00a0: pensez \u00e0 demander une dispense de travail aupr\u00e8s du pr\u00e9fet\",\"datePublished\":\"2024-08-14T06:56:02+00:00\",\"dateModified\":\"2024-08-14T07:00:44+00:00\",\"mainEntityOfPage\":{\"@id\":\"https:\\\/\\\/avenir52.fr\\\/index.php\\\/2024\\\/08\\\/14\\\/associe-de-gaec-en-arret-de-travail-pensez-a-demander-une-dispense-de-travail-aupres-du-prefet\\\/\"},\"wordCount\":1144,\"publisher\":{\"@id\":\"https:\\\/\\\/avenir52.fr\\\/#organization\"},\"image\":{\"@id\":\"https:\\\/\\\/avenir52.fr\\\/index.php\\\/2024\\\/08\\\/14\\\/associe-de-gaec-en-arret-de-travail-pensez-a-demander-une-dispense-de-travail-aupres-du-prefet\\\/#primaryimage\"},\"thumbnailUrl\":\"https:\\\/\\\/avenir52.fr\\\/wp-content\\\/uploads\\\/2024\\\/06\\\/Exploitants.jpg\",\"articleSection\":[\"Cultures\",\"Elevages\",\"Vie professionnelle\"],\"inLanguage\":\"fr-FR\"},{\"@type\":\"WebPage\",\"@id\":\"https:\\\/\\\/avenir52.fr\\\/index.php\\\/2024\\\/08\\\/14\\\/associe-de-gaec-en-arret-de-travail-pensez-a-demander-une-dispense-de-travail-aupres-du-prefet\\\/\",\"url\":\"https:\\\/\\\/avenir52.fr\\\/index.php\\\/2024\\\/08\\\/14\\\/associe-de-gaec-en-arret-de-travail-pensez-a-demander-une-dispense-de-travail-aupres-du-prefet\\\/\",\"name\":\"Associ\u00e9 de GAEC en arr\u00eat de travail\u00a0: pensez \u00e0 demander une dispense de travail aupr\u00e8s du pr\u00e9fet - L&#039;Avenir Agricole et Rural de la Haute-Marne\",\"isPartOf\":{\"@id\":\"https:\\\/\\\/avenir52.fr\\\/#website\"},\"primaryImageOfPage\":{\"@id\":\"https:\\\/\\\/avenir52.fr\\\/index.php\\\/2024\\\/08\\\/14\\\/associe-de-gaec-en-arret-de-travail-pensez-a-demander-une-dispense-de-travail-aupres-du-prefet\\\/#primaryimage\"},\"image\":{\"@id\":\"https:\\\/\\\/avenir52.fr\\\/index.php\\\/2024\\\/08\\\/14\\\/associe-de-gaec-en-arret-de-travail-pensez-a-demander-une-dispense-de-travail-aupres-du-prefet\\\/#primaryimage\"},\"thumbnailUrl\":\"https:\\\/\\\/avenir52.fr\\\/wp-content\\\/uploads\\\/2024\\\/06\\\/Exploitants.jpg\",\"datePublished\":\"2024-08-14T06:56:02+00:00\",\"dateModified\":\"2024-08-14T07:00:44+00:00\",\"breadcrumb\":{\"@id\":\"https:\\\/\\\/avenir52.fr\\\/index.php\\\/2024\\\/08\\\/14\\\/associe-de-gaec-en-arret-de-travail-pensez-a-demander-une-dispense-de-travail-aupres-du-prefet\\\/#breadcrumb\"},\"inLanguage\":\"fr-FR\",\"potentialAction\":[{\"@type\":\"ReadAction\",\"target\":[\"https:\\\/\\\/avenir52.fr\\\/index.php\\\/2024\\\/08\\\/14\\\/associe-de-gaec-en-arret-de-travail-pensez-a-demander-une-dispense-de-travail-aupres-du-prefet\\\/\"]}]},{\"@type\":\"ImageObject\",\"inLanguage\":\"fr-FR\",\"@id\":\"https:\\\/\\\/avenir52.fr\\\/index.php\\\/2024\\\/08\\\/14\\\/associe-de-gaec-en-arret-de-travail-pensez-a-demander-une-dispense-de-travail-aupres-du-prefet\\\/#primaryimage\",\"url\":\"https:\\\/\\\/avenir52.fr\\\/wp-content\\\/uploads\\\/2024\\\/06\\\/Exploitants.jpg\",\"contentUrl\":\"https:\\\/\\\/avenir52.fr\\\/wp-content\\\/uploads\\\/2024\\\/06\\\/Exploitants.jpg\",\"width\":1685,\"height\":1133},{\"@type\":\"BreadcrumbList\",\"@id\":\"https:\\\/\\\/avenir52.fr\\\/index.php\\\/2024\\\/08\\\/14\\\/associe-de-gaec-en-arret-de-travail-pensez-a-demander-une-dispense-de-travail-aupres-du-prefet\\\/#breadcrumb\",\"itemListElement\":[{\"@type\":\"ListItem\",\"position\":1,\"name\":\"Accueil\",\"item\":\"https:\\\/\\\/avenir52.fr\\\/\"},{\"@type\":\"ListItem\",\"position\":2,\"name\":\"Associ\u00e9 de GAEC en arr\u00eat de travail\u00a0: pensez \u00e0 demander une dispense de travail aupr\u00e8s du pr\u00e9fet\"}]},{\"@type\":\"WebSite\",\"@id\":\"https:\\\/\\\/avenir52.fr\\\/#website\",\"url\":\"https:\\\/\\\/avenir52.fr\\\/\",\"name\":\"L'Avenir Agricole et Rural de la Haute-Marne\",\"description\":\"L&#039;Avenir Agricole et Rural de la Haute-Marne\",\"publisher\":{\"@id\":\"https:\\\/\\\/avenir52.fr\\\/#organization\"},\"potentialAction\":[{\"@type\":\"SearchAction\",\"target\":{\"@type\":\"EntryPoint\",\"urlTemplate\":\"https:\\\/\\\/avenir52.fr\\\/?s={search_term_string}\"},\"query-input\":{\"@type\":\"PropertyValueSpecification\",\"valueRequired\":true,\"valueName\":\"search_term_string\"}}],\"inLanguage\":\"fr-FR\"},{\"@type\":\"Organization\",\"@id\":\"https:\\\/\\\/avenir52.fr\\\/#organization\",\"name\":\"L'Avenir Agricole et Rural de la Haute-Marne\",\"url\":\"https:\\\/\\\/avenir52.fr\\\/\",\"logo\":{\"@type\":\"ImageObject\",\"inLanguage\":\"fr-FR\",\"@id\":\"https:\\\/\\\/avenir52.fr\\\/#\\\/schema\\\/logo\\\/image\\\/\",\"url\":\"https:\\\/\\\/avenir52.fr\\\/wp-content\\\/uploads\\\/2024\\\/05\\\/cropped-Aveniragricoleetrural-logo.jpg\",\"contentUrl\":\"https:\\\/\\\/avenir52.fr\\\/wp-content\\\/uploads\\\/2024\\\/05\\\/cropped-Aveniragricoleetrural-logo.jpg\",\"width\":360,\"height\":123,\"caption\":\"L'Avenir Agricole et Rural de la Haute-Marne\"},\"image\":{\"@id\":\"https:\\\/\\\/avenir52.fr\\\/#\\\/schema\\\/logo\\\/image\\\/\"},\"sameAs\":[\"https:\\\/\\\/www.facebook.com\\\/AvenirAgricole52\\\/\",\"https:\\\/\\\/x.com\\\/aveniragri52\",\"https:\\\/\\\/www.linkedin.com\\\/company\\\/90947425\\\/\"]},{\"@type\":\"Person\",\"@id\":\"https:\\\/\\\/avenir52.fr\\\/#\\\/schema\\\/person\\\/d5883bd6e25457d1dcb94d95d918b60e\",\"name\":\"L'Avenir Agricole et Rural\",\"image\":{\"@type\":\"ImageObject\",\"inLanguage\":\"fr-FR\",\"@id\":\"https:\\\/\\\/secure.gravatar.com\\\/avatar\\\/155fb14f309a64820cca5e7f71daf9646493a08d615f0fd4e3cd1ebf9a58d527?s=96&d=mm&r=g\",\"url\":\"https:\\\/\\\/secure.gravatar.com\\\/avatar\\\/155fb14f309a64820cca5e7f71daf9646493a08d615f0fd4e3cd1ebf9a58d527?s=96&d=mm&r=g\",\"contentUrl\":\"https:\\\/\\\/secure.gravatar.com\\\/avatar\\\/155fb14f309a64820cca5e7f71daf9646493a08d615f0fd4e3cd1ebf9a58d527?s=96&d=mm&r=g\",\"caption\":\"L'Avenir Agricole et Rural\"},\"sameAs\":[\"http:\\\/\\\/avenir52.fr\",\"https:\\\/\\\/www.facebook.com\\\/AvenirAgricole52\\\/\",\"https:\\\/\\\/www.linkedin.com\\\/company\\\/90947425\\\/\"],\"url\":\"https:\\\/\\\/avenir52.fr\\\/index.php\\\/author\\\/admin7544\\\/\"}]}<\/script>\n<!-- \/ Yoast SEO plugin. -->","yoast_head_json":{"title":"Associ\u00e9 de GAEC en arr\u00eat de travail\u00a0: pensez \u00e0 demander une dispense de travail aupr\u00e8s du pr\u00e9fet - L&#039;Avenir Agricole et Rural de la Haute-Marne","robots":{"index":"index","follow":"follow","max-snippet":"max-snippet:-1","max-image-preview":"max-image-preview:large","max-video-preview":"max-video-preview:-1"},"canonical":"https:\/\/avenir52.fr\/index.php\/2024\/08\/14\/associe-de-gaec-en-arret-de-travail-pensez-a-demander-une-dispense-de-travail-aupres-du-prefet\/","og_locale":"fr_FR","og_type":"article","og_title":"Associ\u00e9 de GAEC en arr\u00eat de travail\u00a0: pensez \u00e0 demander une dispense de travail aupr\u00e8s du pr\u00e9fet - L&#039;Avenir Agricole et Rural de la Haute-Marne","og_description":"Juridique\/Tous les associ\u00e9s de GAEC doivent participer de fa\u00e7on exclusive aux travaux de l\u2019exploitation. Cependant en cours de vie du groupement, il peut arriver qu\u2019un [...]","og_url":"https:\/\/avenir52.fr\/index.php\/2024\/08\/14\/associe-de-gaec-en-arret-de-travail-pensez-a-demander-une-dispense-de-travail-aupres-du-prefet\/","og_site_name":"L&#039;Avenir Agricole et Rural de la Haute-Marne","article_publisher":"https:\/\/www.facebook.com\/AvenirAgricole52\/","article_author":"https:\/\/www.facebook.com\/AvenirAgricole52\/","article_published_time":"2024-08-14T06:56:02+00:00","article_modified_time":"2024-08-14T07:00:44+00:00","og_image":[{"width":1685,"height":1133,"url":"https:\/\/avenir52.fr\/wp-content\/uploads\/2024\/06\/Exploitants.jpg","type":"image\/jpeg"}],"author":"L'Avenir Agricole et Rural","twitter_card":"summary_large_image","twitter_creator":"@aveniragri52","twitter_site":"@aveniragri52","twitter_misc":{"\u00c9crit par":"L'Avenir Agricole et Rural","Dur\u00e9e de lecture estim\u00e9e":"6 minutes"},"schema":{"@context":"https:\/\/schema.org","@graph":[{"@type":"Article","@id":"https:\/\/avenir52.fr\/index.php\/2024\/08\/14\/associe-de-gaec-en-arret-de-travail-pensez-a-demander-une-dispense-de-travail-aupres-du-prefet\/#article","isPartOf":{"@id":"https:\/\/avenir52.fr\/index.php\/2024\/08\/14\/associe-de-gaec-en-arret-de-travail-pensez-a-demander-une-dispense-de-travail-aupres-du-prefet\/"},"author":{"name":"L'Avenir Agricole et Rural","@id":"https:\/\/avenir52.fr\/#\/schema\/person\/d5883bd6e25457d1dcb94d95d918b60e"},"headline":"Associ\u00e9 de GAEC en arr\u00eat de travail\u00a0: pensez \u00e0 demander une dispense de travail aupr\u00e8s du pr\u00e9fet","datePublished":"2024-08-14T06:56:02+00:00","dateModified":"2024-08-14T07:00:44+00:00","mainEntityOfPage":{"@id":"https:\/\/avenir52.fr\/index.php\/2024\/08\/14\/associe-de-gaec-en-arret-de-travail-pensez-a-demander-une-dispense-de-travail-aupres-du-prefet\/"},"wordCount":1144,"publisher":{"@id":"https:\/\/avenir52.fr\/#organization"},"image":{"@id":"https:\/\/avenir52.fr\/index.php\/2024\/08\/14\/associe-de-gaec-en-arret-de-travail-pensez-a-demander-une-dispense-de-travail-aupres-du-prefet\/#primaryimage"},"thumbnailUrl":"https:\/\/avenir52.fr\/wp-content\/uploads\/2024\/06\/Exploitants.jpg","articleSection":["Cultures","Elevages","Vie professionnelle"],"inLanguage":"fr-FR"},{"@type":"WebPage","@id":"https:\/\/avenir52.fr\/index.php\/2024\/08\/14\/associe-de-gaec-en-arret-de-travail-pensez-a-demander-une-dispense-de-travail-aupres-du-prefet\/","url":"https:\/\/avenir52.fr\/index.php\/2024\/08\/14\/associe-de-gaec-en-arret-de-travail-pensez-a-demander-une-dispense-de-travail-aupres-du-prefet\/","name":"Associ\u00e9 de GAEC en arr\u00eat de travail\u00a0: pensez \u00e0 demander une dispense de travail aupr\u00e8s du pr\u00e9fet - L&#039;Avenir Agricole et Rural de la Haute-Marne","isPartOf":{"@id":"https:\/\/avenir52.fr\/#website"},"primaryImageOfPage":{"@id":"https:\/\/avenir52.fr\/index.php\/2024\/08\/14\/associe-de-gaec-en-arret-de-travail-pensez-a-demander-une-dispense-de-travail-aupres-du-prefet\/#primaryimage"},"image":{"@id":"https:\/\/avenir52.fr\/index.php\/2024\/08\/14\/associe-de-gaec-en-arret-de-travail-pensez-a-demander-une-dispense-de-travail-aupres-du-prefet\/#primaryimage"},"thumbnailUrl":"https:\/\/avenir52.fr\/wp-content\/uploads\/2024\/06\/Exploitants.jpg","datePublished":"2024-08-14T06:56:02+00:00","dateModified":"2024-08-14T07:00:44+00:00","breadcrumb":{"@id":"https:\/\/avenir52.fr\/index.php\/2024\/08\/14\/associe-de-gaec-en-arret-de-travail-pensez-a-demander-une-dispense-de-travail-aupres-du-prefet\/#breadcrumb"},"inLanguage":"fr-FR","potentialAction":[{"@type":"ReadAction","target":["https:\/\/avenir52.fr\/index.php\/2024\/08\/14\/associe-de-gaec-en-arret-de-travail-pensez-a-demander-une-dispense-de-travail-aupres-du-prefet\/"]}]},{"@type":"ImageObject","inLanguage":"fr-FR","@id":"https:\/\/avenir52.fr\/index.php\/2024\/08\/14\/associe-de-gaec-en-arret-de-travail-pensez-a-demander-une-dispense-de-travail-aupres-du-prefet\/#primaryimage","url":"https:\/\/avenir52.fr\/wp-content\/uploads\/2024\/06\/Exploitants.jpg","contentUrl":"https:\/\/avenir52.fr\/wp-content\/uploads\/2024\/06\/Exploitants.jpg","width":1685,"height":1133},{"@type":"BreadcrumbList","@id":"https:\/\/avenir52.fr\/index.php\/2024\/08\/14\/associe-de-gaec-en-arret-de-travail-pensez-a-demander-une-dispense-de-travail-aupres-du-prefet\/#breadcrumb","itemListElement":[{"@type":"ListItem","position":1,"name":"Accueil","item":"https:\/\/avenir52.fr\/"},{"@type":"ListItem","position":2,"name":"Associ\u00e9 de GAEC en arr\u00eat de travail\u00a0: pensez \u00e0 demander une dispense de travail aupr\u00e8s du pr\u00e9fet"}]},{"@type":"WebSite","@id":"https:\/\/avenir52.fr\/#website","url":"https:\/\/avenir52.fr\/","name":"L'Avenir Agricole et Rural de la Haute-Marne","description":"L&#039;Avenir Agricole et Rural de la Haute-Marne","publisher":{"@id":"https:\/\/avenir52.fr\/#organization"},"potentialAction":[{"@type":"SearchAction","target":{"@type":"EntryPoint","urlTemplate":"https:\/\/avenir52.fr\/?s={search_term_string}"},"query-input":{"@type":"PropertyValueSpecification","valueRequired":true,"valueName":"search_term_string"}}],"inLanguage":"fr-FR"},{"@type":"Organization","@id":"https:\/\/avenir52.fr\/#organization","name":"L'Avenir Agricole et Rural de la Haute-Marne","url":"https:\/\/avenir52.fr\/","logo":{"@type":"ImageObject","inLanguage":"fr-FR","@id":"https:\/\/avenir52.fr\/#\/schema\/logo\/image\/","url":"https:\/\/avenir52.fr\/wp-content\/uploads\/2024\/05\/cropped-Aveniragricoleetrural-logo.jpg","contentUrl":"https:\/\/avenir52.fr\/wp-content\/uploads\/2024\/05\/cropped-Aveniragricoleetrural-logo.jpg","width":360,"height":123,"caption":"L'Avenir Agricole et Rural de la Haute-Marne"},"image":{"@id":"https:\/\/avenir52.fr\/#\/schema\/logo\/image\/"},"sameAs":["https:\/\/www.facebook.com\/AvenirAgricole52\/","https:\/\/x.com\/aveniragri52","https:\/\/www.linkedin.com\/company\/90947425\/"]},{"@type":"Person","@id":"https:\/\/avenir52.fr\/#\/schema\/person\/d5883bd6e25457d1dcb94d95d918b60e","name":"L'Avenir Agricole et Rural","image":{"@type":"ImageObject","inLanguage":"fr-FR","@id":"https:\/\/secure.gravatar.com\/avatar\/155fb14f309a64820cca5e7f71daf9646493a08d615f0fd4e3cd1ebf9a58d527?s=96&d=mm&r=g","url":"https:\/\/secure.gravatar.com\/avatar\/155fb14f309a64820cca5e7f71daf9646493a08d615f0fd4e3cd1ebf9a58d527?s=96&d=mm&r=g","contentUrl":"https:\/\/secure.gravatar.com\/avatar\/155fb14f309a64820cca5e7f71daf9646493a08d615f0fd4e3cd1ebf9a58d527?s=96&d=mm&r=g","caption":"L'Avenir Agricole et Rural"},"sameAs":["http:\/\/avenir52.fr","https:\/\/www.facebook.com\/AvenirAgricole52\/","https:\/\/www.linkedin.com\/company\/90947425\/"],"url":"https:\/\/avenir52.fr\/index.php\/author\/admin7544\/"}]}},"jetpack_publicize_connections":[],"_links":{"self":[{"href":"https:\/\/avenir52.fr\/index.php\/wp-json\/wp\/v2\/posts\/283","targetHints":{"allow":["GET"]}}],"collection":[{"href":"https:\/\/avenir52.fr\/index.php\/wp-json\/wp\/v2\/posts"}],"about":[{"href":"https:\/\/avenir52.fr\/index.php\/wp-json\/wp\/v2\/types\/post"}],"author":[{"embeddable":true,"href":"https:\/\/avenir52.fr\/index.php\/wp-json\/wp\/v2\/users\/1"}],"replies":[{"embeddable":true,"href":"https:\/\/avenir52.fr\/index.php\/wp-json\/wp\/v2\/comments?post=283"}],"version-history":[{"count":1,"href":"https:\/\/avenir52.fr\/index.php\/wp-json\/wp\/v2\/posts\/283\/revisions"}],"predecessor-version":[{"id":284,"href":"https:\/\/avenir52.fr\/index.php\/wp-json\/wp\/v2\/posts\/283\/revisions\/284"}],"wp:featuredmedia":[{"embeddable":true,"href":"https:\/\/avenir52.fr\/index.php\/wp-json\/wp\/v2\/media\/176"}],"wp:attachment":[{"href":"https:\/\/avenir52.fr\/index.php\/wp-json\/wp\/v2\/media?parent=283"}],"wp:term":[{"taxonomy":"category","embeddable":true,"href":"https:\/\/avenir52.fr\/index.php\/wp-json\/wp\/v2\/categories?post=283"},{"taxonomy":"post_tag","embeddable":true,"href":"https:\/\/avenir52.fr\/index.php\/wp-json\/wp\/v2\/tags?post=283"}],"curies":[{"name":"wp","href":"https:\/\/api.w.org\/{rel}","templated":true}]}}