{"id":368,"date":"2024-10-04T08:35:00","date_gmt":"2024-10-04T06:35:00","guid":{"rendered":"https:\/\/avenir52.fr\/?p=368"},"modified":"2024-10-02T12:39:28","modified_gmt":"2024-10-02T10:39:28","slug":"une-formation-palpation-des-beliers-pour-verifier-leur-fertilite","status":"publish","type":"post","link":"https:\/\/avenir52.fr\/index.php\/2024\/10\/04\/une-formation-palpation-des-beliers-pour-verifier-leur-fertilite\/","title":{"rendered":"Une formation palpation des b\u00e9liers pour v\u00e9rifier leur fertilit\u00e9"},"content":{"rendered":"\n<p><strong>Suite aux nombreux cas de FCO dans le d\u00e9partement, une formation pour distinguer les b\u00e9liers aptes \u00e0 la reproduction a \u00e9t\u00e9 organis\u00e9e au lyc\u00e9e agricole de Choignes le 30 septembre.<\/strong><\/p>\n\n\n\n<p>Avec la FCO qui impacte fortement notre d\u00e9partement, il est essentiel de s\u2019assurer que les b\u00e9liers soient en pleine forme pour la mise \u00e0 la reproduction. En Haute-Marne la moiti\u00e9 des luttes \u00e9tant r\u00e9alis\u00e9es en octobre et novembre, les \u00e9leveurs doivent v\u00e9rifier d\u00e8s aujourd\u2019hui la fertilit\u00e9 de leurs b\u00e9liers. C\u2019\u00e9tait l\u2019objectif de la formation palpation de b\u00e9liers organis\u00e9e par la Chambre d&rsquo;Agriculture, Cobevim et le GDS le 30 septembre au lyc\u00e9e agricole de Choignes, qui a r\u00e9uni 45 \u00e9leveurs de Haute-Marne et de d\u00e9partements limitrophes.<\/p>\n\n\n\n<p>\u00ab&nbsp;Trois mois avant la pr\u00e9paration \u00e0 la lutte, les b\u00e9liers doivent \u00eatre contr\u00f4l\u00e9s au niveau des testicules pour voir s\u2019ils sont aptes \u00e0 produire&nbsp;\u00bb explique le v\u00e9t\u00e9rinaire Olivier Lemoine qui rappelle qu\u2019un \u00ab&nbsp;spermatozo\u00efde \u00e9jacul\u00e9 aujourd\u2019hui a \u00e9t\u00e9 fabriqu\u00e9 deux mois avant&nbsp;\u00bb. Le sp\u00e9cialiste a montr\u00e9 comment observer et manipuler pour reconna\u00eetre les b\u00e9liers fertiles ou non. Car si la FCO cause une baisse de la fertilit\u00e9 et des avortements chez les brebis, elle entraine des probl\u00e8mes de st\u00e9rilit\u00e9 chez les b\u00e9liers. \u00ab&nbsp;Avec une temp\u00e9rature excessive, les testicules peuvent r\u00e9duire de moiti\u00e9, voire des trois quarts, et peut-\u00eatre ne jamais revenir \u00e0 un \u00e9tat normal de production&nbsp;\u00bb indique Olivier Lemoine, qui conseille d\u2019appeler un v\u00e9t\u00e9rinaire en cas d\u2019anormalit\u00e9 testiculaire des animaux.<\/p>\n\n\n\n<p>\u00ab&nbsp;La palpation est la technique la plus simple et la plus rapide \u00e0 mettre en place&nbsp;\u00bb d\u00e9clare Samuel Gu\u00e9nin, vice-pr\u00e9sident du GDS qui reconna\u00eet qu\u2019il \u00ab&nbsp;faut un peu d\u2019entrainement, mais que cette technique aide \u00e0 choisir les b\u00e9liers&nbsp;\u00bb. David Thenail, directeur de Cobevim, explique qu\u2019un test au microscope est \u00e9galement possible, \u00ab&nbsp;mais c\u2019est une op\u00e9ration lourde qui sera peut-\u00eatre mise en place dans les semaines \u00e0 venir&nbsp;\u00bb. Face \u00e0 la propagation rapide de la FCO, cette formation est primordiale pour s\u2019assurer d\u2019avoir des agneaux au deuxi\u00e8me semestre 2025.<\/p>\n\n\n\n<p><strong>Pic pas encore atteint<\/strong><\/p>\n\n\n\n<p>\u00ab&nbsp;On avait tous les voyants au vert&nbsp;: le prix, la demande et la consommation, tout \u00e9tait parfait et la FCO d\u00e9moralise les \u00e9leveurs ovins&nbsp;\u00bb souligne David Thenail qui constate n\u00e9anmoins que la vaccination a \u00e9t\u00e9 efficace. Mais un premier cas de s\u00e9rotype 8 (qui arrive par le sud de la France) a \u00e9t\u00e9 d\u00e9tect\u00e9 en Haute-Marne. Le vaccin contre la FCO-03 est gratuit pour les \u00e9leveurs en zone r\u00e9gul\u00e9e (voir carte) et rapide \u00e0 se procurer. En revanche celui pour le s\u00e9rotype 8 est \u00e0 la charge des \u00e9leveurs et est plus difficile \u00e0 obtenir. \u00ab&nbsp;L\u2019enjeu est de r\u00e9ussir \u00e0 vacciner au printemps contre les diff\u00e9rents s\u00e9rotypes pour prot\u00e9ger les troupeaux&nbsp;\u00bb, indique David Thenail.<\/p>\n\n\n\n<p>Au 26 septembre, la Haute-Marne comptait 111 foyers de FCO-03 (56 sur ovins et 55 sur bovins) et 83 suspicions, ainsi qu\u2019un foyer de FCO-08 sur bovins. \u00ab&nbsp;Cela ne fait qu\u2019augmenter, il y a une r\u00e9elle d\u00e9tresse chez les \u00e9leveurs. Il faut d\u00e9sinsectiser, mais surtout vacciner, c\u2019est le seul moyen de lutte&nbsp;\u00bb, souligne Samuel Gu\u00e9nin. Selon lui \u00ab&nbsp;les gros d\u00e9g\u00e2ts restent \u00e0 venir car la FCO8 n\u2019\u00e9tait pas trop test\u00e9e jusque l\u00e0 donc on aura s\u00fbrement d\u2019autre cas&nbsp;\u00bb.<\/p>\n","protected":false},"excerpt":{"rendered":"<p>Suite aux nombreux cas de FCO dans le d\u00e9partement, une formation pour distinguer les b\u00e9liers aptes \u00e0 la reproduction a \u00e9t\u00e9 organis\u00e9e au lyc\u00e9e agricole [&#8230;]<\/p>\n","protected":false},"author":3,"featured_media":369,"comment_status":"closed","ping_status":"closed","sticky":false,"template":"","format":"standard","meta":{"_monsterinsights_skip_tracking":false,"_monsterinsights_sitenote_active":false,"_monsterinsights_sitenote_note":"","_monsterinsights_sitenote_category":0,"footnotes":"","jetpack_publicize_message":"","jetpack_publicize_feature_enabled":true,"jetpack_social_post_already_shared":true,"jetpack_social_options":{"image_generator_settings":{"template":"highway","default_image_id":0,"font":"","enabled":false},"version":2}},"categories":[5,6],"tags":[],"class_list":["post-368","post","type-post","status-publish","format-standard","has-post-thumbnail","hentry","category-elevages","category-initiatives"],"yoast_head":"<!-- This site is optimized with the Yoast SEO plugin v27.4 - https:\/\/yoast.com\/product\/yoast-seo-wordpress\/ -->\n<title>Une formation palpation des b\u00e9liers pour v\u00e9rifier leur fertilit\u00e9 - L&#039;Avenir Agricole et Rural de la Haute-Marne<\/title>\n<meta name=\"robots\" content=\"index, follow, max-snippet:-1, max-image-preview:large, max-video-preview:-1\" \/>\n<link rel=\"canonical\" href=\"https:\/\/avenir52.fr\/index.php\/2024\/10\/04\/une-formation-palpation-des-beliers-pour-verifier-leur-fertilite\/\" \/>\n<meta property=\"og:locale\" content=\"fr_FR\" \/>\n<meta property=\"og:type\" content=\"article\" \/>\n<meta property=\"og:title\" content=\"Une formation palpation des b\u00e9liers pour v\u00e9rifier leur fertilit\u00e9 - L&#039;Avenir Agricole et Rural de la Haute-Marne\" \/>\n<meta property=\"og:description\" content=\"Suite aux nombreux cas de FCO dans le d\u00e9partement, une formation pour distinguer les b\u00e9liers aptes \u00e0 la reproduction a \u00e9t\u00e9 organis\u00e9e au lyc\u00e9e agricole [...]\" \/>\n<meta property=\"og:url\" content=\"https:\/\/avenir52.fr\/index.php\/2024\/10\/04\/une-formation-palpation-des-beliers-pour-verifier-leur-fertilite\/\" \/>\n<meta property=\"og:site_name\" content=\"L&#039;Avenir Agricole et Rural de la Haute-Marne\" \/>\n<meta property=\"article:publisher\" content=\"https:\/\/www.facebook.com\/AvenirAgricole52\/\" \/>\n<meta property=\"article:published_time\" content=\"2024-10-04T06:35:00+00:00\" \/>\n<meta property=\"og:image\" content=\"https:\/\/avenir52.fr\/wp-content\/uploads\/2024\/10\/Beliers-scaled.jpg\" \/>\n\t<meta property=\"og:image:width\" content=\"2560\" \/>\n\t<meta property=\"og:image:height\" content=\"1696\" \/>\n\t<meta property=\"og:image:type\" content=\"image\/jpeg\" \/>\n<meta name=\"author\" content=\"Thibaut MORILLON\" \/>\n<meta name=\"twitter:card\" content=\"summary_large_image\" \/>\n<meta name=\"twitter:creator\" content=\"@aveniragri52\" \/>\n<meta name=\"twitter:site\" content=\"@aveniragri52\" \/>\n<meta name=\"twitter:label1\" content=\"\u00c9crit par\" \/>\n\t<meta name=\"twitter:data1\" content=\"Thibaut MORILLON\" \/>\n\t<meta name=\"twitter:label2\" content=\"Dur\u00e9e de lecture estim\u00e9e\" \/>\n\t<meta name=\"twitter:data2\" content=\"3 minutes\" \/>\n<script type=\"application\/ld+json\" class=\"yoast-schema-graph\">{\"@context\":\"https:\\\/\\\/schema.org\",\"@graph\":[{\"@type\":\"Article\",\"@id\":\"https:\\\/\\\/avenir52.fr\\\/index.php\\\/2024\\\/10\\\/04\\\/une-formation-palpation-des-beliers-pour-verifier-leur-fertilite\\\/#article\",\"isPartOf\":{\"@id\":\"https:\\\/\\\/avenir52.fr\\\/index.php\\\/2024\\\/10\\\/04\\\/une-formation-palpation-des-beliers-pour-verifier-leur-fertilite\\\/\"},\"author\":{\"name\":\"Thibaut MORILLON\",\"@id\":\"https:\\\/\\\/avenir52.fr\\\/#\\\/schema\\\/person\\\/be62b40759582f9de2b8c967e7857fe2\"},\"headline\":\"Une formation palpation des b\u00e9liers pour v\u00e9rifier leur fertilit\u00e9\",\"datePublished\":\"2024-10-04T06:35:00+00:00\",\"mainEntityOfPage\":{\"@id\":\"https:\\\/\\\/avenir52.fr\\\/index.php\\\/2024\\\/10\\\/04\\\/une-formation-palpation-des-beliers-pour-verifier-leur-fertilite\\\/\"},\"wordCount\":608,\"publisher\":{\"@id\":\"https:\\\/\\\/avenir52.fr\\\/#organization\"},\"image\":{\"@id\":\"https:\\\/\\\/avenir52.fr\\\/index.php\\\/2024\\\/10\\\/04\\\/une-formation-palpation-des-beliers-pour-verifier-leur-fertilite\\\/#primaryimage\"},\"thumbnailUrl\":\"https:\\\/\\\/avenir52.fr\\\/wp-content\\\/uploads\\\/2024\\\/10\\\/Beliers-scaled.jpg\",\"articleSection\":[\"Elevages\",\"Initiatives\"],\"inLanguage\":\"fr-FR\"},{\"@type\":\"WebPage\",\"@id\":\"https:\\\/\\\/avenir52.fr\\\/index.php\\\/2024\\\/10\\\/04\\\/une-formation-palpation-des-beliers-pour-verifier-leur-fertilite\\\/\",\"url\":\"https:\\\/\\\/avenir52.fr\\\/index.php\\\/2024\\\/10\\\/04\\\/une-formation-palpation-des-beliers-pour-verifier-leur-fertilite\\\/\",\"name\":\"Une formation palpation des b\u00e9liers pour v\u00e9rifier leur fertilit\u00e9 - L&#039;Avenir Agricole et Rural de la Haute-Marne\",\"isPartOf\":{\"@id\":\"https:\\\/\\\/avenir52.fr\\\/#website\"},\"primaryImageOfPage\":{\"@id\":\"https:\\\/\\\/avenir52.fr\\\/index.php\\\/2024\\\/10\\\/04\\\/une-formation-palpation-des-beliers-pour-verifier-leur-fertilite\\\/#primaryimage\"},\"image\":{\"@id\":\"https:\\\/\\\/avenir52.fr\\\/index.php\\\/2024\\\/10\\\/04\\\/une-formation-palpation-des-beliers-pour-verifier-leur-fertilite\\\/#primaryimage\"},\"thumbnailUrl\":\"https:\\\/\\\/avenir52.fr\\\/wp-content\\\/uploads\\\/2024\\\/10\\\/Beliers-scaled.jpg\",\"datePublished\":\"2024-10-04T06:35:00+00:00\",\"breadcrumb\":{\"@id\":\"https:\\\/\\\/avenir52.fr\\\/index.php\\\/2024\\\/10\\\/04\\\/une-formation-palpation-des-beliers-pour-verifier-leur-fertilite\\\/#breadcrumb\"},\"inLanguage\":\"fr-FR\",\"potentialAction\":[{\"@type\":\"ReadAction\",\"target\":[\"https:\\\/\\\/avenir52.fr\\\/index.php\\\/2024\\\/10\\\/04\\\/une-formation-palpation-des-beliers-pour-verifier-leur-fertilite\\\/\"]}]},{\"@type\":\"ImageObject\",\"inLanguage\":\"fr-FR\",\"@id\":\"https:\\\/\\\/avenir52.fr\\\/index.php\\\/2024\\\/10\\\/04\\\/une-formation-palpation-des-beliers-pour-verifier-leur-fertilite\\\/#primaryimage\",\"url\":\"https:\\\/\\\/avenir52.fr\\\/wp-content\\\/uploads\\\/2024\\\/10\\\/Beliers-scaled.jpg\",\"contentUrl\":\"https:\\\/\\\/avenir52.fr\\\/wp-content\\\/uploads\\\/2024\\\/10\\\/Beliers-scaled.jpg\",\"width\":2560,\"height\":1696,\"caption\":\"Des gestes pour savoir si un b\u00e9lier est fertile ou non.\"},{\"@type\":\"BreadcrumbList\",\"@id\":\"https:\\\/\\\/avenir52.fr\\\/index.php\\\/2024\\\/10\\\/04\\\/une-formation-palpation-des-beliers-pour-verifier-leur-fertilite\\\/#breadcrumb\",\"itemListElement\":[{\"@type\":\"ListItem\",\"position\":1,\"name\":\"Accueil\",\"item\":\"https:\\\/\\\/avenir52.fr\\\/\"},{\"@type\":\"ListItem\",\"position\":2,\"name\":\"Une formation palpation des b\u00e9liers pour v\u00e9rifier leur fertilit\u00e9\"}]},{\"@type\":\"WebSite\",\"@id\":\"https:\\\/\\\/avenir52.fr\\\/#website\",\"url\":\"https:\\\/\\\/avenir52.fr\\\/\",\"name\":\"L'Avenir Agricole et Rural de la Haute-Marne\",\"description\":\"L&#039;Avenir Agricole et Rural de la Haute-Marne\",\"publisher\":{\"@id\":\"https:\\\/\\\/avenir52.fr\\\/#organization\"},\"potentialAction\":[{\"@type\":\"SearchAction\",\"target\":{\"@type\":\"EntryPoint\",\"urlTemplate\":\"https:\\\/\\\/avenir52.fr\\\/?s={search_term_string}\"},\"query-input\":{\"@type\":\"PropertyValueSpecification\",\"valueRequired\":true,\"valueName\":\"search_term_string\"}}],\"inLanguage\":\"fr-FR\"},{\"@type\":\"Organization\",\"@id\":\"https:\\\/\\\/avenir52.fr\\\/#organization\",\"name\":\"L'Avenir Agricole et Rural de la Haute-Marne\",\"url\":\"https:\\\/\\\/avenir52.fr\\\/\",\"logo\":{\"@type\":\"ImageObject\",\"inLanguage\":\"fr-FR\",\"@id\":\"https:\\\/\\\/avenir52.fr\\\/#\\\/schema\\\/logo\\\/image\\\/\",\"url\":\"https:\\\/\\\/avenir52.fr\\\/wp-content\\\/uploads\\\/2024\\\/05\\\/cropped-Aveniragricoleetrural-logo.jpg\",\"contentUrl\":\"https:\\\/\\\/avenir52.fr\\\/wp-content\\\/uploads\\\/2024\\\/05\\\/cropped-Aveniragricoleetrural-logo.jpg\",\"width\":360,\"height\":123,\"caption\":\"L'Avenir Agricole et Rural de la Haute-Marne\"},\"image\":{\"@id\":\"https:\\\/\\\/avenir52.fr\\\/#\\\/schema\\\/logo\\\/image\\\/\"},\"sameAs\":[\"https:\\\/\\\/www.facebook.com\\\/AvenirAgricole52\\\/\",\"https:\\\/\\\/x.com\\\/aveniragri52\",\"https:\\\/\\\/www.linkedin.com\\\/company\\\/90947425\\\/\"]},{\"@type\":\"Person\",\"@id\":\"https:\\\/\\\/avenir52.fr\\\/#\\\/schema\\\/person\\\/be62b40759582f9de2b8c967e7857fe2\",\"name\":\"Thibaut MORILLON\",\"image\":{\"@type\":\"ImageObject\",\"inLanguage\":\"fr-FR\",\"@id\":\"https:\\\/\\\/secure.gravatar.com\\\/avatar\\\/b0c6acd24c9ce743bdca1cb33acf27fe8668825af01d4e1af0bc757af5602fa4?s=96&d=mm&r=g\",\"url\":\"https:\\\/\\\/secure.gravatar.com\\\/avatar\\\/b0c6acd24c9ce743bdca1cb33acf27fe8668825af01d4e1af0bc757af5602fa4?s=96&d=mm&r=g\",\"contentUrl\":\"https:\\\/\\\/secure.gravatar.com\\\/avatar\\\/b0c6acd24c9ce743bdca1cb33acf27fe8668825af01d4e1af0bc757af5602fa4?s=96&d=mm&r=g\",\"caption\":\"Thibaut MORILLON\"},\"url\":\"https:\\\/\\\/avenir52.fr\\\/index.php\\\/author\\\/tmorillon\\\/\"}]}<\/script>\n<!-- \/ Yoast SEO plugin. -->","yoast_head_json":{"title":"Une formation palpation des b\u00e9liers pour v\u00e9rifier leur fertilit\u00e9 - L&#039;Avenir Agricole et Rural de la Haute-Marne","robots":{"index":"index","follow":"follow","max-snippet":"max-snippet:-1","max-image-preview":"max-image-preview:large","max-video-preview":"max-video-preview:-1"},"canonical":"https:\/\/avenir52.fr\/index.php\/2024\/10\/04\/une-formation-palpation-des-beliers-pour-verifier-leur-fertilite\/","og_locale":"fr_FR","og_type":"article","og_title":"Une formation palpation des b\u00e9liers pour v\u00e9rifier leur fertilit\u00e9 - L&#039;Avenir Agricole et Rural de la Haute-Marne","og_description":"Suite aux nombreux cas de FCO dans le d\u00e9partement, une formation pour distinguer les b\u00e9liers aptes \u00e0 la reproduction a \u00e9t\u00e9 organis\u00e9e au lyc\u00e9e agricole [...]","og_url":"https:\/\/avenir52.fr\/index.php\/2024\/10\/04\/une-formation-palpation-des-beliers-pour-verifier-leur-fertilite\/","og_site_name":"L&#039;Avenir Agricole et Rural de la Haute-Marne","article_publisher":"https:\/\/www.facebook.com\/AvenirAgricole52\/","article_published_time":"2024-10-04T06:35:00+00:00","og_image":[{"width":2560,"height":1696,"url":"https:\/\/avenir52.fr\/wp-content\/uploads\/2024\/10\/Beliers-scaled.jpg","type":"image\/jpeg"}],"author":"Thibaut MORILLON","twitter_card":"summary_large_image","twitter_creator":"@aveniragri52","twitter_site":"@aveniragri52","twitter_misc":{"\u00c9crit par":"Thibaut MORILLON","Dur\u00e9e de lecture estim\u00e9e":"3 minutes"},"schema":{"@context":"https:\/\/schema.org","@graph":[{"@type":"Article","@id":"https:\/\/avenir52.fr\/index.php\/2024\/10\/04\/une-formation-palpation-des-beliers-pour-verifier-leur-fertilite\/#article","isPartOf":{"@id":"https:\/\/avenir52.fr\/index.php\/2024\/10\/04\/une-formation-palpation-des-beliers-pour-verifier-leur-fertilite\/"},"author":{"name":"Thibaut MORILLON","@id":"https:\/\/avenir52.fr\/#\/schema\/person\/be62b40759582f9de2b8c967e7857fe2"},"headline":"Une formation palpation des b\u00e9liers pour v\u00e9rifier leur fertilit\u00e9","datePublished":"2024-10-04T06:35:00+00:00","mainEntityOfPage":{"@id":"https:\/\/avenir52.fr\/index.php\/2024\/10\/04\/une-formation-palpation-des-beliers-pour-verifier-leur-fertilite\/"},"wordCount":608,"publisher":{"@id":"https:\/\/avenir52.fr\/#organization"},"image":{"@id":"https:\/\/avenir52.fr\/index.php\/2024\/10\/04\/une-formation-palpation-des-beliers-pour-verifier-leur-fertilite\/#primaryimage"},"thumbnailUrl":"https:\/\/avenir52.fr\/wp-content\/uploads\/2024\/10\/Beliers-scaled.jpg","articleSection":["Elevages","Initiatives"],"inLanguage":"fr-FR"},{"@type":"WebPage","@id":"https:\/\/avenir52.fr\/index.php\/2024\/10\/04\/une-formation-palpation-des-beliers-pour-verifier-leur-fertilite\/","url":"https:\/\/avenir52.fr\/index.php\/2024\/10\/04\/une-formation-palpation-des-beliers-pour-verifier-leur-fertilite\/","name":"Une formation palpation des b\u00e9liers pour v\u00e9rifier leur fertilit\u00e9 - L&#039;Avenir Agricole et Rural de la Haute-Marne","isPartOf":{"@id":"https:\/\/avenir52.fr\/#website"},"primaryImageOfPage":{"@id":"https:\/\/avenir52.fr\/index.php\/2024\/10\/04\/une-formation-palpation-des-beliers-pour-verifier-leur-fertilite\/#primaryimage"},"image":{"@id":"https:\/\/avenir52.fr\/index.php\/2024\/10\/04\/une-formation-palpation-des-beliers-pour-verifier-leur-fertilite\/#primaryimage"},"thumbnailUrl":"https:\/\/avenir52.fr\/wp-content\/uploads\/2024\/10\/Beliers-scaled.jpg","datePublished":"2024-10-04T06:35:00+00:00","breadcrumb":{"@id":"https:\/\/avenir52.fr\/index.php\/2024\/10\/04\/une-formation-palpation-des-beliers-pour-verifier-leur-fertilite\/#breadcrumb"},"inLanguage":"fr-FR","potentialAction":[{"@type":"ReadAction","target":["https:\/\/avenir52.fr\/index.php\/2024\/10\/04\/une-formation-palpation-des-beliers-pour-verifier-leur-fertilite\/"]}]},{"@type":"ImageObject","inLanguage":"fr-FR","@id":"https:\/\/avenir52.fr\/index.php\/2024\/10\/04\/une-formation-palpation-des-beliers-pour-verifier-leur-fertilite\/#primaryimage","url":"https:\/\/avenir52.fr\/wp-content\/uploads\/2024\/10\/Beliers-scaled.jpg","contentUrl":"https:\/\/avenir52.fr\/wp-content\/uploads\/2024\/10\/Beliers-scaled.jpg","width":2560,"height":1696,"caption":"Des gestes pour savoir si un b\u00e9lier est fertile ou non."},{"@type":"BreadcrumbList","@id":"https:\/\/avenir52.fr\/index.php\/2024\/10\/04\/une-formation-palpation-des-beliers-pour-verifier-leur-fertilite\/#breadcrumb","itemListElement":[{"@type":"ListItem","position":1,"name":"Accueil","item":"https:\/\/avenir52.fr\/"},{"@type":"ListItem","position":2,"name":"Une formation palpation des b\u00e9liers pour v\u00e9rifier leur fertilit\u00e9"}]},{"@type":"WebSite","@id":"https:\/\/avenir52.fr\/#website","url":"https:\/\/avenir52.fr\/","name":"L'Avenir Agricole et Rural de la Haute-Marne","description":"L&#039;Avenir Agricole et Rural de la Haute-Marne","publisher":{"@id":"https:\/\/avenir52.fr\/#organization"},"potentialAction":[{"@type":"SearchAction","target":{"@type":"EntryPoint","urlTemplate":"https:\/\/avenir52.fr\/?s={search_term_string}"},"query-input":{"@type":"PropertyValueSpecification","valueRequired":true,"valueName":"search_term_string"}}],"inLanguage":"fr-FR"},{"@type":"Organization","@id":"https:\/\/avenir52.fr\/#organization","name":"L'Avenir Agricole et Rural de la Haute-Marne","url":"https:\/\/avenir52.fr\/","logo":{"@type":"ImageObject","inLanguage":"fr-FR","@id":"https:\/\/avenir52.fr\/#\/schema\/logo\/image\/","url":"https:\/\/avenir52.fr\/wp-content\/uploads\/2024\/05\/cropped-Aveniragricoleetrural-logo.jpg","contentUrl":"https:\/\/avenir52.fr\/wp-content\/uploads\/2024\/05\/cropped-Aveniragricoleetrural-logo.jpg","width":360,"height":123,"caption":"L'Avenir Agricole et Rural de la Haute-Marne"},"image":{"@id":"https:\/\/avenir52.fr\/#\/schema\/logo\/image\/"},"sameAs":["https:\/\/www.facebook.com\/AvenirAgricole52\/","https:\/\/x.com\/aveniragri52","https:\/\/www.linkedin.com\/company\/90947425\/"]},{"@type":"Person","@id":"https:\/\/avenir52.fr\/#\/schema\/person\/be62b40759582f9de2b8c967e7857fe2","name":"Thibaut MORILLON","image":{"@type":"ImageObject","inLanguage":"fr-FR","@id":"https:\/\/secure.gravatar.com\/avatar\/b0c6acd24c9ce743bdca1cb33acf27fe8668825af01d4e1af0bc757af5602fa4?s=96&d=mm&r=g","url":"https:\/\/secure.gravatar.com\/avatar\/b0c6acd24c9ce743bdca1cb33acf27fe8668825af01d4e1af0bc757af5602fa4?s=96&d=mm&r=g","contentUrl":"https:\/\/secure.gravatar.com\/avatar\/b0c6acd24c9ce743bdca1cb33acf27fe8668825af01d4e1af0bc757af5602fa4?s=96&d=mm&r=g","caption":"Thibaut MORILLON"},"url":"https:\/\/avenir52.fr\/index.php\/author\/tmorillon\/"}]}},"jetpack_publicize_connections":[],"_links":{"self":[{"href":"https:\/\/avenir52.fr\/index.php\/wp-json\/wp\/v2\/posts\/368","targetHints":{"allow":["GET"]}}],"collection":[{"href":"https:\/\/avenir52.fr\/index.php\/wp-json\/wp\/v2\/posts"}],"about":[{"href":"https:\/\/avenir52.fr\/index.php\/wp-json\/wp\/v2\/types\/post"}],"author":[{"embeddable":true,"href":"https:\/\/avenir52.fr\/index.php\/wp-json\/wp\/v2\/users\/3"}],"replies":[{"embeddable":true,"href":"https:\/\/avenir52.fr\/index.php\/wp-json\/wp\/v2\/comments?post=368"}],"version-history":[{"count":2,"href":"https:\/\/avenir52.fr\/index.php\/wp-json\/wp\/v2\/posts\/368\/revisions"}],"predecessor-version":[{"id":371,"href":"https:\/\/avenir52.fr\/index.php\/wp-json\/wp\/v2\/posts\/368\/revisions\/371"}],"wp:featuredmedia":[{"embeddable":true,"href":"https:\/\/avenir52.fr\/index.php\/wp-json\/wp\/v2\/media\/369"}],"wp:attachment":[{"href":"https:\/\/avenir52.fr\/index.php\/wp-json\/wp\/v2\/media?parent=368"}],"wp:term":[{"taxonomy":"category","embeddable":true,"href":"https:\/\/avenir52.fr\/index.php\/wp-json\/wp\/v2\/categories?post=368"},{"taxonomy":"post_tag","embeddable":true,"href":"https:\/\/avenir52.fr\/index.php\/wp-json\/wp\/v2\/tags?post=368"}],"curies":[{"name":"wp","href":"https:\/\/api.w.org\/{rel}","templated":true}]}}