{"id":461,"date":"2024-11-30T08:10:00","date_gmt":"2024-11-30T07:10:00","guid":{"rendered":"https:\/\/avenir52.fr\/?p=461"},"modified":"2024-11-27T18:34:26","modified_gmt":"2024-11-27T17:34:26","slug":"intervention-fco-pour-les-eleveurs-ovins-a-la-chambre-dagriculture","status":"publish","type":"post","link":"https:\/\/avenir52.fr\/index.php\/2024\/11\/30\/intervention-fco-pour-les-eleveurs-ovins-a-la-chambre-dagriculture\/","title":{"rendered":"Intervention FCO pour les \u00e9leveurs ovins \u00e0 la Chambre d\u2019agriculture"},"content":{"rendered":"\n<p>La Chambre d\u2019Agriculture a organis\u00e9 le 12 novembre une matin\u00e9e technique \u00e0 Chaumont \u00e0 destination des \u00e9leveurs ovins, en partenariat avec le GDS 52 et Inn\u2019Ovin Grand Est. Une trentaine d\u2019\u00e9leveurs a eu l\u2019opportunit\u00e9 d\u2019\u00e9changer avec le Dr Val\u00e9rie Wolgust, v\u00e9t\u00e9rinaire sp\u00e9cialis\u00e9e en ovins.<\/p>\n\n\n\n<p>La FCO 3 s\u00e9vit dans de nombreux \u00e9levages du Grand Est depuis cet \u00e9t\u00e9. La confirmation de 5 foyers FCO 8 dans le d\u00e9partement et la crainte de l\u2019arriv\u00e9e potentielle du s\u00e9rotype 4 sont autant d\u2019\u00e9l\u00e9ments qui laissent les \u00e9leveurs d\u00e9munis.<\/p>\n\n\n\n<p>C\u2019est dans ce contexte sanitaire anxiog\u00e8ne que la Chambre d\u2019Agriculture a organis\u00e9 le 12 novembre une matin\u00e9e technique \u00e0 destination des \u00e9leveurs ovins, en partenariat avec le GDS 52 et Inn\u2019Ovin Grand Est. Une trentaine d\u2019\u00e9leveurs a eu l\u2019opportunit\u00e9 d\u2019\u00e9changer avec le Dr Val\u00e9rie Wolgust, v\u00e9t\u00e9rinaire sp\u00e9cialis\u00e9e en ovins. Les sympt\u00f4mes de la maladie et ses cons\u00e9quences sont nombreux : mortalit\u00e9, avortement, chute de production laiti\u00e8re, st\u00e9rilit\u00e9, boiteries, affaiblissement g\u00e9n\u00e9ral \u2026<\/p>\n\n\n\n<p>Plusieurs objectifs \u00e0 cette intervention : rassurer les \u00e9leveurs, expliquer la maladie et son mode de transmission, conseiller sur les bonnes pratiques \u00e0 adopter pour les mois \u00e0 venir.<br>L\u2019intervenante pr\u00e9conise la vaccination des animaux pour les s\u00e9rotypes 3, 4 et 8 d\u00e8s la fin de l\u2019hiver, avant la mise en p\u00e2ture, pour apporter une protection optimum en cas de nouvelle vague FCO. C\u2019est la m\u00e9t\u00e9o qui sera le facteur d\u00e9terminant : le risque sera accru en cas de chaleur et d\u2019humidit\u00e9 au printemps : l\u2019activit\u00e9 des culico\u00efdes est significative entre 13 et 35 \u00b0C, avec une humidit\u00e9 \u00e9lev\u00e9e. Seule une p\u00e9riode de fortes gel\u00e9es sur plusieurs jours cons\u00e9cutifs pourrait \u00e9liminer les larves en dormance.<\/p>\n\n\n\n<p>Cette matin\u00e9e a \u00e9galement mis en avant les impacts de la FCO sur la reproduction. On observe notamment une baisse remarquable de la fertilit\u00e9 des m\u00e2les, sans pour autant impacter leur libido.<\/p>\n\n\n\n<p>\u00ab <em>Un b\u00e9lier qui lutte n\u2019est pas forc\u00e9ment fertile. Il est donc indispensable de tester la fertilit\u00e9 des reproducteurs pour retirer rapidement les st\u00e9riles du lot de lutte afin qu\u2019ils ne concurrencent pas les b\u00e9liers productifs<\/em> \u00bb ajoute Margaux Kenens, Conseill\u00e8re Ovins \u00e0 la Chambre d\u2019agriculture de Haute-Marne. Elle rappelle \u00e9galement que la formation des spermatozo\u00efdes prend 50 jours pour les b\u00e9liers. Des troubles de fertilit\u00e9 peuvent donc apparaitre jusqu\u2019\u00e0 deux mois apr\u00e8s le passage de la maladie. Concernant les femelles, des troubles peuvent survenir sur toute la p\u00e9riode d\u2019agnelage hivernal.<\/p>\n\n\n\n<p><strong>Zoom FCO en Haute-Marne<\/strong><\/p>\n\n\n\n<p><br>Au 21 novembre 2024, le d\u00e9partement d\u00e9nombre :<br>-400 foyers de FCO 3 confirm\u00e9s dont un quart environ sur des cheptels ovins,<br>-5 foyers de FCO 8 confirm\u00e9s dont 1 sur cheptel ovin,<br>-2 foyers de FCO 8 et 3 dont 1 sur cheptel ovin.<\/p>\n\n\n\n<p>La Chambre d\u2019Agriculture de Haute-Marne dresse un premier bilan sur la mortalit\u00e9 dans les \u00e9levages ovins. Compar\u00e9s \u00e0 2023, les mois de septembre et d\u2019octobre ont montr\u00e9 un taux de surmortalit\u00e9 en \u00e9levage ovins allant de 40 % \u00e0 200 %. Toutes les cat\u00e9gories d\u2019\u00e2ges sont concern\u00e9es par cette tendance : agneaux de moins d\u2019un mois, agneaux \u00e0 l\u2019engraissement, ovins m\u00e2les et femelles de moins de 18 mois et ceux de plus de 18 mois.<\/p>\n\n\n\n<p><strong>Indemnisations<\/strong><\/p>\n\n\n\n<p><br>France Agrimer d\u00e9bloque une enveloppe de 75 Millions d\u2019euros en faveur des \u00e9leveurs touch\u00e9s par la FCO3. La premi\u00e8re vague d\u2019indemnisation concerne les \u00e9levages d\u00e9clar\u00e9s foyers FCO 3 qui ont eu des pertes entre le 5 aout et le 30 septembre 2024. La cl\u00f4ture de la t\u00e9l\u00e9d\u00e9claration est fix\u00e9e au 6 d\u00e9cembre.<\/p>\n\n\n\n<p>La Chambre d\u2019agriculture de Haute Marne remercie Inn\u2019Ovin Grand Est et le GDS 52 qui ont permis le cofinancement et l\u2019organisation de cette matin\u00e9e riche en \u00e9changes.<\/p>\n\n\n\n<p>Pour plus d\u2019informations, contactez votre conseill\u00e8re Ovins de la Chambre d\u2019agriculture de Haute-Marne. Des fiches techniques sont \u00e9galement disponibles sur le site internet Inn\u2019Ovin.<\/p>\n\n\n\n<p>Margaux KENENS<\/p>\n","protected":false},"excerpt":{"rendered":"<p>La Chambre d\u2019Agriculture a organis\u00e9 le 12 novembre une matin\u00e9e technique \u00e0 Chaumont \u00e0 destination des \u00e9leveurs ovins, en partenariat avec le GDS 52 et [&#8230;]<\/p>\n","protected":false},"author":1,"featured_media":462,"comment_status":"closed","ping_status":"closed","sticky":false,"template":"","format":"standard","meta":{"_monsterinsights_skip_tracking":false,"_monsterinsights_sitenote_active":false,"_monsterinsights_sitenote_note":"","_monsterinsights_sitenote_category":0,"footnotes":"","jetpack_publicize_message":"","jetpack_publicize_feature_enabled":true,"jetpack_social_post_already_shared":true,"jetpack_social_options":{"image_generator_settings":{"template":"highway","enabled":false},"version":2}},"categories":[5],"tags":[],"class_list":["post-461","post","type-post","status-publish","format-standard","has-post-thumbnail","hentry","category-elevages"],"yoast_head":"<!-- This site is optimized with the Yoast SEO plugin v27.5 - https:\/\/yoast.com\/product\/yoast-seo-wordpress\/ -->\n<title>Intervention FCO pour les \u00e9leveurs ovins \u00e0 la Chambre d\u2019agriculture - L&#039;Avenir Agricole et Rural de la Haute-Marne<\/title>\n<meta name=\"robots\" content=\"index, follow, max-snippet:-1, max-image-preview:large, max-video-preview:-1\" \/>\n<link rel=\"canonical\" href=\"https:\/\/avenir52.fr\/index.php\/2024\/11\/30\/intervention-fco-pour-les-eleveurs-ovins-a-la-chambre-dagriculture\/\" \/>\n<meta property=\"og:locale\" content=\"fr_FR\" \/>\n<meta property=\"og:type\" content=\"article\" \/>\n<meta property=\"og:title\" content=\"Intervention FCO pour les \u00e9leveurs ovins \u00e0 la Chambre d\u2019agriculture - L&#039;Avenir Agricole et Rural de la Haute-Marne\" \/>\n<meta property=\"og:description\" content=\"La Chambre d\u2019Agriculture a organis\u00e9 le 12 novembre une matin\u00e9e technique \u00e0 Chaumont \u00e0 destination des \u00e9leveurs ovins, en partenariat avec le GDS 52 et [...]\" \/>\n<meta property=\"og:url\" content=\"https:\/\/avenir52.fr\/index.php\/2024\/11\/30\/intervention-fco-pour-les-eleveurs-ovins-a-la-chambre-dagriculture\/\" \/>\n<meta property=\"og:site_name\" content=\"L&#039;Avenir Agricole et Rural de la Haute-Marne\" \/>\n<meta property=\"article:publisher\" content=\"https:\/\/www.facebook.com\/AvenirAgricole52\/\" \/>\n<meta property=\"article:author\" content=\"https:\/\/www.facebook.com\/AvenirAgricole52\/\" \/>\n<meta property=\"article:published_time\" content=\"2024-11-30T07:10:00+00:00\" \/>\n<meta property=\"og:image\" content=\"https:\/\/avenir52.fr\/wp-content\/uploads\/2024\/11\/Salle-2.jpg\" \/>\n\t<meta property=\"og:image:width\" content=\"898\" \/>\n\t<meta property=\"og:image:height\" content=\"610\" \/>\n\t<meta property=\"og:image:type\" content=\"image\/jpeg\" \/>\n<meta name=\"author\" content=\"L&#039;Avenir Agricole et Rural\" \/>\n<meta name=\"twitter:card\" content=\"summary_large_image\" \/>\n<meta name=\"twitter:creator\" content=\"@aveniragri52\" \/>\n<meta name=\"twitter:site\" content=\"@aveniragri52\" \/>\n<meta name=\"twitter:label1\" content=\"\u00c9crit par\" \/>\n\t<meta name=\"twitter:data1\" content=\"L&#039;Avenir Agricole et Rural\" \/>\n\t<meta name=\"twitter:label2\" content=\"Dur\u00e9e de lecture estim\u00e9e\" \/>\n\t<meta name=\"twitter:data2\" content=\"4 minutes\" \/>\n<script type=\"application\/ld+json\" class=\"yoast-schema-graph\">{\"@context\":\"https:\\\/\\\/schema.org\",\"@graph\":[{\"@type\":\"Article\",\"@id\":\"https:\\\/\\\/avenir52.fr\\\/index.php\\\/2024\\\/11\\\/30\\\/intervention-fco-pour-les-eleveurs-ovins-a-la-chambre-dagriculture\\\/#article\",\"isPartOf\":{\"@id\":\"https:\\\/\\\/avenir52.fr\\\/index.php\\\/2024\\\/11\\\/30\\\/intervention-fco-pour-les-eleveurs-ovins-a-la-chambre-dagriculture\\\/\"},\"author\":{\"name\":\"L'Avenir Agricole et Rural\",\"@id\":\"https:\\\/\\\/avenir52.fr\\\/#\\\/schema\\\/person\\\/d5883bd6e25457d1dcb94d95d918b60e\"},\"headline\":\"Intervention FCO pour les \u00e9leveurs ovins \u00e0 la Chambre d\u2019agriculture\",\"datePublished\":\"2024-11-30T07:10:00+00:00\",\"mainEntityOfPage\":{\"@id\":\"https:\\\/\\\/avenir52.fr\\\/index.php\\\/2024\\\/11\\\/30\\\/intervention-fco-pour-les-eleveurs-ovins-a-la-chambre-dagriculture\\\/\"},\"wordCount\":683,\"publisher\":{\"@id\":\"https:\\\/\\\/avenir52.fr\\\/#organization\"},\"image\":{\"@id\":\"https:\\\/\\\/avenir52.fr\\\/index.php\\\/2024\\\/11\\\/30\\\/intervention-fco-pour-les-eleveurs-ovins-a-la-chambre-dagriculture\\\/#primaryimage\"},\"thumbnailUrl\":\"https:\\\/\\\/avenir52.fr\\\/wp-content\\\/uploads\\\/2024\\\/11\\\/Salle-2.jpg\",\"articleSection\":[\"Elevages\"],\"inLanguage\":\"fr-FR\"},{\"@type\":\"WebPage\",\"@id\":\"https:\\\/\\\/avenir52.fr\\\/index.php\\\/2024\\\/11\\\/30\\\/intervention-fco-pour-les-eleveurs-ovins-a-la-chambre-dagriculture\\\/\",\"url\":\"https:\\\/\\\/avenir52.fr\\\/index.php\\\/2024\\\/11\\\/30\\\/intervention-fco-pour-les-eleveurs-ovins-a-la-chambre-dagriculture\\\/\",\"name\":\"Intervention FCO pour les \u00e9leveurs ovins \u00e0 la Chambre d\u2019agriculture - L&#039;Avenir Agricole et Rural de la Haute-Marne\",\"isPartOf\":{\"@id\":\"https:\\\/\\\/avenir52.fr\\\/#website\"},\"primaryImageOfPage\":{\"@id\":\"https:\\\/\\\/avenir52.fr\\\/index.php\\\/2024\\\/11\\\/30\\\/intervention-fco-pour-les-eleveurs-ovins-a-la-chambre-dagriculture\\\/#primaryimage\"},\"image\":{\"@id\":\"https:\\\/\\\/avenir52.fr\\\/index.php\\\/2024\\\/11\\\/30\\\/intervention-fco-pour-les-eleveurs-ovins-a-la-chambre-dagriculture\\\/#primaryimage\"},\"thumbnailUrl\":\"https:\\\/\\\/avenir52.fr\\\/wp-content\\\/uploads\\\/2024\\\/11\\\/Salle-2.jpg\",\"datePublished\":\"2024-11-30T07:10:00+00:00\",\"breadcrumb\":{\"@id\":\"https:\\\/\\\/avenir52.fr\\\/index.php\\\/2024\\\/11\\\/30\\\/intervention-fco-pour-les-eleveurs-ovins-a-la-chambre-dagriculture\\\/#breadcrumb\"},\"inLanguage\":\"fr-FR\",\"potentialAction\":[{\"@type\":\"ReadAction\",\"target\":[\"https:\\\/\\\/avenir52.fr\\\/index.php\\\/2024\\\/11\\\/30\\\/intervention-fco-pour-les-eleveurs-ovins-a-la-chambre-dagriculture\\\/\"]}]},{\"@type\":\"ImageObject\",\"inLanguage\":\"fr-FR\",\"@id\":\"https:\\\/\\\/avenir52.fr\\\/index.php\\\/2024\\\/11\\\/30\\\/intervention-fco-pour-les-eleveurs-ovins-a-la-chambre-dagriculture\\\/#primaryimage\",\"url\":\"https:\\\/\\\/avenir52.fr\\\/wp-content\\\/uploads\\\/2024\\\/11\\\/Salle-2.jpg\",\"contentUrl\":\"https:\\\/\\\/avenir52.fr\\\/wp-content\\\/uploads\\\/2024\\\/11\\\/Salle-2.jpg\",\"width\":898,\"height\":610,\"caption\":\"L\u2019intervenante pr\u00e9conise la vaccination des animaux pour les s\u00e9rotypes 3, 4 et 8 d\u00e8s la fin de l\u2019hiver, avant la mise en p\u00e2ture.\"},{\"@type\":\"BreadcrumbList\",\"@id\":\"https:\\\/\\\/avenir52.fr\\\/index.php\\\/2024\\\/11\\\/30\\\/intervention-fco-pour-les-eleveurs-ovins-a-la-chambre-dagriculture\\\/#breadcrumb\",\"itemListElement\":[{\"@type\":\"ListItem\",\"position\":1,\"name\":\"Accueil\",\"item\":\"https:\\\/\\\/avenir52.fr\\\/\"},{\"@type\":\"ListItem\",\"position\":2,\"name\":\"Intervention FCO pour les \u00e9leveurs ovins \u00e0 la Chambre d\u2019agriculture\"}]},{\"@type\":\"WebSite\",\"@id\":\"https:\\\/\\\/avenir52.fr\\\/#website\",\"url\":\"https:\\\/\\\/avenir52.fr\\\/\",\"name\":\"L'Avenir Agricole et Rural de la Haute-Marne\",\"description\":\"L&#039;Avenir Agricole et Rural de la Haute-Marne\",\"publisher\":{\"@id\":\"https:\\\/\\\/avenir52.fr\\\/#organization\"},\"potentialAction\":[{\"@type\":\"SearchAction\",\"target\":{\"@type\":\"EntryPoint\",\"urlTemplate\":\"https:\\\/\\\/avenir52.fr\\\/?s={search_term_string}\"},\"query-input\":{\"@type\":\"PropertyValueSpecification\",\"valueRequired\":true,\"valueName\":\"search_term_string\"}}],\"inLanguage\":\"fr-FR\"},{\"@type\":\"Organization\",\"@id\":\"https:\\\/\\\/avenir52.fr\\\/#organization\",\"name\":\"L'Avenir Agricole et Rural de la Haute-Marne\",\"url\":\"https:\\\/\\\/avenir52.fr\\\/\",\"logo\":{\"@type\":\"ImageObject\",\"inLanguage\":\"fr-FR\",\"@id\":\"https:\\\/\\\/avenir52.fr\\\/#\\\/schema\\\/logo\\\/image\\\/\",\"url\":\"https:\\\/\\\/avenir52.fr\\\/wp-content\\\/uploads\\\/2024\\\/05\\\/cropped-Aveniragricoleetrural-logo.jpg\",\"contentUrl\":\"https:\\\/\\\/avenir52.fr\\\/wp-content\\\/uploads\\\/2024\\\/05\\\/cropped-Aveniragricoleetrural-logo.jpg\",\"width\":360,\"height\":123,\"caption\":\"L'Avenir Agricole et Rural de la Haute-Marne\"},\"image\":{\"@id\":\"https:\\\/\\\/avenir52.fr\\\/#\\\/schema\\\/logo\\\/image\\\/\"},\"sameAs\":[\"https:\\\/\\\/www.facebook.com\\\/AvenirAgricole52\\\/\",\"https:\\\/\\\/x.com\\\/aveniragri52\",\"https:\\\/\\\/www.linkedin.com\\\/company\\\/90947425\\\/\"]},{\"@type\":\"Person\",\"@id\":\"https:\\\/\\\/avenir52.fr\\\/#\\\/schema\\\/person\\\/d5883bd6e25457d1dcb94d95d918b60e\",\"name\":\"L'Avenir Agricole et Rural\",\"image\":{\"@type\":\"ImageObject\",\"inLanguage\":\"fr-FR\",\"@id\":\"https:\\\/\\\/secure.gravatar.com\\\/avatar\\\/155fb14f309a64820cca5e7f71daf9646493a08d615f0fd4e3cd1ebf9a58d527?s=96&d=mm&r=g\",\"url\":\"https:\\\/\\\/secure.gravatar.com\\\/avatar\\\/155fb14f309a64820cca5e7f71daf9646493a08d615f0fd4e3cd1ebf9a58d527?s=96&d=mm&r=g\",\"contentUrl\":\"https:\\\/\\\/secure.gravatar.com\\\/avatar\\\/155fb14f309a64820cca5e7f71daf9646493a08d615f0fd4e3cd1ebf9a58d527?s=96&d=mm&r=g\",\"caption\":\"L'Avenir Agricole et Rural\"},\"sameAs\":[\"http:\\\/\\\/avenir52.fr\",\"https:\\\/\\\/www.facebook.com\\\/AvenirAgricole52\\\/\",\"https:\\\/\\\/www.linkedin.com\\\/company\\\/90947425\\\/\"],\"url\":\"https:\\\/\\\/avenir52.fr\\\/index.php\\\/author\\\/admin7544\\\/\"}]}<\/script>\n<!-- \/ Yoast SEO plugin. -->","yoast_head_json":{"title":"Intervention FCO pour les \u00e9leveurs ovins \u00e0 la Chambre d\u2019agriculture - L&#039;Avenir Agricole et Rural de la Haute-Marne","robots":{"index":"index","follow":"follow","max-snippet":"max-snippet:-1","max-image-preview":"max-image-preview:large","max-video-preview":"max-video-preview:-1"},"canonical":"https:\/\/avenir52.fr\/index.php\/2024\/11\/30\/intervention-fco-pour-les-eleveurs-ovins-a-la-chambre-dagriculture\/","og_locale":"fr_FR","og_type":"article","og_title":"Intervention FCO pour les \u00e9leveurs ovins \u00e0 la Chambre d\u2019agriculture - L&#039;Avenir Agricole et Rural de la Haute-Marne","og_description":"La Chambre d\u2019Agriculture a organis\u00e9 le 12 novembre une matin\u00e9e technique \u00e0 Chaumont \u00e0 destination des \u00e9leveurs ovins, en partenariat avec le GDS 52 et [...]","og_url":"https:\/\/avenir52.fr\/index.php\/2024\/11\/30\/intervention-fco-pour-les-eleveurs-ovins-a-la-chambre-dagriculture\/","og_site_name":"L&#039;Avenir Agricole et Rural de la Haute-Marne","article_publisher":"https:\/\/www.facebook.com\/AvenirAgricole52\/","article_author":"https:\/\/www.facebook.com\/AvenirAgricole52\/","article_published_time":"2024-11-30T07:10:00+00:00","og_image":[{"width":898,"height":610,"url":"https:\/\/avenir52.fr\/wp-content\/uploads\/2024\/11\/Salle-2.jpg","type":"image\/jpeg"}],"author":"L'Avenir Agricole et Rural","twitter_card":"summary_large_image","twitter_creator":"@aveniragri52","twitter_site":"@aveniragri52","twitter_misc":{"\u00c9crit par":"L'Avenir Agricole et Rural","Dur\u00e9e de lecture estim\u00e9e":"4 minutes"},"schema":{"@context":"https:\/\/schema.org","@graph":[{"@type":"Article","@id":"https:\/\/avenir52.fr\/index.php\/2024\/11\/30\/intervention-fco-pour-les-eleveurs-ovins-a-la-chambre-dagriculture\/#article","isPartOf":{"@id":"https:\/\/avenir52.fr\/index.php\/2024\/11\/30\/intervention-fco-pour-les-eleveurs-ovins-a-la-chambre-dagriculture\/"},"author":{"name":"L'Avenir Agricole et Rural","@id":"https:\/\/avenir52.fr\/#\/schema\/person\/d5883bd6e25457d1dcb94d95d918b60e"},"headline":"Intervention FCO pour les \u00e9leveurs ovins \u00e0 la Chambre d\u2019agriculture","datePublished":"2024-11-30T07:10:00+00:00","mainEntityOfPage":{"@id":"https:\/\/avenir52.fr\/index.php\/2024\/11\/30\/intervention-fco-pour-les-eleveurs-ovins-a-la-chambre-dagriculture\/"},"wordCount":683,"publisher":{"@id":"https:\/\/avenir52.fr\/#organization"},"image":{"@id":"https:\/\/avenir52.fr\/index.php\/2024\/11\/30\/intervention-fco-pour-les-eleveurs-ovins-a-la-chambre-dagriculture\/#primaryimage"},"thumbnailUrl":"https:\/\/avenir52.fr\/wp-content\/uploads\/2024\/11\/Salle-2.jpg","articleSection":["Elevages"],"inLanguage":"fr-FR"},{"@type":"WebPage","@id":"https:\/\/avenir52.fr\/index.php\/2024\/11\/30\/intervention-fco-pour-les-eleveurs-ovins-a-la-chambre-dagriculture\/","url":"https:\/\/avenir52.fr\/index.php\/2024\/11\/30\/intervention-fco-pour-les-eleveurs-ovins-a-la-chambre-dagriculture\/","name":"Intervention FCO pour les \u00e9leveurs ovins \u00e0 la Chambre d\u2019agriculture - L&#039;Avenir Agricole et Rural de la Haute-Marne","isPartOf":{"@id":"https:\/\/avenir52.fr\/#website"},"primaryImageOfPage":{"@id":"https:\/\/avenir52.fr\/index.php\/2024\/11\/30\/intervention-fco-pour-les-eleveurs-ovins-a-la-chambre-dagriculture\/#primaryimage"},"image":{"@id":"https:\/\/avenir52.fr\/index.php\/2024\/11\/30\/intervention-fco-pour-les-eleveurs-ovins-a-la-chambre-dagriculture\/#primaryimage"},"thumbnailUrl":"https:\/\/avenir52.fr\/wp-content\/uploads\/2024\/11\/Salle-2.jpg","datePublished":"2024-11-30T07:10:00+00:00","breadcrumb":{"@id":"https:\/\/avenir52.fr\/index.php\/2024\/11\/30\/intervention-fco-pour-les-eleveurs-ovins-a-la-chambre-dagriculture\/#breadcrumb"},"inLanguage":"fr-FR","potentialAction":[{"@type":"ReadAction","target":["https:\/\/avenir52.fr\/index.php\/2024\/11\/30\/intervention-fco-pour-les-eleveurs-ovins-a-la-chambre-dagriculture\/"]}]},{"@type":"ImageObject","inLanguage":"fr-FR","@id":"https:\/\/avenir52.fr\/index.php\/2024\/11\/30\/intervention-fco-pour-les-eleveurs-ovins-a-la-chambre-dagriculture\/#primaryimage","url":"https:\/\/avenir52.fr\/wp-content\/uploads\/2024\/11\/Salle-2.jpg","contentUrl":"https:\/\/avenir52.fr\/wp-content\/uploads\/2024\/11\/Salle-2.jpg","width":898,"height":610,"caption":"L\u2019intervenante pr\u00e9conise la vaccination des animaux pour les s\u00e9rotypes 3, 4 et 8 d\u00e8s la fin de l\u2019hiver, avant la mise en p\u00e2ture."},{"@type":"BreadcrumbList","@id":"https:\/\/avenir52.fr\/index.php\/2024\/11\/30\/intervention-fco-pour-les-eleveurs-ovins-a-la-chambre-dagriculture\/#breadcrumb","itemListElement":[{"@type":"ListItem","position":1,"name":"Accueil","item":"https:\/\/avenir52.fr\/"},{"@type":"ListItem","position":2,"name":"Intervention FCO pour les \u00e9leveurs ovins \u00e0 la Chambre d\u2019agriculture"}]},{"@type":"WebSite","@id":"https:\/\/avenir52.fr\/#website","url":"https:\/\/avenir52.fr\/","name":"L'Avenir Agricole et Rural de la Haute-Marne","description":"L&#039;Avenir Agricole et Rural de la Haute-Marne","publisher":{"@id":"https:\/\/avenir52.fr\/#organization"},"potentialAction":[{"@type":"SearchAction","target":{"@type":"EntryPoint","urlTemplate":"https:\/\/avenir52.fr\/?s={search_term_string}"},"query-input":{"@type":"PropertyValueSpecification","valueRequired":true,"valueName":"search_term_string"}}],"inLanguage":"fr-FR"},{"@type":"Organization","@id":"https:\/\/avenir52.fr\/#organization","name":"L'Avenir Agricole et Rural de la Haute-Marne","url":"https:\/\/avenir52.fr\/","logo":{"@type":"ImageObject","inLanguage":"fr-FR","@id":"https:\/\/avenir52.fr\/#\/schema\/logo\/image\/","url":"https:\/\/avenir52.fr\/wp-content\/uploads\/2024\/05\/cropped-Aveniragricoleetrural-logo.jpg","contentUrl":"https:\/\/avenir52.fr\/wp-content\/uploads\/2024\/05\/cropped-Aveniragricoleetrural-logo.jpg","width":360,"height":123,"caption":"L'Avenir Agricole et Rural de la Haute-Marne"},"image":{"@id":"https:\/\/avenir52.fr\/#\/schema\/logo\/image\/"},"sameAs":["https:\/\/www.facebook.com\/AvenirAgricole52\/","https:\/\/x.com\/aveniragri52","https:\/\/www.linkedin.com\/company\/90947425\/"]},{"@type":"Person","@id":"https:\/\/avenir52.fr\/#\/schema\/person\/d5883bd6e25457d1dcb94d95d918b60e","name":"L'Avenir Agricole et Rural","image":{"@type":"ImageObject","inLanguage":"fr-FR","@id":"https:\/\/secure.gravatar.com\/avatar\/155fb14f309a64820cca5e7f71daf9646493a08d615f0fd4e3cd1ebf9a58d527?s=96&d=mm&r=g","url":"https:\/\/secure.gravatar.com\/avatar\/155fb14f309a64820cca5e7f71daf9646493a08d615f0fd4e3cd1ebf9a58d527?s=96&d=mm&r=g","contentUrl":"https:\/\/secure.gravatar.com\/avatar\/155fb14f309a64820cca5e7f71daf9646493a08d615f0fd4e3cd1ebf9a58d527?s=96&d=mm&r=g","caption":"L'Avenir Agricole et Rural"},"sameAs":["http:\/\/avenir52.fr","https:\/\/www.facebook.com\/AvenirAgricole52\/","https:\/\/www.linkedin.com\/company\/90947425\/"],"url":"https:\/\/avenir52.fr\/index.php\/author\/admin7544\/"}]}},"jetpack_publicize_connections":[],"_links":{"self":[{"href":"https:\/\/avenir52.fr\/index.php\/wp-json\/wp\/v2\/posts\/461","targetHints":{"allow":["GET"]}}],"collection":[{"href":"https:\/\/avenir52.fr\/index.php\/wp-json\/wp\/v2\/posts"}],"about":[{"href":"https:\/\/avenir52.fr\/index.php\/wp-json\/wp\/v2\/types\/post"}],"author":[{"embeddable":true,"href":"https:\/\/avenir52.fr\/index.php\/wp-json\/wp\/v2\/users\/1"}],"replies":[{"embeddable":true,"href":"https:\/\/avenir52.fr\/index.php\/wp-json\/wp\/v2\/comments?post=461"}],"version-history":[{"count":1,"href":"https:\/\/avenir52.fr\/index.php\/wp-json\/wp\/v2\/posts\/461\/revisions"}],"predecessor-version":[{"id":463,"href":"https:\/\/avenir52.fr\/index.php\/wp-json\/wp\/v2\/posts\/461\/revisions\/463"}],"wp:featuredmedia":[{"embeddable":true,"href":"https:\/\/avenir52.fr\/index.php\/wp-json\/wp\/v2\/media\/462"}],"wp:attachment":[{"href":"https:\/\/avenir52.fr\/index.php\/wp-json\/wp\/v2\/media?parent=461"}],"wp:term":[{"taxonomy":"category","embeddable":true,"href":"https:\/\/avenir52.fr\/index.php\/wp-json\/wp\/v2\/categories?post=461"},{"taxonomy":"post_tag","embeddable":true,"href":"https:\/\/avenir52.fr\/index.php\/wp-json\/wp\/v2\/tags?post=461"}],"curies":[{"name":"wp","href":"https:\/\/api.w.org\/{rel}","templated":true}]}}