{"id":51,"date":"2024-06-03T14:20:47","date_gmt":"2024-06-03T12:20:47","guid":{"rendered":"https:\/\/avenir52.fr\/?p=51"},"modified":"2024-06-03T14:20:48","modified_gmt":"2024-06-03T12:20:48","slug":"mfr-de-haute-marne-une-fusion-purement-administrative","status":"publish","type":"post","link":"https:\/\/avenir52.fr\/index.php\/2024\/06\/03\/mfr-de-haute-marne-une-fusion-purement-administrative\/","title":{"rendered":"MFR de Haute-Marne : une fusion purement administrative"},"content":{"rendered":"\n<p><strong>Christine Besan\u00e7on, directrice des MFR de Haute-Marne, revient sur le projet de fusion des deux \u00e9tablissements. Les cons\u00e9quences sont uniquement administratives, les deux sites seront conserv\u00e9s.<\/strong><\/p>\n\n\n\n<p><strong>Pourquoi les MFR de Buxi\u00e8res l\u00e8s Villers et de Doulaincourt vont-elles fusionner ?<\/strong><\/p>\n\n\n\n<p><br>Christine Besan\u00e7on : \u00ab <em>Depuis 2019 les deux MFR travaillent en mutualisation, c\u2019est \u00e0 dire que nous avons une direction et une \u00e9quipe commune. Depuis 2021, les Conseils d\u2019Administration ont \u00e9galement la m\u00eame Pr\u00e9sidente, Madame Audrey SCODITTI, parent d\u2019\u00e9l\u00e8ves.<br>Les groupes en formation sont aussi conduits en commun et les membres de l\u2019\u00e9quipe p\u00e9dagogique interviennent dans l\u2019une et\/ou l\u2019autre des deux MFR. Nous avons des groupes de jeunes inscrits \u00e0 Buxi\u00e8res qui suivent leur parcours de formation \u00e0 Doulaincourt et vice versa. Ainsi, les plus jeunes, 4\u00e8me , 3\u00e8me et cycle CAPa Services Aux Personnes et Vente en Espace Rural sont accueillis \u00e0 la MFR de Doulaincourt, les cycles Bac Pro Services Aux Personnes et Animation des Territoires et Bac Pro Gestion des Milieux Naturels et de la Faune (conduits en mutualisation sur le tronc commun du parcours) ainsi que les BTSa Gestion et Protection de la Nature suivent leur cursus \u00e0 Buxi\u00e8res.<br>Mais aujourd\u2019hui nous sommes arriv\u00e9s au bout du syst\u00e8me de la mutualisation notamment sur le volet administratif. Tout est fait en double : comptabilit\u00e9, suivi administratif des \u00e9l\u00e8ves sur les diff\u00e9rentes plateformes, certifications Qualiopi qui permet de conduire les formations en apprentissage, assembl\u00e9es g\u00e9n\u00e9rales \u2026<br>C\u2019est pareil pour les labels RSO (Responsabilit\u00e9 Soci\u00e9tale des Organisations) o\u00f9 nous devons \u00e9galement \u00eatre audit\u00e9s deux fois. Nous avons un site de gestion pour les plannings des jeunes, des \u00e9quipes et des diff\u00e9rents suivis. Il convient de saisir \u00e0 la fois \u00e0 Buxi\u00e8res et \u00e0 Doulaincourt en fonction de l\u2019\u00e9tablissement dans lequel le jeune est inscrit \u00e0 l\u2019origine. C\u2019est lourd \u00e0 g\u00e9rer, peut \u00eatre source d\u2019erreur et n\u00e9cessite une certaine gymnastique ! Non seulement le travail est fait en double mais nous devons \u00e9galement r\u00e9gler certaines prestations deux fois : audits, prestataires comptables, commissaires aux comptes\u2026 Notre fonctionnement actuel est \u00e9galement compliqu\u00e9 pour les ma\u00eetres de stage et les familles dont les jeunes sont inscrits dans une MFR mais suivent la formation dans l\u2019autre<\/em> \u00bb.<\/p>\n\n\n\n<p>En juillet 2022, \u00e0 la demande des salari\u00e9s des MFR de Buxi\u00e8res et de Doulaincourt qui travaillent ensemble depuis 4 ans, la fusion est \u00e9voqu\u00e9e afin de simplifier le fonctionnement administratif.<br>Les conseils d\u2019administration pr\u00e9sid\u00e9s par Mme Audrey SCODITTI,\u00e0 l\u2019\u00e9coute de l\u2019\u00e9quipe et conscients des difficult\u00e9s ont \u00e9tudi\u00e9 au cours de cette ann\u00e9e, avec l\u2019appui de la F\u00e9d\u00e9ration Territoriale des MFR des Territoires Haut-Marnais et Vosgiens, les diff\u00e9rentes possibilit\u00e9s. Ainsi, afin de gagner en efficience, d\u2019apporter un confort de travail et de r\u00e9aliser quelques \u00e9conomies, les membres des conseils d\u2019administration ont pris la d\u00e9cision d\u2019une fusion.<\/p>\n\n\n\n<p><strong>Quelles seront les cons\u00e9quences de cette fusion ?<\/strong><\/p>\n\n\n\n<p><br>CB : \u00ab <em>La fusion devrait \u00eatre effective \u00e0 la mi juin. Dans les faits, la MFR de Buxi\u00e8res va absorber celle de Doulaincourt, le si\u00e8ge social sera \u00e0 la MFR de Doulaincourt. Nous gardons nos deux sites de formation, il n\u2019a jamais \u00e9t\u00e9 question de fermer l\u2019une ou l\u2019autre des MFR. Notre volont\u00e9 est de conserver nos maisons sur leur territoire. De toute fa\u00e7on, nous n\u2019aurions pas la place pour accueillir les 180 \u00e9l\u00e8ves sur un seul site, que ce soit au niveau des salles de classe ou de l\u2019internat.<\/em><\/p>\n\n\n\n<p><em>C\u2019est uniquement une fusion administrative. Le changement sera interne. Nous n\u2019aurons par exemple plus qu\u2019une seule comptabilit\u00e9.Les MFR de Buxi\u00e8res et de Doulaincourt vont changer de nom, devenir une seule entit\u00e9 appel\u00e9e \u00ab MFR de Haute-Marne \u00bb, ce qui va simplifier les choses pour les inscriptions des apprenants, les familles et les ma\u00eetres de stage. La fusion va permettre aussi d\u2019\u00e9largir les champs de comp\u00e9tences de l\u2019ensemble des deux MFR. Par exemple la MFR de Buxi\u00e8res n\u2019est pas certifi\u00e9e Qualiopi pour la VAE (Validation des Acquis de l\u2019Exp\u00e9rience), ce sera d\u00e9sormais le cas avec la fusion<\/em> \u00bb.<\/p>\n\n\n\n<p><strong>Quelles sont vos actualit\u00e9s ?<\/strong><br>CB : \u00ab <em>D\u2019importants investissements ont \u00e9t\u00e9 r\u00e9alis\u00e9s \u00e0 Buxi\u00e8res, notamment la r\u00e9novation thermique du b\u00e2timent administratif, de l\u2019internat et le changement de la chaudi\u00e8re. Un nouveau b\u00e2timent p\u00e9dagogique est en construction et devrait \u00eatre op\u00e9rationnel en janvier 2025. Il regroupera quatre salles de cours, dont une salle modulable, dot\u00e9e de cloisons amovibles pour permettre d\u2019accueillir des r\u00e9unions, ainsi qu\u2019un espace de stockage et des blocs sanitaires. Ce b\u00e2timent sera fonctionnel et am\u00e8nera un confort pour la conduite des formations, tant pour les jeunes que pour l\u2019\u00e9quipe p\u00e9dagogique. En parall\u00e8le nous faisons \u00e9galement l\u2019accessibilit\u00e9, ainsi qu\u2019un nouveau parking pour la rentr\u00e9e prochaine. A Doulaincourt, nous allons commencer les travaux de r\u00e9novation des fa\u00e7ades.<\/em><\/p>\n\n\n\n<p><em>Au niveau des formations, nous avons investi avec les ADMR (Aide \u00e0 domicile en milieu rural) le champ de la VAE. Nous avons d\u00e9j\u00e0 accompagn\u00e9 avec succ\u00e8s des parcours DEAES (Accompagnant Educatif et Social) l\u2019ann\u00e9e pass\u00e9e. Nous souhaitons poursuivre et d\u00e9velopper cette offre de services notamment sur le champ des m\u00e9tiers des services \u00e0 la personne. D\u2019autre part, nous souhaitons depuis 4 ans ouvrir un Bac Pro Conduite d\u2019Activit\u00e9s d\u2019Elevage et d\u2019H\u00e9bergement dans le secteur canin-f\u00e9lin. Nous avons des professionnels qui ont besoin de main-d\u2019\u0153uvre dans ce domaine et avec l\u2019\u00e9volution de la r\u00e9glementation il est n\u00e9cessaire que les gens soient form\u00e9s. Le comit\u00e9 de pilotage est constitu\u00e9, et le dossier sera de nouveau d\u00e9pos\u00e9 pour une demande d\u2019ouverture en septembre 2025. Il faut maintenant croiser les doigts et esp\u00e9rer que les services de la DRAAF nous autoriserons enfin \u00e0 ouvrir cette formation.<br>Nous essayons d\u2019\u00eatre au plus proche de ce qu\u2019on peut capter autour de nous, en termes de besoins, pour nous diversifier et d\u00e9velopper de nouvelles offres de formation au service du territoire<\/em> \u00bb.<\/p>\n","protected":false},"excerpt":{"rendered":"<p>Christine Besan\u00e7on, directrice des MFR de Haute-Marne, revient sur le projet de fusion des deux \u00e9tablissements. Les cons\u00e9quences sont uniquement administratives, les deux sites seront [&#8230;]<\/p>\n","protected":false},"author":3,"featured_media":54,"comment_status":"closed","ping_status":"closed","sticky":false,"template":"","format":"standard","meta":{"_monsterinsights_skip_tracking":false,"_monsterinsights_sitenote_active":false,"_monsterinsights_sitenote_note":"","_monsterinsights_sitenote_category":0,"footnotes":"","jetpack_publicize_message":"","jetpack_publicize_feature_enabled":true,"jetpack_social_post_already_shared":true,"jetpack_social_options":{"image_generator_settings":{"template":"highway","default_image_id":0,"font":"","enabled":false},"version":2}},"categories":[6],"tags":[],"class_list":["post-51","post","type-post","status-publish","format-standard","has-post-thumbnail","hentry","category-initiatives"],"yoast_head":"<!-- This site is optimized with the Yoast SEO plugin v27.5 - https:\/\/yoast.com\/product\/yoast-seo-wordpress\/ -->\n<title>MFR de Haute-Marne : une fusion purement administrative - L&#039;Avenir Agricole et Rural de la Haute-Marne<\/title>\n<meta name=\"robots\" content=\"index, follow, max-snippet:-1, max-image-preview:large, max-video-preview:-1\" \/>\n<link rel=\"canonical\" href=\"https:\/\/avenir52.fr\/index.php\/2024\/06\/03\/mfr-de-haute-marne-une-fusion-purement-administrative\/\" \/>\n<meta property=\"og:locale\" content=\"fr_FR\" \/>\n<meta property=\"og:type\" content=\"article\" \/>\n<meta property=\"og:title\" content=\"MFR de Haute-Marne : une fusion purement administrative - L&#039;Avenir Agricole et Rural de la Haute-Marne\" \/>\n<meta property=\"og:description\" content=\"Christine Besan\u00e7on, directrice des MFR de Haute-Marne, revient sur le projet de fusion des deux \u00e9tablissements. Les cons\u00e9quences sont uniquement administratives, les deux sites seront [...]\" \/>\n<meta property=\"og:url\" content=\"https:\/\/avenir52.fr\/index.php\/2024\/06\/03\/mfr-de-haute-marne-une-fusion-purement-administrative\/\" \/>\n<meta property=\"og:site_name\" content=\"L&#039;Avenir Agricole et Rural de la Haute-Marne\" \/>\n<meta property=\"article:publisher\" content=\"https:\/\/www.facebook.com\/AvenirAgricole52\/\" \/>\n<meta property=\"article:published_time\" content=\"2024-06-03T12:20:47+00:00\" \/>\n<meta property=\"article:modified_time\" content=\"2024-06-03T12:20:48+00:00\" \/>\n<meta property=\"og:image\" content=\"https:\/\/avenir52.fr\/wp-content\/uploads\/2024\/06\/MFR.jpg\" \/>\n\t<meta property=\"og:image:width\" content=\"1449\" \/>\n\t<meta property=\"og:image:height\" content=\"1070\" \/>\n\t<meta property=\"og:image:type\" content=\"image\/jpeg\" \/>\n<meta name=\"author\" content=\"Thibaut MORILLON\" \/>\n<meta name=\"twitter:card\" content=\"summary_large_image\" \/>\n<meta name=\"twitter:creator\" content=\"@aveniragri52\" \/>\n<meta name=\"twitter:site\" content=\"@aveniragri52\" \/>\n<meta name=\"twitter:label1\" content=\"\u00c9crit par\" \/>\n\t<meta name=\"twitter:data1\" content=\"Thibaut MORILLON\" \/>\n\t<meta name=\"twitter:label2\" content=\"Dur\u00e9e de lecture estim\u00e9e\" \/>\n\t<meta name=\"twitter:data2\" content=\"5 minutes\" \/>\n<script type=\"application\/ld+json\" class=\"yoast-schema-graph\">{\"@context\":\"https:\\\/\\\/schema.org\",\"@graph\":[{\"@type\":\"Article\",\"@id\":\"https:\\\/\\\/avenir52.fr\\\/index.php\\\/2024\\\/06\\\/03\\\/mfr-de-haute-marne-une-fusion-purement-administrative\\\/#article\",\"isPartOf\":{\"@id\":\"https:\\\/\\\/avenir52.fr\\\/index.php\\\/2024\\\/06\\\/03\\\/mfr-de-haute-marne-une-fusion-purement-administrative\\\/\"},\"author\":{\"name\":\"Thibaut MORILLON\",\"@id\":\"https:\\\/\\\/avenir52.fr\\\/#\\\/schema\\\/person\\\/be62b40759582f9de2b8c967e7857fe2\"},\"headline\":\"MFR de Haute-Marne : une fusion purement administrative\",\"datePublished\":\"2024-06-03T12:20:47+00:00\",\"dateModified\":\"2024-06-03T12:20:48+00:00\",\"mainEntityOfPage\":{\"@id\":\"https:\\\/\\\/avenir52.fr\\\/index.php\\\/2024\\\/06\\\/03\\\/mfr-de-haute-marne-une-fusion-purement-administrative\\\/\"},\"wordCount\":1050,\"publisher\":{\"@id\":\"https:\\\/\\\/avenir52.fr\\\/#organization\"},\"image\":{\"@id\":\"https:\\\/\\\/avenir52.fr\\\/index.php\\\/2024\\\/06\\\/03\\\/mfr-de-haute-marne-une-fusion-purement-administrative\\\/#primaryimage\"},\"thumbnailUrl\":\"https:\\\/\\\/avenir52.fr\\\/wp-content\\\/uploads\\\/2024\\\/06\\\/MFR.jpg\",\"articleSection\":[\"Initiatives\"],\"inLanguage\":\"fr-FR\"},{\"@type\":\"WebPage\",\"@id\":\"https:\\\/\\\/avenir52.fr\\\/index.php\\\/2024\\\/06\\\/03\\\/mfr-de-haute-marne-une-fusion-purement-administrative\\\/\",\"url\":\"https:\\\/\\\/avenir52.fr\\\/index.php\\\/2024\\\/06\\\/03\\\/mfr-de-haute-marne-une-fusion-purement-administrative\\\/\",\"name\":\"MFR de Haute-Marne : une fusion purement administrative - L&#039;Avenir Agricole et Rural de la Haute-Marne\",\"isPartOf\":{\"@id\":\"https:\\\/\\\/avenir52.fr\\\/#website\"},\"primaryImageOfPage\":{\"@id\":\"https:\\\/\\\/avenir52.fr\\\/index.php\\\/2024\\\/06\\\/03\\\/mfr-de-haute-marne-une-fusion-purement-administrative\\\/#primaryimage\"},\"image\":{\"@id\":\"https:\\\/\\\/avenir52.fr\\\/index.php\\\/2024\\\/06\\\/03\\\/mfr-de-haute-marne-une-fusion-purement-administrative\\\/#primaryimage\"},\"thumbnailUrl\":\"https:\\\/\\\/avenir52.fr\\\/wp-content\\\/uploads\\\/2024\\\/06\\\/MFR.jpg\",\"datePublished\":\"2024-06-03T12:20:47+00:00\",\"dateModified\":\"2024-06-03T12:20:48+00:00\",\"breadcrumb\":{\"@id\":\"https:\\\/\\\/avenir52.fr\\\/index.php\\\/2024\\\/06\\\/03\\\/mfr-de-haute-marne-une-fusion-purement-administrative\\\/#breadcrumb\"},\"inLanguage\":\"fr-FR\",\"potentialAction\":[{\"@type\":\"ReadAction\",\"target\":[\"https:\\\/\\\/avenir52.fr\\\/index.php\\\/2024\\\/06\\\/03\\\/mfr-de-haute-marne-une-fusion-purement-administrative\\\/\"]}]},{\"@type\":\"ImageObject\",\"inLanguage\":\"fr-FR\",\"@id\":\"https:\\\/\\\/avenir52.fr\\\/index.php\\\/2024\\\/06\\\/03\\\/mfr-de-haute-marne-une-fusion-purement-administrative\\\/#primaryimage\",\"url\":\"https:\\\/\\\/avenir52.fr\\\/wp-content\\\/uploads\\\/2024\\\/06\\\/MFR.jpg\",\"contentUrl\":\"https:\\\/\\\/avenir52.fr\\\/wp-content\\\/uploads\\\/2024\\\/06\\\/MFR.jpg\",\"width\":1449,\"height\":1070},{\"@type\":\"BreadcrumbList\",\"@id\":\"https:\\\/\\\/avenir52.fr\\\/index.php\\\/2024\\\/06\\\/03\\\/mfr-de-haute-marne-une-fusion-purement-administrative\\\/#breadcrumb\",\"itemListElement\":[{\"@type\":\"ListItem\",\"position\":1,\"name\":\"Accueil\",\"item\":\"https:\\\/\\\/avenir52.fr\\\/\"},{\"@type\":\"ListItem\",\"position\":2,\"name\":\"MFR de Haute-Marne : une fusion purement administrative\"}]},{\"@type\":\"WebSite\",\"@id\":\"https:\\\/\\\/avenir52.fr\\\/#website\",\"url\":\"https:\\\/\\\/avenir52.fr\\\/\",\"name\":\"L'Avenir Agricole et Rural de la Haute-Marne\",\"description\":\"L&#039;Avenir Agricole et Rural de la Haute-Marne\",\"publisher\":{\"@id\":\"https:\\\/\\\/avenir52.fr\\\/#organization\"},\"potentialAction\":[{\"@type\":\"SearchAction\",\"target\":{\"@type\":\"EntryPoint\",\"urlTemplate\":\"https:\\\/\\\/avenir52.fr\\\/?s={search_term_string}\"},\"query-input\":{\"@type\":\"PropertyValueSpecification\",\"valueRequired\":true,\"valueName\":\"search_term_string\"}}],\"inLanguage\":\"fr-FR\"},{\"@type\":\"Organization\",\"@id\":\"https:\\\/\\\/avenir52.fr\\\/#organization\",\"name\":\"L'Avenir Agricole et Rural de la Haute-Marne\",\"url\":\"https:\\\/\\\/avenir52.fr\\\/\",\"logo\":{\"@type\":\"ImageObject\",\"inLanguage\":\"fr-FR\",\"@id\":\"https:\\\/\\\/avenir52.fr\\\/#\\\/schema\\\/logo\\\/image\\\/\",\"url\":\"https:\\\/\\\/avenir52.fr\\\/wp-content\\\/uploads\\\/2024\\\/05\\\/cropped-Aveniragricoleetrural-logo.jpg\",\"contentUrl\":\"https:\\\/\\\/avenir52.fr\\\/wp-content\\\/uploads\\\/2024\\\/05\\\/cropped-Aveniragricoleetrural-logo.jpg\",\"width\":360,\"height\":123,\"caption\":\"L'Avenir Agricole et Rural de la Haute-Marne\"},\"image\":{\"@id\":\"https:\\\/\\\/avenir52.fr\\\/#\\\/schema\\\/logo\\\/image\\\/\"},\"sameAs\":[\"https:\\\/\\\/www.facebook.com\\\/AvenirAgricole52\\\/\",\"https:\\\/\\\/x.com\\\/aveniragri52\",\"https:\\\/\\\/www.linkedin.com\\\/company\\\/90947425\\\/\"]},{\"@type\":\"Person\",\"@id\":\"https:\\\/\\\/avenir52.fr\\\/#\\\/schema\\\/person\\\/be62b40759582f9de2b8c967e7857fe2\",\"name\":\"Thibaut MORILLON\",\"image\":{\"@type\":\"ImageObject\",\"inLanguage\":\"fr-FR\",\"@id\":\"https:\\\/\\\/secure.gravatar.com\\\/avatar\\\/b0c6acd24c9ce743bdca1cb33acf27fe8668825af01d4e1af0bc757af5602fa4?s=96&d=mm&r=g\",\"url\":\"https:\\\/\\\/secure.gravatar.com\\\/avatar\\\/b0c6acd24c9ce743bdca1cb33acf27fe8668825af01d4e1af0bc757af5602fa4?s=96&d=mm&r=g\",\"contentUrl\":\"https:\\\/\\\/secure.gravatar.com\\\/avatar\\\/b0c6acd24c9ce743bdca1cb33acf27fe8668825af01d4e1af0bc757af5602fa4?s=96&d=mm&r=g\",\"caption\":\"Thibaut MORILLON\"},\"url\":\"https:\\\/\\\/avenir52.fr\\\/index.php\\\/author\\\/tmorillon\\\/\"}]}<\/script>\n<!-- \/ Yoast SEO plugin. -->","yoast_head_json":{"title":"MFR de Haute-Marne : une fusion purement administrative - L&#039;Avenir Agricole et Rural de la Haute-Marne","robots":{"index":"index","follow":"follow","max-snippet":"max-snippet:-1","max-image-preview":"max-image-preview:large","max-video-preview":"max-video-preview:-1"},"canonical":"https:\/\/avenir52.fr\/index.php\/2024\/06\/03\/mfr-de-haute-marne-une-fusion-purement-administrative\/","og_locale":"fr_FR","og_type":"article","og_title":"MFR de Haute-Marne : une fusion purement administrative - L&#039;Avenir Agricole et Rural de la Haute-Marne","og_description":"Christine Besan\u00e7on, directrice des MFR de Haute-Marne, revient sur le projet de fusion des deux \u00e9tablissements. Les cons\u00e9quences sont uniquement administratives, les deux sites seront [...]","og_url":"https:\/\/avenir52.fr\/index.php\/2024\/06\/03\/mfr-de-haute-marne-une-fusion-purement-administrative\/","og_site_name":"L&#039;Avenir Agricole et Rural de la Haute-Marne","article_publisher":"https:\/\/www.facebook.com\/AvenirAgricole52\/","article_published_time":"2024-06-03T12:20:47+00:00","article_modified_time":"2024-06-03T12:20:48+00:00","og_image":[{"width":1449,"height":1070,"url":"https:\/\/avenir52.fr\/wp-content\/uploads\/2024\/06\/MFR.jpg","type":"image\/jpeg"}],"author":"Thibaut MORILLON","twitter_card":"summary_large_image","twitter_creator":"@aveniragri52","twitter_site":"@aveniragri52","twitter_misc":{"\u00c9crit par":"Thibaut MORILLON","Dur\u00e9e de lecture estim\u00e9e":"5 minutes"},"schema":{"@context":"https:\/\/schema.org","@graph":[{"@type":"Article","@id":"https:\/\/avenir52.fr\/index.php\/2024\/06\/03\/mfr-de-haute-marne-une-fusion-purement-administrative\/#article","isPartOf":{"@id":"https:\/\/avenir52.fr\/index.php\/2024\/06\/03\/mfr-de-haute-marne-une-fusion-purement-administrative\/"},"author":{"name":"Thibaut MORILLON","@id":"https:\/\/avenir52.fr\/#\/schema\/person\/be62b40759582f9de2b8c967e7857fe2"},"headline":"MFR de Haute-Marne : une fusion purement administrative","datePublished":"2024-06-03T12:20:47+00:00","dateModified":"2024-06-03T12:20:48+00:00","mainEntityOfPage":{"@id":"https:\/\/avenir52.fr\/index.php\/2024\/06\/03\/mfr-de-haute-marne-une-fusion-purement-administrative\/"},"wordCount":1050,"publisher":{"@id":"https:\/\/avenir52.fr\/#organization"},"image":{"@id":"https:\/\/avenir52.fr\/index.php\/2024\/06\/03\/mfr-de-haute-marne-une-fusion-purement-administrative\/#primaryimage"},"thumbnailUrl":"https:\/\/avenir52.fr\/wp-content\/uploads\/2024\/06\/MFR.jpg","articleSection":["Initiatives"],"inLanguage":"fr-FR"},{"@type":"WebPage","@id":"https:\/\/avenir52.fr\/index.php\/2024\/06\/03\/mfr-de-haute-marne-une-fusion-purement-administrative\/","url":"https:\/\/avenir52.fr\/index.php\/2024\/06\/03\/mfr-de-haute-marne-une-fusion-purement-administrative\/","name":"MFR de Haute-Marne : une fusion purement administrative - L&#039;Avenir Agricole et Rural de la Haute-Marne","isPartOf":{"@id":"https:\/\/avenir52.fr\/#website"},"primaryImageOfPage":{"@id":"https:\/\/avenir52.fr\/index.php\/2024\/06\/03\/mfr-de-haute-marne-une-fusion-purement-administrative\/#primaryimage"},"image":{"@id":"https:\/\/avenir52.fr\/index.php\/2024\/06\/03\/mfr-de-haute-marne-une-fusion-purement-administrative\/#primaryimage"},"thumbnailUrl":"https:\/\/avenir52.fr\/wp-content\/uploads\/2024\/06\/MFR.jpg","datePublished":"2024-06-03T12:20:47+00:00","dateModified":"2024-06-03T12:20:48+00:00","breadcrumb":{"@id":"https:\/\/avenir52.fr\/index.php\/2024\/06\/03\/mfr-de-haute-marne-une-fusion-purement-administrative\/#breadcrumb"},"inLanguage":"fr-FR","potentialAction":[{"@type":"ReadAction","target":["https:\/\/avenir52.fr\/index.php\/2024\/06\/03\/mfr-de-haute-marne-une-fusion-purement-administrative\/"]}]},{"@type":"ImageObject","inLanguage":"fr-FR","@id":"https:\/\/avenir52.fr\/index.php\/2024\/06\/03\/mfr-de-haute-marne-une-fusion-purement-administrative\/#primaryimage","url":"https:\/\/avenir52.fr\/wp-content\/uploads\/2024\/06\/MFR.jpg","contentUrl":"https:\/\/avenir52.fr\/wp-content\/uploads\/2024\/06\/MFR.jpg","width":1449,"height":1070},{"@type":"BreadcrumbList","@id":"https:\/\/avenir52.fr\/index.php\/2024\/06\/03\/mfr-de-haute-marne-une-fusion-purement-administrative\/#breadcrumb","itemListElement":[{"@type":"ListItem","position":1,"name":"Accueil","item":"https:\/\/avenir52.fr\/"},{"@type":"ListItem","position":2,"name":"MFR de Haute-Marne : une fusion purement administrative"}]},{"@type":"WebSite","@id":"https:\/\/avenir52.fr\/#website","url":"https:\/\/avenir52.fr\/","name":"L'Avenir Agricole et Rural de la Haute-Marne","description":"L&#039;Avenir Agricole et Rural de la Haute-Marne","publisher":{"@id":"https:\/\/avenir52.fr\/#organization"},"potentialAction":[{"@type":"SearchAction","target":{"@type":"EntryPoint","urlTemplate":"https:\/\/avenir52.fr\/?s={search_term_string}"},"query-input":{"@type":"PropertyValueSpecification","valueRequired":true,"valueName":"search_term_string"}}],"inLanguage":"fr-FR"},{"@type":"Organization","@id":"https:\/\/avenir52.fr\/#organization","name":"L'Avenir Agricole et Rural de la Haute-Marne","url":"https:\/\/avenir52.fr\/","logo":{"@type":"ImageObject","inLanguage":"fr-FR","@id":"https:\/\/avenir52.fr\/#\/schema\/logo\/image\/","url":"https:\/\/avenir52.fr\/wp-content\/uploads\/2024\/05\/cropped-Aveniragricoleetrural-logo.jpg","contentUrl":"https:\/\/avenir52.fr\/wp-content\/uploads\/2024\/05\/cropped-Aveniragricoleetrural-logo.jpg","width":360,"height":123,"caption":"L'Avenir Agricole et Rural de la Haute-Marne"},"image":{"@id":"https:\/\/avenir52.fr\/#\/schema\/logo\/image\/"},"sameAs":["https:\/\/www.facebook.com\/AvenirAgricole52\/","https:\/\/x.com\/aveniragri52","https:\/\/www.linkedin.com\/company\/90947425\/"]},{"@type":"Person","@id":"https:\/\/avenir52.fr\/#\/schema\/person\/be62b40759582f9de2b8c967e7857fe2","name":"Thibaut MORILLON","image":{"@type":"ImageObject","inLanguage":"fr-FR","@id":"https:\/\/secure.gravatar.com\/avatar\/b0c6acd24c9ce743bdca1cb33acf27fe8668825af01d4e1af0bc757af5602fa4?s=96&d=mm&r=g","url":"https:\/\/secure.gravatar.com\/avatar\/b0c6acd24c9ce743bdca1cb33acf27fe8668825af01d4e1af0bc757af5602fa4?s=96&d=mm&r=g","contentUrl":"https:\/\/secure.gravatar.com\/avatar\/b0c6acd24c9ce743bdca1cb33acf27fe8668825af01d4e1af0bc757af5602fa4?s=96&d=mm&r=g","caption":"Thibaut MORILLON"},"url":"https:\/\/avenir52.fr\/index.php\/author\/tmorillon\/"}]}},"jetpack_publicize_connections":[],"_links":{"self":[{"href":"https:\/\/avenir52.fr\/index.php\/wp-json\/wp\/v2\/posts\/51","targetHints":{"allow":["GET"]}}],"collection":[{"href":"https:\/\/avenir52.fr\/index.php\/wp-json\/wp\/v2\/posts"}],"about":[{"href":"https:\/\/avenir52.fr\/index.php\/wp-json\/wp\/v2\/types\/post"}],"author":[{"embeddable":true,"href":"https:\/\/avenir52.fr\/index.php\/wp-json\/wp\/v2\/users\/3"}],"replies":[{"embeddable":true,"href":"https:\/\/avenir52.fr\/index.php\/wp-json\/wp\/v2\/comments?post=51"}],"version-history":[{"count":1,"href":"https:\/\/avenir52.fr\/index.php\/wp-json\/wp\/v2\/posts\/51\/revisions"}],"predecessor-version":[{"id":57,"href":"https:\/\/avenir52.fr\/index.php\/wp-json\/wp\/v2\/posts\/51\/revisions\/57"}],"wp:featuredmedia":[{"embeddable":true,"href":"https:\/\/avenir52.fr\/index.php\/wp-json\/wp\/v2\/media\/54"}],"wp:attachment":[{"href":"https:\/\/avenir52.fr\/index.php\/wp-json\/wp\/v2\/media?parent=51"}],"wp:term":[{"taxonomy":"category","embeddable":true,"href":"https:\/\/avenir52.fr\/index.php\/wp-json\/wp\/v2\/categories?post=51"},{"taxonomy":"post_tag","embeddable":true,"href":"https:\/\/avenir52.fr\/index.php\/wp-json\/wp\/v2\/tags?post=51"}],"curies":[{"name":"wp","href":"https:\/\/api.w.org\/{rel}","templated":true}]}}