{"id":548,"date":"2025-02-01T07:30:00","date_gmt":"2025-02-01T06:30:00","guid":{"rendered":"https:\/\/avenir52.fr\/?p=548"},"modified":"2025-01-30T12:19:48","modified_gmt":"2025-01-30T11:19:48","slug":"les-bts-gpn-cloturent-leur-1er-semestre-sur-de-beaux-projets","status":"publish","type":"post","link":"https:\/\/avenir52.fr\/index.php\/2025\/02\/01\/les-bts-gpn-cloturent-leur-1er-semestre-sur-de-beaux-projets\/","title":{"rendered":"Les BTS GPN clo\u0302turent leur 1er semestre sur de beaux projets"},"content":{"rendered":"\n<p>A la MFR de Haute-Marne, les BTS1 Gestion et protection de la nature (GPN) ont travaill\u00e9 sur le g\u00e9nie \u00e9cologique et l\u2019animation nature d\u2019un public.<\/p>\n\n\n\n<p>Depuis la rentre\u0301e, les BTS Gestion et Protection de la Nature (GPN) 1e\u0300re anne\u0301e de la Maison Familiale Rurale de Haute-Marne du site de Buxie\u0300res-le\u0300s-Villiers ont travaille\u0301 sur deux Unite\u0301s d\u2019Enseignement essentielles a\u0300 leur formation : le ge\u0301nie e\u0301cologique et l\u2019animation nature d\u2019un public. Ces enseignements sont base\u0301s sur des commandes concre\u0300tes propose\u0301es par des structures de l\u2019environnement utiles a\u0300 l\u2019e\u0301valuation des jeunes en formation.<\/p>\n\n\n\n<p><strong>Restauration de la pelouse se\u0300che du Mont de Latrecey<\/strong><\/p>\n\n\n\n<p><br>Le ge\u0301nie e\u0301cologique consiste a\u0300 entretenir et restaurer les milieux naturels afin d\u2019assurer leur bon fonctionnement. Les GPN ont mis en application leur enseignement sur la pelouse se\u0300che du Mont de Latrecey, un milieu naturel remarquable de 18 hectares ge\u0301re\u0301 par le Conservatoire d\u2019Espaces Naturels de Champagne-Ardenne. Romaric LECONTE, charge\u0301 de mission territorial, a missionne\u0301 les e\u0301tudiants sur l\u2019entretien d\u2019une partie de la pelouse. Par groupe de 3 ou 4, les e\u0301tudiants ont commence\u0301 par re\u0301aliser une Notice d\u2019Organisation de Chantier, le 10 De\u0301cembre 2024, permettant d\u2019organiser et de planifier les actions a\u0300 mettre en oeuvre sur le site en toute se\u0301curite\u0301.<\/p>\n\n\n\n<p>Le 14 janvier dernier, les e\u0301tudiants ont mis en application les ope\u0301rations pre\u0301vues durant la phase pre\u0301paratoire en encadrant une classe de premie\u0300re Gestion des Milieux Naturels et de la Faune (GMNF) de la MFR. \u00ab <em>C\u2019est une expe\u0301rience tre\u0300s enrichissante de pouvoir re\u0301pondre a\u0300 une commande concre\u0300te propose\u0301e par le conservatoire<\/em> \u00bb se re\u0301jouit Alexandre, e\u0301tudiant de premie\u0300re anne\u0301e. Une attention toute particulie\u0300re a e\u0301galement e\u0301t\u00e9 porte\u0301e sur la de\u0301termination des essences par les bourgeons afin de reconnaitre les arbres a\u0300 conserver ou a\u0300 enlever permettant de retrouver un bon fonctionnement e\u0301cologique de ce site exceptionnel. En effet, \u00ab <em>gra\u0302ce au partenariat avec la MFR depuis plus de 12 ans, les pelouses se\u0300ches du territoire retrouvent petit a\u0300 petit leur e\u0301tat e\u0301cologique satisfaisant<\/em> \u00bb souligne Romaric LECONTE.<\/p>\n\n\n\n<p><strong>Animation des patrimoines de Buxie\u0300res-le\u0300s-Villiers<\/strong><\/p>\n\n\n\n<p><br>En ade\u0301quation avec leur formation, les e\u0301tudiants de premie\u0300re anne\u0301e ont propose\u0301 des animations nature a\u0300 des jeunes de la Maison du Temps Libre de Chaumont, le 11 de\u0301cembre 2024. Par groupe de 3 ou 4, les GPN ont choisi des e\u0301le\u0301ments du patrimoine naturel ou culturel permettant de mettre en valeur la commune de Buxie\u0300res-le\u0300s-Villiers tout en apprenant sur l\u2019environnement.<br>Louanne, Alexandre, Paul et Anai\u0308s ont choisi de valoriser le lavoir communal en pre\u0301sentant les amphibiens et leur mode de vie. Les espe\u0300ces patrimoniales et les arbres de la MFR ont e\u0301te\u0301 mis en exergue par un conte, permettant de cre\u0301er une potion pour lutter contre les cre\u0301atures imaginaires de la MFR, propose\u0301s par Hugo, Stan et Timothe\u0301e.<br>Quant a\u0300 Julien, Adrien, Le\u0301o et Candice, ils ont de\u0301cide\u0301 de pre\u0301senter la faune forestie\u0300re pre\u0301sente sur la commune et partir a\u0300 la de\u0301couverte des oiseaux pre\u0301sents au sein de la MFR pour de\u0301couvrir leur spe\u0301cificite\u0301.<br>Margot, Samuel, Guillaume et E\u0301lina ont pre\u0301sente\u0301 les spe\u0301cificite\u0301s d\u2019une mare et de ses habitants. Quant a\u0300 Alexis, Noah et Emma, ils ont fait de\u0301couvrir les empreintes des animaux pre\u0301sents au sein de la fore\u0302t communale. Ces diffe\u0301rentes animations permettent de montrer aux jeunes de la Maison du Temps Libre la potentielle biodiversite\u0301 commune pre\u0301sente aux alentours de chez eux.<\/p>\n\n\n\n<p>Ces deux projets permettent aux jeunes de re\u0301pondre a\u0300 des commandes concre\u0300tes en lien avec leur formation tout en leur permettant de devenir de futurs techniciens de l\u2019environnement. Une belle fac\u0327on de \u00ab cultiver les re\u0301ussites \u00bb conclut Ugo GIACOSA, co-responsable de la filie\u0300re GPN.<\/p>\n","protected":false},"excerpt":{"rendered":"<p>A la MFR de Haute-Marne, les BTS1 Gestion et protection de la nature (GPN) ont travaill\u00e9 sur le g\u00e9nie \u00e9cologique et l\u2019animation nature d\u2019un public. [&#8230;]<\/p>\n","protected":false},"author":1,"featured_media":551,"comment_status":"closed","ping_status":"closed","sticky":false,"template":"","format":"standard","meta":{"_monsterinsights_skip_tracking":false,"_monsterinsights_sitenote_active":false,"_monsterinsights_sitenote_note":"","_monsterinsights_sitenote_category":0,"footnotes":"","jetpack_publicize_message":"","jetpack_publicize_feature_enabled":true,"jetpack_social_post_already_shared":true,"jetpack_social_options":{"image_generator_settings":{"template":"highway","enabled":false},"version":2}},"categories":[6],"tags":[],"class_list":["post-548","post","type-post","status-publish","format-standard","has-post-thumbnail","hentry","category-initiatives"],"yoast_head":"<!-- This site is optimized with the Yoast SEO plugin v27.5 - https:\/\/yoast.com\/product\/yoast-seo-wordpress\/ -->\n<title>Les BTS GPN clo\u0302turent leur 1er semestre sur de beaux projets - L&#039;Avenir Agricole et Rural de la Haute-Marne<\/title>\n<meta name=\"robots\" content=\"index, follow, max-snippet:-1, max-image-preview:large, max-video-preview:-1\" \/>\n<link rel=\"canonical\" href=\"https:\/\/avenir52.fr\/index.php\/2025\/02\/01\/les-bts-gpn-cloturent-leur-1er-semestre-sur-de-beaux-projets\/\" \/>\n<meta property=\"og:locale\" content=\"fr_FR\" \/>\n<meta property=\"og:type\" content=\"article\" \/>\n<meta property=\"og:title\" content=\"Les BTS GPN clo\u0302turent leur 1er semestre sur de beaux projets - L&#039;Avenir Agricole et Rural de la Haute-Marne\" \/>\n<meta property=\"og:description\" content=\"A la MFR de Haute-Marne, les BTS1 Gestion et protection de la nature (GPN) ont travaill\u00e9 sur le g\u00e9nie \u00e9cologique et l\u2019animation nature d\u2019un public. [...]\" \/>\n<meta property=\"og:url\" content=\"https:\/\/avenir52.fr\/index.php\/2025\/02\/01\/les-bts-gpn-cloturent-leur-1er-semestre-sur-de-beaux-projets\/\" \/>\n<meta property=\"og:site_name\" content=\"L&#039;Avenir Agricole et Rural de la Haute-Marne\" \/>\n<meta property=\"article:publisher\" content=\"https:\/\/www.facebook.com\/AvenirAgricole52\/\" \/>\n<meta property=\"article:author\" content=\"https:\/\/www.facebook.com\/AvenirAgricole52\/\" \/>\n<meta property=\"article:published_time\" content=\"2025-02-01T06:30:00+00:00\" \/>\n<meta property=\"og:image\" content=\"https:\/\/avenir52.fr\/wp-content\/uploads\/2025\/02\/Groupe-de-BTS-MFR.jpg\" \/>\n\t<meta property=\"og:image:width\" content=\"445\" \/>\n\t<meta property=\"og:image:height\" content=\"336\" \/>\n\t<meta property=\"og:image:type\" content=\"image\/jpeg\" \/>\n<meta name=\"author\" content=\"L&#039;Avenir Agricole et Rural\" \/>\n<meta name=\"twitter:card\" content=\"summary_large_image\" \/>\n<meta name=\"twitter:creator\" content=\"@aveniragri52\" \/>\n<meta name=\"twitter:site\" content=\"@aveniragri52\" \/>\n<meta name=\"twitter:label1\" content=\"\u00c9crit par\" \/>\n\t<meta name=\"twitter:data1\" content=\"L&#039;Avenir Agricole et Rural\" \/>\n\t<meta name=\"twitter:label2\" content=\"Dur\u00e9e de lecture estim\u00e9e\" \/>\n\t<meta name=\"twitter:data2\" content=\"4 minutes\" \/>\n<script type=\"application\/ld+json\" class=\"yoast-schema-graph\">{\"@context\":\"https:\\\/\\\/schema.org\",\"@graph\":[{\"@type\":\"Article\",\"@id\":\"https:\\\/\\\/avenir52.fr\\\/index.php\\\/2025\\\/02\\\/01\\\/les-bts-gpn-cloturent-leur-1er-semestre-sur-de-beaux-projets\\\/#article\",\"isPartOf\":{\"@id\":\"https:\\\/\\\/avenir52.fr\\\/index.php\\\/2025\\\/02\\\/01\\\/les-bts-gpn-cloturent-leur-1er-semestre-sur-de-beaux-projets\\\/\"},\"author\":{\"name\":\"L'Avenir Agricole et Rural\",\"@id\":\"https:\\\/\\\/avenir52.fr\\\/#\\\/schema\\\/person\\\/d5883bd6e25457d1dcb94d95d918b60e\"},\"headline\":\"Les BTS GPN clo\u0302turent leur 1er semestre sur de beaux projets\",\"datePublished\":\"2025-02-01T06:30:00+00:00\",\"mainEntityOfPage\":{\"@id\":\"https:\\\/\\\/avenir52.fr\\\/index.php\\\/2025\\\/02\\\/01\\\/les-bts-gpn-cloturent-leur-1er-semestre-sur-de-beaux-projets\\\/\"},\"wordCount\":694,\"publisher\":{\"@id\":\"https:\\\/\\\/avenir52.fr\\\/#organization\"},\"image\":{\"@id\":\"https:\\\/\\\/avenir52.fr\\\/index.php\\\/2025\\\/02\\\/01\\\/les-bts-gpn-cloturent-leur-1er-semestre-sur-de-beaux-projets\\\/#primaryimage\"},\"thumbnailUrl\":\"https:\\\/\\\/avenir52.fr\\\/wp-content\\\/uploads\\\/2025\\\/02\\\/Groupe-de-BTS-MFR.jpg\",\"articleSection\":[\"Initiatives\"],\"inLanguage\":\"fr-FR\"},{\"@type\":\"WebPage\",\"@id\":\"https:\\\/\\\/avenir52.fr\\\/index.php\\\/2025\\\/02\\\/01\\\/les-bts-gpn-cloturent-leur-1er-semestre-sur-de-beaux-projets\\\/\",\"url\":\"https:\\\/\\\/avenir52.fr\\\/index.php\\\/2025\\\/02\\\/01\\\/les-bts-gpn-cloturent-leur-1er-semestre-sur-de-beaux-projets\\\/\",\"name\":\"Les BTS GPN clo\u0302turent leur 1er semestre sur de beaux projets - L&#039;Avenir Agricole et Rural de la Haute-Marne\",\"isPartOf\":{\"@id\":\"https:\\\/\\\/avenir52.fr\\\/#website\"},\"primaryImageOfPage\":{\"@id\":\"https:\\\/\\\/avenir52.fr\\\/index.php\\\/2025\\\/02\\\/01\\\/les-bts-gpn-cloturent-leur-1er-semestre-sur-de-beaux-projets\\\/#primaryimage\"},\"image\":{\"@id\":\"https:\\\/\\\/avenir52.fr\\\/index.php\\\/2025\\\/02\\\/01\\\/les-bts-gpn-cloturent-leur-1er-semestre-sur-de-beaux-projets\\\/#primaryimage\"},\"thumbnailUrl\":\"https:\\\/\\\/avenir52.fr\\\/wp-content\\\/uploads\\\/2025\\\/02\\\/Groupe-de-BTS-MFR.jpg\",\"datePublished\":\"2025-02-01T06:30:00+00:00\",\"breadcrumb\":{\"@id\":\"https:\\\/\\\/avenir52.fr\\\/index.php\\\/2025\\\/02\\\/01\\\/les-bts-gpn-cloturent-leur-1er-semestre-sur-de-beaux-projets\\\/#breadcrumb\"},\"inLanguage\":\"fr-FR\",\"potentialAction\":[{\"@type\":\"ReadAction\",\"target\":[\"https:\\\/\\\/avenir52.fr\\\/index.php\\\/2025\\\/02\\\/01\\\/les-bts-gpn-cloturent-leur-1er-semestre-sur-de-beaux-projets\\\/\"]}]},{\"@type\":\"ImageObject\",\"inLanguage\":\"fr-FR\",\"@id\":\"https:\\\/\\\/avenir52.fr\\\/index.php\\\/2025\\\/02\\\/01\\\/les-bts-gpn-cloturent-leur-1er-semestre-sur-de-beaux-projets\\\/#primaryimage\",\"url\":\"https:\\\/\\\/avenir52.fr\\\/wp-content\\\/uploads\\\/2025\\\/02\\\/Groupe-de-BTS-MFR.jpg\",\"contentUrl\":\"https:\\\/\\\/avenir52.fr\\\/wp-content\\\/uploads\\\/2025\\\/02\\\/Groupe-de-BTS-MFR.jpg\",\"width\":445,\"height\":336,\"caption\":\"Les BTS ont \u00e9t\u00e9 missionn\u00e9s pour entretenir la pelouse s\u00e8che du Mont de Latrecey.\"},{\"@type\":\"BreadcrumbList\",\"@id\":\"https:\\\/\\\/avenir52.fr\\\/index.php\\\/2025\\\/02\\\/01\\\/les-bts-gpn-cloturent-leur-1er-semestre-sur-de-beaux-projets\\\/#breadcrumb\",\"itemListElement\":[{\"@type\":\"ListItem\",\"position\":1,\"name\":\"Accueil\",\"item\":\"https:\\\/\\\/avenir52.fr\\\/\"},{\"@type\":\"ListItem\",\"position\":2,\"name\":\"Les BTS GPN clo\u0302turent leur 1er semestre sur de beaux projets\"}]},{\"@type\":\"WebSite\",\"@id\":\"https:\\\/\\\/avenir52.fr\\\/#website\",\"url\":\"https:\\\/\\\/avenir52.fr\\\/\",\"name\":\"L'Avenir Agricole et Rural de la Haute-Marne\",\"description\":\"L&#039;Avenir Agricole et Rural de la Haute-Marne\",\"publisher\":{\"@id\":\"https:\\\/\\\/avenir52.fr\\\/#organization\"},\"potentialAction\":[{\"@type\":\"SearchAction\",\"target\":{\"@type\":\"EntryPoint\",\"urlTemplate\":\"https:\\\/\\\/avenir52.fr\\\/?s={search_term_string}\"},\"query-input\":{\"@type\":\"PropertyValueSpecification\",\"valueRequired\":true,\"valueName\":\"search_term_string\"}}],\"inLanguage\":\"fr-FR\"},{\"@type\":\"Organization\",\"@id\":\"https:\\\/\\\/avenir52.fr\\\/#organization\",\"name\":\"L'Avenir Agricole et Rural de la Haute-Marne\",\"url\":\"https:\\\/\\\/avenir52.fr\\\/\",\"logo\":{\"@type\":\"ImageObject\",\"inLanguage\":\"fr-FR\",\"@id\":\"https:\\\/\\\/avenir52.fr\\\/#\\\/schema\\\/logo\\\/image\\\/\",\"url\":\"https:\\\/\\\/avenir52.fr\\\/wp-content\\\/uploads\\\/2024\\\/05\\\/cropped-Aveniragricoleetrural-logo.jpg\",\"contentUrl\":\"https:\\\/\\\/avenir52.fr\\\/wp-content\\\/uploads\\\/2024\\\/05\\\/cropped-Aveniragricoleetrural-logo.jpg\",\"width\":360,\"height\":123,\"caption\":\"L'Avenir Agricole et Rural de la Haute-Marne\"},\"image\":{\"@id\":\"https:\\\/\\\/avenir52.fr\\\/#\\\/schema\\\/logo\\\/image\\\/\"},\"sameAs\":[\"https:\\\/\\\/www.facebook.com\\\/AvenirAgricole52\\\/\",\"https:\\\/\\\/x.com\\\/aveniragri52\",\"https:\\\/\\\/www.linkedin.com\\\/company\\\/90947425\\\/\"]},{\"@type\":\"Person\",\"@id\":\"https:\\\/\\\/avenir52.fr\\\/#\\\/schema\\\/person\\\/d5883bd6e25457d1dcb94d95d918b60e\",\"name\":\"L'Avenir Agricole et Rural\",\"image\":{\"@type\":\"ImageObject\",\"inLanguage\":\"fr-FR\",\"@id\":\"https:\\\/\\\/secure.gravatar.com\\\/avatar\\\/155fb14f309a64820cca5e7f71daf9646493a08d615f0fd4e3cd1ebf9a58d527?s=96&d=mm&r=g\",\"url\":\"https:\\\/\\\/secure.gravatar.com\\\/avatar\\\/155fb14f309a64820cca5e7f71daf9646493a08d615f0fd4e3cd1ebf9a58d527?s=96&d=mm&r=g\",\"contentUrl\":\"https:\\\/\\\/secure.gravatar.com\\\/avatar\\\/155fb14f309a64820cca5e7f71daf9646493a08d615f0fd4e3cd1ebf9a58d527?s=96&d=mm&r=g\",\"caption\":\"L'Avenir Agricole et Rural\"},\"sameAs\":[\"http:\\\/\\\/avenir52.fr\",\"https:\\\/\\\/www.facebook.com\\\/AvenirAgricole52\\\/\",\"https:\\\/\\\/www.linkedin.com\\\/company\\\/90947425\\\/\"],\"url\":\"https:\\\/\\\/avenir52.fr\\\/index.php\\\/author\\\/admin7544\\\/\"}]}<\/script>\n<!-- \/ Yoast SEO plugin. -->","yoast_head_json":{"title":"Les BTS GPN clo\u0302turent leur 1er semestre sur de beaux projets - L&#039;Avenir Agricole et Rural de la Haute-Marne","robots":{"index":"index","follow":"follow","max-snippet":"max-snippet:-1","max-image-preview":"max-image-preview:large","max-video-preview":"max-video-preview:-1"},"canonical":"https:\/\/avenir52.fr\/index.php\/2025\/02\/01\/les-bts-gpn-cloturent-leur-1er-semestre-sur-de-beaux-projets\/","og_locale":"fr_FR","og_type":"article","og_title":"Les BTS GPN clo\u0302turent leur 1er semestre sur de beaux projets - L&#039;Avenir Agricole et Rural de la Haute-Marne","og_description":"A la MFR de Haute-Marne, les BTS1 Gestion et protection de la nature (GPN) ont travaill\u00e9 sur le g\u00e9nie \u00e9cologique et l\u2019animation nature d\u2019un public. [...]","og_url":"https:\/\/avenir52.fr\/index.php\/2025\/02\/01\/les-bts-gpn-cloturent-leur-1er-semestre-sur-de-beaux-projets\/","og_site_name":"L&#039;Avenir Agricole et Rural de la Haute-Marne","article_publisher":"https:\/\/www.facebook.com\/AvenirAgricole52\/","article_author":"https:\/\/www.facebook.com\/AvenirAgricole52\/","article_published_time":"2025-02-01T06:30:00+00:00","og_image":[{"width":445,"height":336,"url":"https:\/\/avenir52.fr\/wp-content\/uploads\/2025\/02\/Groupe-de-BTS-MFR.jpg","type":"image\/jpeg"}],"author":"L'Avenir Agricole et Rural","twitter_card":"summary_large_image","twitter_creator":"@aveniragri52","twitter_site":"@aveniragri52","twitter_misc":{"\u00c9crit par":"L'Avenir Agricole et Rural","Dur\u00e9e de lecture estim\u00e9e":"4 minutes"},"schema":{"@context":"https:\/\/schema.org","@graph":[{"@type":"Article","@id":"https:\/\/avenir52.fr\/index.php\/2025\/02\/01\/les-bts-gpn-cloturent-leur-1er-semestre-sur-de-beaux-projets\/#article","isPartOf":{"@id":"https:\/\/avenir52.fr\/index.php\/2025\/02\/01\/les-bts-gpn-cloturent-leur-1er-semestre-sur-de-beaux-projets\/"},"author":{"name":"L'Avenir Agricole et Rural","@id":"https:\/\/avenir52.fr\/#\/schema\/person\/d5883bd6e25457d1dcb94d95d918b60e"},"headline":"Les BTS GPN clo\u0302turent leur 1er semestre sur de beaux projets","datePublished":"2025-02-01T06:30:00+00:00","mainEntityOfPage":{"@id":"https:\/\/avenir52.fr\/index.php\/2025\/02\/01\/les-bts-gpn-cloturent-leur-1er-semestre-sur-de-beaux-projets\/"},"wordCount":694,"publisher":{"@id":"https:\/\/avenir52.fr\/#organization"},"image":{"@id":"https:\/\/avenir52.fr\/index.php\/2025\/02\/01\/les-bts-gpn-cloturent-leur-1er-semestre-sur-de-beaux-projets\/#primaryimage"},"thumbnailUrl":"https:\/\/avenir52.fr\/wp-content\/uploads\/2025\/02\/Groupe-de-BTS-MFR.jpg","articleSection":["Initiatives"],"inLanguage":"fr-FR"},{"@type":"WebPage","@id":"https:\/\/avenir52.fr\/index.php\/2025\/02\/01\/les-bts-gpn-cloturent-leur-1er-semestre-sur-de-beaux-projets\/","url":"https:\/\/avenir52.fr\/index.php\/2025\/02\/01\/les-bts-gpn-cloturent-leur-1er-semestre-sur-de-beaux-projets\/","name":"Les BTS GPN clo\u0302turent leur 1er semestre sur de beaux projets - L&#039;Avenir Agricole et Rural de la Haute-Marne","isPartOf":{"@id":"https:\/\/avenir52.fr\/#website"},"primaryImageOfPage":{"@id":"https:\/\/avenir52.fr\/index.php\/2025\/02\/01\/les-bts-gpn-cloturent-leur-1er-semestre-sur-de-beaux-projets\/#primaryimage"},"image":{"@id":"https:\/\/avenir52.fr\/index.php\/2025\/02\/01\/les-bts-gpn-cloturent-leur-1er-semestre-sur-de-beaux-projets\/#primaryimage"},"thumbnailUrl":"https:\/\/avenir52.fr\/wp-content\/uploads\/2025\/02\/Groupe-de-BTS-MFR.jpg","datePublished":"2025-02-01T06:30:00+00:00","breadcrumb":{"@id":"https:\/\/avenir52.fr\/index.php\/2025\/02\/01\/les-bts-gpn-cloturent-leur-1er-semestre-sur-de-beaux-projets\/#breadcrumb"},"inLanguage":"fr-FR","potentialAction":[{"@type":"ReadAction","target":["https:\/\/avenir52.fr\/index.php\/2025\/02\/01\/les-bts-gpn-cloturent-leur-1er-semestre-sur-de-beaux-projets\/"]}]},{"@type":"ImageObject","inLanguage":"fr-FR","@id":"https:\/\/avenir52.fr\/index.php\/2025\/02\/01\/les-bts-gpn-cloturent-leur-1er-semestre-sur-de-beaux-projets\/#primaryimage","url":"https:\/\/avenir52.fr\/wp-content\/uploads\/2025\/02\/Groupe-de-BTS-MFR.jpg","contentUrl":"https:\/\/avenir52.fr\/wp-content\/uploads\/2025\/02\/Groupe-de-BTS-MFR.jpg","width":445,"height":336,"caption":"Les BTS ont \u00e9t\u00e9 missionn\u00e9s pour entretenir la pelouse s\u00e8che du Mont de Latrecey."},{"@type":"BreadcrumbList","@id":"https:\/\/avenir52.fr\/index.php\/2025\/02\/01\/les-bts-gpn-cloturent-leur-1er-semestre-sur-de-beaux-projets\/#breadcrumb","itemListElement":[{"@type":"ListItem","position":1,"name":"Accueil","item":"https:\/\/avenir52.fr\/"},{"@type":"ListItem","position":2,"name":"Les BTS GPN clo\u0302turent leur 1er semestre sur de beaux projets"}]},{"@type":"WebSite","@id":"https:\/\/avenir52.fr\/#website","url":"https:\/\/avenir52.fr\/","name":"L'Avenir Agricole et Rural de la Haute-Marne","description":"L&#039;Avenir Agricole et Rural de la Haute-Marne","publisher":{"@id":"https:\/\/avenir52.fr\/#organization"},"potentialAction":[{"@type":"SearchAction","target":{"@type":"EntryPoint","urlTemplate":"https:\/\/avenir52.fr\/?s={search_term_string}"},"query-input":{"@type":"PropertyValueSpecification","valueRequired":true,"valueName":"search_term_string"}}],"inLanguage":"fr-FR"},{"@type":"Organization","@id":"https:\/\/avenir52.fr\/#organization","name":"L'Avenir Agricole et Rural de la Haute-Marne","url":"https:\/\/avenir52.fr\/","logo":{"@type":"ImageObject","inLanguage":"fr-FR","@id":"https:\/\/avenir52.fr\/#\/schema\/logo\/image\/","url":"https:\/\/avenir52.fr\/wp-content\/uploads\/2024\/05\/cropped-Aveniragricoleetrural-logo.jpg","contentUrl":"https:\/\/avenir52.fr\/wp-content\/uploads\/2024\/05\/cropped-Aveniragricoleetrural-logo.jpg","width":360,"height":123,"caption":"L'Avenir Agricole et Rural de la Haute-Marne"},"image":{"@id":"https:\/\/avenir52.fr\/#\/schema\/logo\/image\/"},"sameAs":["https:\/\/www.facebook.com\/AvenirAgricole52\/","https:\/\/x.com\/aveniragri52","https:\/\/www.linkedin.com\/company\/90947425\/"]},{"@type":"Person","@id":"https:\/\/avenir52.fr\/#\/schema\/person\/d5883bd6e25457d1dcb94d95d918b60e","name":"L'Avenir Agricole et Rural","image":{"@type":"ImageObject","inLanguage":"fr-FR","@id":"https:\/\/secure.gravatar.com\/avatar\/155fb14f309a64820cca5e7f71daf9646493a08d615f0fd4e3cd1ebf9a58d527?s=96&d=mm&r=g","url":"https:\/\/secure.gravatar.com\/avatar\/155fb14f309a64820cca5e7f71daf9646493a08d615f0fd4e3cd1ebf9a58d527?s=96&d=mm&r=g","contentUrl":"https:\/\/secure.gravatar.com\/avatar\/155fb14f309a64820cca5e7f71daf9646493a08d615f0fd4e3cd1ebf9a58d527?s=96&d=mm&r=g","caption":"L'Avenir Agricole et Rural"},"sameAs":["http:\/\/avenir52.fr","https:\/\/www.facebook.com\/AvenirAgricole52\/","https:\/\/www.linkedin.com\/company\/90947425\/"],"url":"https:\/\/avenir52.fr\/index.php\/author\/admin7544\/"}]}},"jetpack_publicize_connections":[],"_links":{"self":[{"href":"https:\/\/avenir52.fr\/index.php\/wp-json\/wp\/v2\/posts\/548","targetHints":{"allow":["GET"]}}],"collection":[{"href":"https:\/\/avenir52.fr\/index.php\/wp-json\/wp\/v2\/posts"}],"about":[{"href":"https:\/\/avenir52.fr\/index.php\/wp-json\/wp\/v2\/types\/post"}],"author":[{"embeddable":true,"href":"https:\/\/avenir52.fr\/index.php\/wp-json\/wp\/v2\/users\/1"}],"replies":[{"embeddable":true,"href":"https:\/\/avenir52.fr\/index.php\/wp-json\/wp\/v2\/comments?post=548"}],"version-history":[{"count":1,"href":"https:\/\/avenir52.fr\/index.php\/wp-json\/wp\/v2\/posts\/548\/revisions"}],"predecessor-version":[{"id":549,"href":"https:\/\/avenir52.fr\/index.php\/wp-json\/wp\/v2\/posts\/548\/revisions\/549"}],"wp:featuredmedia":[{"embeddable":true,"href":"https:\/\/avenir52.fr\/index.php\/wp-json\/wp\/v2\/media\/551"}],"wp:attachment":[{"href":"https:\/\/avenir52.fr\/index.php\/wp-json\/wp\/v2\/media?parent=548"}],"wp:term":[{"taxonomy":"category","embeddable":true,"href":"https:\/\/avenir52.fr\/index.php\/wp-json\/wp\/v2\/categories?post=548"},{"taxonomy":"post_tag","embeddable":true,"href":"https:\/\/avenir52.fr\/index.php\/wp-json\/wp\/v2\/tags?post=548"}],"curies":[{"name":"wp","href":"https:\/\/api.w.org\/{rel}","templated":true}]}}