{"id":565,"date":"2025-02-14T08:00:00","date_gmt":"2025-02-14T07:00:00","guid":{"rendered":"https:\/\/avenir52.fr\/?p=565"},"modified":"2025-02-12T16:17:58","modified_gmt":"2025-02-12T15:17:58","slug":"victoire-de-la-liste-fdsea-ja-fdpl-aux-elections-chambre","status":"publish","type":"post","link":"https:\/\/avenir52.fr\/index.php\/2025\/02\/14\/victoire-de-la-liste-fdsea-ja-fdpl-aux-elections-chambre\/","title":{"rendered":"Victoire de la liste FDSEA\/JA\/FDPL aux \u00e9lections Chambre"},"content":{"rendered":"\n<p><strong>La liste conduite par la FDSEA, les JA et la FDPL reste majoritaire en Haute-Marne, mais perd deux si\u00e8ges. La Coordination Rurale double son score et obtient 3 si\u00e8ges. La Conf\u00e9d\u00e9ration Paysanne conserve deux si\u00e8ges.<\/strong><\/p>\n\n\n\n<p>Les r\u00e9sultats des \u00e9lections \u00e0 la Chambre d\u2019agriculture de Haute-Marne refl\u00e8tent la tendance nationale&nbsp;: une perte de vitesse du syndicat majoritaire et une perc\u00e9e de la Coordination Rurale. En Haute-Marne, le taux de participation dans le coll\u00e8ge 1 (chefs d\u2019exploitation) pour les 2270 inscrits est de 54,49&nbsp;%, un chiffre l\u00e9g\u00e8rement sup\u00e9rieur \u00e0 2019 (51,35%).<\/p>\n\n\n\n<p>En 2019, la liste de la FDSEA, des JA et de la FDPL avait rassembl\u00e9e 64,86&nbsp;% des voix, lui offrant 15 si\u00e8ges. Pour ce nouveau mandat elle r\u00e9colte 46,51&nbsp;% des voix, ce qui lui permet de garder sa position majoritaire, mais avec 13 si\u00e8ges. Notons que la FDSEA gagne \u00e9galement un si\u00e8ge dans le coll\u00e8ge 4 (anciens exploitants) avec 56,73&nbsp;% des voix. La Coordination Rurale augmente nettement son score&nbsp;: passant de 14,90&nbsp;% en 2019 \u00e0 29,62&nbsp;%, ce qui lui permet d\u2019obtenir 3 si\u00e8ges, soit deux de plus qu\u2019aux derni\u00e8res \u00e9lections. La Conf\u00e9d\u00e9ration Paysanne augmente l\u00e9g\u00e8rement son nombre de voix pour atteindre 23,88&nbsp;% (contre 20,34&nbsp;% en 2019), mais reste avec deux si\u00e8ges.<\/p>\n\n\n\n<p>Dans le coll\u00e8ge 2 (propri\u00e9taires et usufruitiers), la SDPPR garde son si\u00e8ge avec 63,58&nbsp;% des voix. Dans le coll\u00e8ge 3A (salari\u00e9s de la production agricole), la CFDT Agri-Agro arrive en t\u00eate avec 45,33% des voix, soit 2 si\u00e8ges, suivie par la CFTC Agri (16,67%) qui obtient 1 si\u00e8ge. Dans le coll\u00e8ge 3B (salari\u00e9s des groupements professionnels agricoles) la CFDT Agri-Agro fait 59,85&nbsp;% des voix, soit 2 si\u00e8ges et FO 22,99&nbsp;%, soit 1 si\u00e8ge.<\/p>\n\n\n\n<p>\u00ab&nbsp;Merci d\u2019avoir vot\u00e9 pour nous&nbsp;\u00bb<\/p>\n\n\n\n<p>\u00ab&nbsp;Je remercie tous les agriculteurs qui ont vot\u00e9 pour nous&nbsp;\u00bb, a r\u00e9agit Thierry Lahaye, candidat \u00e0 la pr\u00e9sidence de la Chambre d\u2019agriculture pour la liste FDSEA\/JA\/FDPL. \u00ab&nbsp;Le taux de participation \u00e9tait assez \u00e9lev\u00e9 par rapport \u00e0 d\u2019autres d\u00e9partements, ce qui est plut\u00f4t satisfaisant. On sent que les agriculteurs sont impliqu\u00e9s dans l\u2019avenir de la Chambre d\u2019agriculture. Cela nous donne encore plus de motivation \u00e0 mettre en avant le travail qui a \u00e9t\u00e9 r\u00e9alis\u00e9. Nous allons faire en sorte que la Chambre d\u2019agriculture ait un niveau de performance en corr\u00e9lation avec les probl\u00e9matiques du moment&nbsp;\u00bb. Alors que deux si\u00e8ges de la FDSEA basculent vers la Coordination Rurale, Thierry Lahaye estime que \u00ab&nbsp;la col\u00e8re n\u2019est pas un programme, on se doit de dire les choses quand elles ne vont pas mais cela ne fait pas un programme. Je reprendrai les propos de la FNSEA en disant que notre programme est de construire des services qui permettent aux producteurs d\u2019\u00eatre plus performants sur leur exploitation. Le r\u00f4le d\u2019une Chambre d\u2019agriculture est d\u2019\u00eatre dans le travail, dans l\u2019analyse des choses, dans l\u2019\u00e9coute des producteurs et dans l\u2019accueil&nbsp;\u00bb.<\/p>\n\n\n\n<p>La session d\u2019installation aura lieu le 24 f\u00e9vrier avec la constitution du nouveau bureau. La premi\u00e8re session \u00ab&nbsp;ordinaire&nbsp;\u00bb de la Chambre d\u2019agriculture se d\u00e9roulera en mars.<\/p>\n","protected":false},"excerpt":{"rendered":"<p>La liste conduite par la FDSEA, les JA et la FDPL reste majoritaire en Haute-Marne, mais perd deux si\u00e8ges. La Coordination Rurale double son score [&#8230;]<\/p>\n","protected":false},"author":3,"featured_media":516,"comment_status":"closed","ping_status":"closed","sticky":false,"template":"","format":"standard","meta":{"_monsterinsights_skip_tracking":false,"_monsterinsights_sitenote_active":false,"_monsterinsights_sitenote_note":"","_monsterinsights_sitenote_category":0,"footnotes":"","jetpack_publicize_message":"","jetpack_publicize_feature_enabled":true,"jetpack_social_post_already_shared":true,"jetpack_social_options":{"image_generator_settings":{"template":"highway","default_image_id":0,"font":"","enabled":false},"version":2}},"categories":[3],"tags":[],"class_list":["post-565","post","type-post","status-publish","format-standard","has-post-thumbnail","hentry","category-vie-professionnelle"],"yoast_head":"<!-- This site is optimized with the Yoast SEO plugin v27.5 - https:\/\/yoast.com\/product\/yoast-seo-wordpress\/ -->\n<title>Victoire de la liste FDSEA\/JA\/FDPL aux \u00e9lections Chambre - L&#039;Avenir Agricole et Rural de la Haute-Marne<\/title>\n<meta name=\"robots\" content=\"index, follow, max-snippet:-1, max-image-preview:large, max-video-preview:-1\" \/>\n<link rel=\"canonical\" href=\"https:\/\/avenir52.fr\/index.php\/2025\/02\/14\/victoire-de-la-liste-fdsea-ja-fdpl-aux-elections-chambre\/\" \/>\n<meta property=\"og:locale\" content=\"fr_FR\" \/>\n<meta property=\"og:type\" content=\"article\" \/>\n<meta property=\"og:title\" content=\"Victoire de la liste FDSEA\/JA\/FDPL aux \u00e9lections Chambre - L&#039;Avenir Agricole et Rural de la Haute-Marne\" \/>\n<meta property=\"og:description\" content=\"La liste conduite par la FDSEA, les JA et la FDPL reste majoritaire en Haute-Marne, mais perd deux si\u00e8ges. La Coordination Rurale double son score [...]\" \/>\n<meta property=\"og:url\" content=\"https:\/\/avenir52.fr\/index.php\/2025\/02\/14\/victoire-de-la-liste-fdsea-ja-fdpl-aux-elections-chambre\/\" \/>\n<meta property=\"og:site_name\" content=\"L&#039;Avenir Agricole et Rural de la Haute-Marne\" \/>\n<meta property=\"article:publisher\" content=\"https:\/\/www.facebook.com\/AvenirAgricole52\/\" \/>\n<meta property=\"article:published_time\" content=\"2025-02-14T07:00:00+00:00\" \/>\n<meta property=\"og:image\" content=\"https:\/\/avenir52.fr\/wp-content\/uploads\/2025\/01\/Groupe.jpg\" \/>\n\t<meta property=\"og:image:width\" content=\"981\" \/>\n\t<meta property=\"og:image:height\" content=\"643\" \/>\n\t<meta property=\"og:image:type\" content=\"image\/jpeg\" \/>\n<meta name=\"author\" content=\"Thibaut MORILLON\" \/>\n<meta name=\"twitter:card\" content=\"summary_large_image\" \/>\n<meta name=\"twitter:creator\" content=\"@aveniragri52\" \/>\n<meta name=\"twitter:site\" content=\"@aveniragri52\" \/>\n<meta name=\"twitter:label1\" content=\"\u00c9crit par\" \/>\n\t<meta name=\"twitter:data1\" content=\"Thibaut MORILLON\" \/>\n\t<meta name=\"twitter:label2\" content=\"Dur\u00e9e de lecture estim\u00e9e\" \/>\n\t<meta name=\"twitter:data2\" content=\"3 minutes\" \/>\n<script type=\"application\/ld+json\" class=\"yoast-schema-graph\">{\"@context\":\"https:\\\/\\\/schema.org\",\"@graph\":[{\"@type\":\"Article\",\"@id\":\"https:\\\/\\\/avenir52.fr\\\/index.php\\\/2025\\\/02\\\/14\\\/victoire-de-la-liste-fdsea-ja-fdpl-aux-elections-chambre\\\/#article\",\"isPartOf\":{\"@id\":\"https:\\\/\\\/avenir52.fr\\\/index.php\\\/2025\\\/02\\\/14\\\/victoire-de-la-liste-fdsea-ja-fdpl-aux-elections-chambre\\\/\"},\"author\":{\"name\":\"Thibaut MORILLON\",\"@id\":\"https:\\\/\\\/avenir52.fr\\\/#\\\/schema\\\/person\\\/be62b40759582f9de2b8c967e7857fe2\"},\"headline\":\"Victoire de la liste FDSEA\\\/JA\\\/FDPL aux \u00e9lections Chambre\",\"datePublished\":\"2025-02-14T07:00:00+00:00\",\"mainEntityOfPage\":{\"@id\":\"https:\\\/\\\/avenir52.fr\\\/index.php\\\/2025\\\/02\\\/14\\\/victoire-de-la-liste-fdsea-ja-fdpl-aux-elections-chambre\\\/\"},\"wordCount\":556,\"publisher\":{\"@id\":\"https:\\\/\\\/avenir52.fr\\\/#organization\"},\"image\":{\"@id\":\"https:\\\/\\\/avenir52.fr\\\/index.php\\\/2025\\\/02\\\/14\\\/victoire-de-la-liste-fdsea-ja-fdpl-aux-elections-chambre\\\/#primaryimage\"},\"thumbnailUrl\":\"https:\\\/\\\/avenir52.fr\\\/wp-content\\\/uploads\\\/2025\\\/01\\\/Groupe.jpg\",\"articleSection\":[\"Vie professionnelle\"],\"inLanguage\":\"fr-FR\"},{\"@type\":\"WebPage\",\"@id\":\"https:\\\/\\\/avenir52.fr\\\/index.php\\\/2025\\\/02\\\/14\\\/victoire-de-la-liste-fdsea-ja-fdpl-aux-elections-chambre\\\/\",\"url\":\"https:\\\/\\\/avenir52.fr\\\/index.php\\\/2025\\\/02\\\/14\\\/victoire-de-la-liste-fdsea-ja-fdpl-aux-elections-chambre\\\/\",\"name\":\"Victoire de la liste FDSEA\\\/JA\\\/FDPL aux \u00e9lections Chambre - L&#039;Avenir Agricole et Rural de la Haute-Marne\",\"isPartOf\":{\"@id\":\"https:\\\/\\\/avenir52.fr\\\/#website\"},\"primaryImageOfPage\":{\"@id\":\"https:\\\/\\\/avenir52.fr\\\/index.php\\\/2025\\\/02\\\/14\\\/victoire-de-la-liste-fdsea-ja-fdpl-aux-elections-chambre\\\/#primaryimage\"},\"image\":{\"@id\":\"https:\\\/\\\/avenir52.fr\\\/index.php\\\/2025\\\/02\\\/14\\\/victoire-de-la-liste-fdsea-ja-fdpl-aux-elections-chambre\\\/#primaryimage\"},\"thumbnailUrl\":\"https:\\\/\\\/avenir52.fr\\\/wp-content\\\/uploads\\\/2025\\\/01\\\/Groupe.jpg\",\"datePublished\":\"2025-02-14T07:00:00+00:00\",\"breadcrumb\":{\"@id\":\"https:\\\/\\\/avenir52.fr\\\/index.php\\\/2025\\\/02\\\/14\\\/victoire-de-la-liste-fdsea-ja-fdpl-aux-elections-chambre\\\/#breadcrumb\"},\"inLanguage\":\"fr-FR\",\"potentialAction\":[{\"@type\":\"ReadAction\",\"target\":[\"https:\\\/\\\/avenir52.fr\\\/index.php\\\/2025\\\/02\\\/14\\\/victoire-de-la-liste-fdsea-ja-fdpl-aux-elections-chambre\\\/\"]}]},{\"@type\":\"ImageObject\",\"inLanguage\":\"fr-FR\",\"@id\":\"https:\\\/\\\/avenir52.fr\\\/index.php\\\/2025\\\/02\\\/14\\\/victoire-de-la-liste-fdsea-ja-fdpl-aux-elections-chambre\\\/#primaryimage\",\"url\":\"https:\\\/\\\/avenir52.fr\\\/wp-content\\\/uploads\\\/2025\\\/01\\\/Groupe.jpg\",\"contentUrl\":\"https:\\\/\\\/avenir52.fr\\\/wp-content\\\/uploads\\\/2025\\\/01\\\/Groupe.jpg\",\"width\":981,\"height\":643,\"caption\":\"La liste men\u00e9e par la FNSEA, les JA et la FDPL a recueilli 46,51\u00a0% des voix.\"},{\"@type\":\"BreadcrumbList\",\"@id\":\"https:\\\/\\\/avenir52.fr\\\/index.php\\\/2025\\\/02\\\/14\\\/victoire-de-la-liste-fdsea-ja-fdpl-aux-elections-chambre\\\/#breadcrumb\",\"itemListElement\":[{\"@type\":\"ListItem\",\"position\":1,\"name\":\"Accueil\",\"item\":\"https:\\\/\\\/avenir52.fr\\\/\"},{\"@type\":\"ListItem\",\"position\":2,\"name\":\"Victoire de la liste FDSEA\\\/JA\\\/FDPL aux \u00e9lections Chambre\"}]},{\"@type\":\"WebSite\",\"@id\":\"https:\\\/\\\/avenir52.fr\\\/#website\",\"url\":\"https:\\\/\\\/avenir52.fr\\\/\",\"name\":\"L'Avenir Agricole et Rural de la Haute-Marne\",\"description\":\"L&#039;Avenir Agricole et Rural de la Haute-Marne\",\"publisher\":{\"@id\":\"https:\\\/\\\/avenir52.fr\\\/#organization\"},\"potentialAction\":[{\"@type\":\"SearchAction\",\"target\":{\"@type\":\"EntryPoint\",\"urlTemplate\":\"https:\\\/\\\/avenir52.fr\\\/?s={search_term_string}\"},\"query-input\":{\"@type\":\"PropertyValueSpecification\",\"valueRequired\":true,\"valueName\":\"search_term_string\"}}],\"inLanguage\":\"fr-FR\"},{\"@type\":\"Organization\",\"@id\":\"https:\\\/\\\/avenir52.fr\\\/#organization\",\"name\":\"L'Avenir Agricole et Rural de la Haute-Marne\",\"url\":\"https:\\\/\\\/avenir52.fr\\\/\",\"logo\":{\"@type\":\"ImageObject\",\"inLanguage\":\"fr-FR\",\"@id\":\"https:\\\/\\\/avenir52.fr\\\/#\\\/schema\\\/logo\\\/image\\\/\",\"url\":\"https:\\\/\\\/avenir52.fr\\\/wp-content\\\/uploads\\\/2024\\\/05\\\/cropped-Aveniragricoleetrural-logo.jpg\",\"contentUrl\":\"https:\\\/\\\/avenir52.fr\\\/wp-content\\\/uploads\\\/2024\\\/05\\\/cropped-Aveniragricoleetrural-logo.jpg\",\"width\":360,\"height\":123,\"caption\":\"L'Avenir Agricole et Rural de la Haute-Marne\"},\"image\":{\"@id\":\"https:\\\/\\\/avenir52.fr\\\/#\\\/schema\\\/logo\\\/image\\\/\"},\"sameAs\":[\"https:\\\/\\\/www.facebook.com\\\/AvenirAgricole52\\\/\",\"https:\\\/\\\/x.com\\\/aveniragri52\",\"https:\\\/\\\/www.linkedin.com\\\/company\\\/90947425\\\/\"]},{\"@type\":\"Person\",\"@id\":\"https:\\\/\\\/avenir52.fr\\\/#\\\/schema\\\/person\\\/be62b40759582f9de2b8c967e7857fe2\",\"name\":\"Thibaut MORILLON\",\"image\":{\"@type\":\"ImageObject\",\"inLanguage\":\"fr-FR\",\"@id\":\"https:\\\/\\\/secure.gravatar.com\\\/avatar\\\/b0c6acd24c9ce743bdca1cb33acf27fe8668825af01d4e1af0bc757af5602fa4?s=96&d=mm&r=g\",\"url\":\"https:\\\/\\\/secure.gravatar.com\\\/avatar\\\/b0c6acd24c9ce743bdca1cb33acf27fe8668825af01d4e1af0bc757af5602fa4?s=96&d=mm&r=g\",\"contentUrl\":\"https:\\\/\\\/secure.gravatar.com\\\/avatar\\\/b0c6acd24c9ce743bdca1cb33acf27fe8668825af01d4e1af0bc757af5602fa4?s=96&d=mm&r=g\",\"caption\":\"Thibaut MORILLON\"},\"url\":\"https:\\\/\\\/avenir52.fr\\\/index.php\\\/author\\\/tmorillon\\\/\"}]}<\/script>\n<!-- \/ Yoast SEO plugin. -->","yoast_head_json":{"title":"Victoire de la liste FDSEA\/JA\/FDPL aux \u00e9lections Chambre - L&#039;Avenir Agricole et Rural de la Haute-Marne","robots":{"index":"index","follow":"follow","max-snippet":"max-snippet:-1","max-image-preview":"max-image-preview:large","max-video-preview":"max-video-preview:-1"},"canonical":"https:\/\/avenir52.fr\/index.php\/2025\/02\/14\/victoire-de-la-liste-fdsea-ja-fdpl-aux-elections-chambre\/","og_locale":"fr_FR","og_type":"article","og_title":"Victoire de la liste FDSEA\/JA\/FDPL aux \u00e9lections Chambre - L&#039;Avenir Agricole et Rural de la Haute-Marne","og_description":"La liste conduite par la FDSEA, les JA et la FDPL reste majoritaire en Haute-Marne, mais perd deux si\u00e8ges. La Coordination Rurale double son score [...]","og_url":"https:\/\/avenir52.fr\/index.php\/2025\/02\/14\/victoire-de-la-liste-fdsea-ja-fdpl-aux-elections-chambre\/","og_site_name":"L&#039;Avenir Agricole et Rural de la Haute-Marne","article_publisher":"https:\/\/www.facebook.com\/AvenirAgricole52\/","article_published_time":"2025-02-14T07:00:00+00:00","og_image":[{"width":981,"height":643,"url":"https:\/\/avenir52.fr\/wp-content\/uploads\/2025\/01\/Groupe.jpg","type":"image\/jpeg"}],"author":"Thibaut MORILLON","twitter_card":"summary_large_image","twitter_creator":"@aveniragri52","twitter_site":"@aveniragri52","twitter_misc":{"\u00c9crit par":"Thibaut MORILLON","Dur\u00e9e de lecture estim\u00e9e":"3 minutes"},"schema":{"@context":"https:\/\/schema.org","@graph":[{"@type":"Article","@id":"https:\/\/avenir52.fr\/index.php\/2025\/02\/14\/victoire-de-la-liste-fdsea-ja-fdpl-aux-elections-chambre\/#article","isPartOf":{"@id":"https:\/\/avenir52.fr\/index.php\/2025\/02\/14\/victoire-de-la-liste-fdsea-ja-fdpl-aux-elections-chambre\/"},"author":{"name":"Thibaut MORILLON","@id":"https:\/\/avenir52.fr\/#\/schema\/person\/be62b40759582f9de2b8c967e7857fe2"},"headline":"Victoire de la liste FDSEA\/JA\/FDPL aux \u00e9lections Chambre","datePublished":"2025-02-14T07:00:00+00:00","mainEntityOfPage":{"@id":"https:\/\/avenir52.fr\/index.php\/2025\/02\/14\/victoire-de-la-liste-fdsea-ja-fdpl-aux-elections-chambre\/"},"wordCount":556,"publisher":{"@id":"https:\/\/avenir52.fr\/#organization"},"image":{"@id":"https:\/\/avenir52.fr\/index.php\/2025\/02\/14\/victoire-de-la-liste-fdsea-ja-fdpl-aux-elections-chambre\/#primaryimage"},"thumbnailUrl":"https:\/\/avenir52.fr\/wp-content\/uploads\/2025\/01\/Groupe.jpg","articleSection":["Vie professionnelle"],"inLanguage":"fr-FR"},{"@type":"WebPage","@id":"https:\/\/avenir52.fr\/index.php\/2025\/02\/14\/victoire-de-la-liste-fdsea-ja-fdpl-aux-elections-chambre\/","url":"https:\/\/avenir52.fr\/index.php\/2025\/02\/14\/victoire-de-la-liste-fdsea-ja-fdpl-aux-elections-chambre\/","name":"Victoire de la liste FDSEA\/JA\/FDPL aux \u00e9lections Chambre - L&#039;Avenir Agricole et Rural de la Haute-Marne","isPartOf":{"@id":"https:\/\/avenir52.fr\/#website"},"primaryImageOfPage":{"@id":"https:\/\/avenir52.fr\/index.php\/2025\/02\/14\/victoire-de-la-liste-fdsea-ja-fdpl-aux-elections-chambre\/#primaryimage"},"image":{"@id":"https:\/\/avenir52.fr\/index.php\/2025\/02\/14\/victoire-de-la-liste-fdsea-ja-fdpl-aux-elections-chambre\/#primaryimage"},"thumbnailUrl":"https:\/\/avenir52.fr\/wp-content\/uploads\/2025\/01\/Groupe.jpg","datePublished":"2025-02-14T07:00:00+00:00","breadcrumb":{"@id":"https:\/\/avenir52.fr\/index.php\/2025\/02\/14\/victoire-de-la-liste-fdsea-ja-fdpl-aux-elections-chambre\/#breadcrumb"},"inLanguage":"fr-FR","potentialAction":[{"@type":"ReadAction","target":["https:\/\/avenir52.fr\/index.php\/2025\/02\/14\/victoire-de-la-liste-fdsea-ja-fdpl-aux-elections-chambre\/"]}]},{"@type":"ImageObject","inLanguage":"fr-FR","@id":"https:\/\/avenir52.fr\/index.php\/2025\/02\/14\/victoire-de-la-liste-fdsea-ja-fdpl-aux-elections-chambre\/#primaryimage","url":"https:\/\/avenir52.fr\/wp-content\/uploads\/2025\/01\/Groupe.jpg","contentUrl":"https:\/\/avenir52.fr\/wp-content\/uploads\/2025\/01\/Groupe.jpg","width":981,"height":643,"caption":"La liste men\u00e9e par la FNSEA, les JA et la FDPL a recueilli 46,51\u00a0% des voix."},{"@type":"BreadcrumbList","@id":"https:\/\/avenir52.fr\/index.php\/2025\/02\/14\/victoire-de-la-liste-fdsea-ja-fdpl-aux-elections-chambre\/#breadcrumb","itemListElement":[{"@type":"ListItem","position":1,"name":"Accueil","item":"https:\/\/avenir52.fr\/"},{"@type":"ListItem","position":2,"name":"Victoire de la liste FDSEA\/JA\/FDPL aux \u00e9lections Chambre"}]},{"@type":"WebSite","@id":"https:\/\/avenir52.fr\/#website","url":"https:\/\/avenir52.fr\/","name":"L'Avenir Agricole et Rural de la Haute-Marne","description":"L&#039;Avenir Agricole et Rural de la Haute-Marne","publisher":{"@id":"https:\/\/avenir52.fr\/#organization"},"potentialAction":[{"@type":"SearchAction","target":{"@type":"EntryPoint","urlTemplate":"https:\/\/avenir52.fr\/?s={search_term_string}"},"query-input":{"@type":"PropertyValueSpecification","valueRequired":true,"valueName":"search_term_string"}}],"inLanguage":"fr-FR"},{"@type":"Organization","@id":"https:\/\/avenir52.fr\/#organization","name":"L'Avenir Agricole et Rural de la Haute-Marne","url":"https:\/\/avenir52.fr\/","logo":{"@type":"ImageObject","inLanguage":"fr-FR","@id":"https:\/\/avenir52.fr\/#\/schema\/logo\/image\/","url":"https:\/\/avenir52.fr\/wp-content\/uploads\/2024\/05\/cropped-Aveniragricoleetrural-logo.jpg","contentUrl":"https:\/\/avenir52.fr\/wp-content\/uploads\/2024\/05\/cropped-Aveniragricoleetrural-logo.jpg","width":360,"height":123,"caption":"L'Avenir Agricole et Rural de la Haute-Marne"},"image":{"@id":"https:\/\/avenir52.fr\/#\/schema\/logo\/image\/"},"sameAs":["https:\/\/www.facebook.com\/AvenirAgricole52\/","https:\/\/x.com\/aveniragri52","https:\/\/www.linkedin.com\/company\/90947425\/"]},{"@type":"Person","@id":"https:\/\/avenir52.fr\/#\/schema\/person\/be62b40759582f9de2b8c967e7857fe2","name":"Thibaut MORILLON","image":{"@type":"ImageObject","inLanguage":"fr-FR","@id":"https:\/\/secure.gravatar.com\/avatar\/b0c6acd24c9ce743bdca1cb33acf27fe8668825af01d4e1af0bc757af5602fa4?s=96&d=mm&r=g","url":"https:\/\/secure.gravatar.com\/avatar\/b0c6acd24c9ce743bdca1cb33acf27fe8668825af01d4e1af0bc757af5602fa4?s=96&d=mm&r=g","contentUrl":"https:\/\/secure.gravatar.com\/avatar\/b0c6acd24c9ce743bdca1cb33acf27fe8668825af01d4e1af0bc757af5602fa4?s=96&d=mm&r=g","caption":"Thibaut MORILLON"},"url":"https:\/\/avenir52.fr\/index.php\/author\/tmorillon\/"}]}},"jetpack_publicize_connections":[],"_links":{"self":[{"href":"https:\/\/avenir52.fr\/index.php\/wp-json\/wp\/v2\/posts\/565","targetHints":{"allow":["GET"]}}],"collection":[{"href":"https:\/\/avenir52.fr\/index.php\/wp-json\/wp\/v2\/posts"}],"about":[{"href":"https:\/\/avenir52.fr\/index.php\/wp-json\/wp\/v2\/types\/post"}],"author":[{"embeddable":true,"href":"https:\/\/avenir52.fr\/index.php\/wp-json\/wp\/v2\/users\/3"}],"replies":[{"embeddable":true,"href":"https:\/\/avenir52.fr\/index.php\/wp-json\/wp\/v2\/comments?post=565"}],"version-history":[{"count":1,"href":"https:\/\/avenir52.fr\/index.php\/wp-json\/wp\/v2\/posts\/565\/revisions"}],"predecessor-version":[{"id":566,"href":"https:\/\/avenir52.fr\/index.php\/wp-json\/wp\/v2\/posts\/565\/revisions\/566"}],"wp:featuredmedia":[{"embeddable":true,"href":"https:\/\/avenir52.fr\/index.php\/wp-json\/wp\/v2\/media\/516"}],"wp:attachment":[{"href":"https:\/\/avenir52.fr\/index.php\/wp-json\/wp\/v2\/media?parent=565"}],"wp:term":[{"taxonomy":"category","embeddable":true,"href":"https:\/\/avenir52.fr\/index.php\/wp-json\/wp\/v2\/categories?post=565"},{"taxonomy":"post_tag","embeddable":true,"href":"https:\/\/avenir52.fr\/index.php\/wp-json\/wp\/v2\/tags?post=565"}],"curies":[{"name":"wp","href":"https:\/\/api.w.org\/{rel}","templated":true}]}}