{"id":67,"date":"2024-05-29T09:08:00","date_gmt":"2024-05-29T07:08:00","guid":{"rendered":"https:\/\/avenir52.fr\/?p=67"},"modified":"2024-06-04T09:10:18","modified_gmt":"2024-06-04T07:10:18","slug":"une-journee-entre-formation-et-convivialite","status":"publish","type":"post","link":"https:\/\/avenir52.fr\/index.php\/2024\/05\/29\/une-journee-entre-formation-et-convivialite\/","title":{"rendered":"Une journ\u00e9e entre formation et convivialit\u00e9"},"content":{"rendered":"\n<p>La commission des agricultrices de la FDSEA s\u2019est r\u00e9unie le 14 mai pour une journ\u00e9e de convivialit\u00e9. La matin\u00e9e \u00e9tait consacr\u00e9e \u00e0 l\u2019installation, aux r\u00e9gimes matrimoniaux et \u00e0 la transmission.<\/p>\n\n\n\n<p>\u00ab&nbsp;La d\u00e9fense des droits de la femme au niveau agricole est un gros combat. On a un statut atypique \u00bb d\u00e9clare Sandrine Brauen, pr\u00e9sidente de la Commission d\u00e9partementale des agricultrices (CDA) de la FDSEA. L\u2019\u00e9leveuse a rappel\u00e9 l\u2019utilit\u00e9 de la Commission nationale (CNA), qui a obtenu en 2010 la possibilit\u00e9 de construire un GAEC entre \u00e9poux. \u00ab&nbsp;Aujourd\u2019hui les exploitants en retraite touchent 85&nbsp;% du Smic mais ce n\u2019est pas le cas des conjointes ou des aides familiaux. La CNA se bat pour que les conjointes qui n\u2019ont pas eu de statut puissent avoir une retraite d\u00e9cente&nbsp;\u00bb.<\/p>\n\n\n\n<p>La CDA participe aussi \u00e0 la Commission r\u00e9gionale. \u00ab&nbsp;C\u2019est toujours tr\u00e8s int\u00e9ressant d\u2019avoir des \u00e9changes, on voit ce qu\u2019il se fait dans les autres d\u00e9partements, cela donne des id\u00e9es&nbsp;et cela cr\u00e9e du lien \u00bb explique Sandrine Brauen qui pr\u00e9voit d\u2019envoyer une d\u00e9l\u00e9gation haut-marnaise \u00e0 un rallye organis\u00e9 dans des fermes Meurthe et Mosellanes en septembre. \u00ab&nbsp;L\u2019id\u00e9e est d\u2019aller voir des jeunes femmes qui se sont install\u00e9es sur des structures diff\u00e9rentes&nbsp;\u00bb.<\/p>\n\n\n\n<p>Sandrine Brauen est revenue sur les \u00e9lections de la Chambre d\u2019agriculture, qui auront lieu l\u2019ann\u00e9e prochaine. \u00ab&nbsp;Il faut commencer \u00e0 y r\u00e9fl\u00e9chir, \u00e0 en parler autour de vous, il faut s\u2019impliquer dans la Chambre car elle appartient aux agriculteurs. Il est tr\u00e8s important d\u2019aller voter car le fait d\u2019\u00eatre repr\u00e9sentatif dans les \u00e9lections nous permet de si\u00e9ger dans les commissions, de s\u2019exprimer et de faire remonter les infos&nbsp;\u00bb.<\/p>\n\n\n\n<h3 class=\"wp-block-heading\">Installation et transmission<\/h3>\n\n\n\n<p>Etant donn\u00e9 que 30&nbsp;% des exploitants partiront en retraite d\u2019ici 2026, le renouvellement des g\u00e9n\u00e9rations est un enjeu majeur au sein du monde agricole. Selon une \u00e9tude de la DRAAF et de la MSA, alors que le Grand Est comptait 28 600 agriculteurs et 8 900 viticulteurs en 2019, ils ne devraient \u00eatre plus que 23 000 agriculteurs et 7 000 viticulteurs en 2029, soit une baisse de 17&nbsp;% en 10 ans. En Haute-Marne, cela repr\u00e9sente une perte de 380 chefs d\u2019exploitation.<\/p>\n\n\n\n<p>En 2021, notre d\u00e9partement a enregistr\u00e9 120 d\u00e9parts pour 80 installations. \u00ab&nbsp;On a beaucoup de d\u00e9parts en retraite et en plus on a des co\u00fbts importants de transmission des entreprises, il faut donc anticiper sa transmission au moins 10 ans avant&nbsp;\u00bb souligne Marie Geoffrin-Denys, conseill\u00e8re \u00e0 la Chambre d\u2019agriculture. En effet, le co\u00fbt d\u2019une installation en Haute-Marne est de 474 000 euros en moyenne, dont environ 200 000 euros consacr\u00e9s au transfert des capitaux.<\/p>\n\n\n\n<p>La Dotation Jeune Agriculteur (DJA) a \u00e9t\u00e9 r\u00e9form\u00e9e. Depuis le 19 septembre 2023, c\u2019est le conseil R\u00e9gional Grand Est qui a repris la gestion du dispositif. Les aides sont maintenant d\u00e9clin\u00e9es en AIA (Accompagnement \u00e0 l\u2019installation en agriculture) pour les personnes \u00e2g\u00e9es de 18 \u00e0 40 ans et l\u2019AINA (Aide \u00e0 l\u2019installation du nouvel agriculteur), pour les 41 \u00e0 50 ans. \u00ab&nbsp;La volont\u00e9 a \u00e9t\u00e9 de simplifier le dispositif, de le rendre plus clair, mais aussi avec des conditions d\u2019\u00e9ligibilit\u00e9 pour avoir des projets viables et s\u00e9curisants&nbsp;\u00bb explique Marie Geoffrin-Denys, qui pr\u00e9cise qu\u2019il est possible de b\u00e9n\u00e9ficier des aides avec un compl\u00e9ment d\u2019activit\u00e9.<\/p>\n\n\n\n<h3 class=\"wp-block-heading\">Enjeu national<\/h3>\n\n\n\n<p>Face \u00e0 ces enjeux d\u2019installation et de transmission, le minist\u00e8re de l\u2019Agriculture s\u2019est saisi de la question \u00e0 travers le pacte d\u2019orientation pour le renouvellement des g\u00e9n\u00e9rations en agriculture. Il se compose de quatre axes&nbsp;: r\u00e9concilier agriculture et soci\u00e9t\u00e9&nbsp;; faire \u00e9merger une nouvelle g\u00e9n\u00e9ration d\u2019agriculteurs et placer l\u2019agriculture \u00e0 l\u2019avant-garde de la transition alimentaire&nbsp;; reconcevoir les syst\u00e8mes de production \u00e0 l\u2019\u00e9chelle des exploitations pour pouvoir accompagner les transitions n\u00e9cessaires pour la transition alimentaire&nbsp;; reconcevoir nos syst\u00e8mes de production \u00e0 l\u2019\u00e9chelle des fili\u00e8res et des territoires pour pouvoir accompagner les transitions n\u00e9cessaires pour la souverainet\u00e9 alimentaire.<\/p>\n\n\n\n<p>Le minist\u00e8re souhaite mettre en place en 2025 les espaces France Service Agriculture. Sur le m\u00eame mod\u00e8le que les maisons France Service pour les d\u00e9marches administratives, ces structures seraient un guichet unique d\u2019accueil pour l\u2019installation et la transmission, mais aussi la formation et le salariat. L\u2019\u00c9tat souhaite \u00ab&nbsp;faire des nouvelles installations et des transmissions, des acc\u00e9l\u00e9rateurs de transitions en refondant leur accompagnement&nbsp;\u00bb, via des diagnostics ou des droits \u00e0 l\u2019essai, une r\u00e9forme juridique visant \u00e0 faciliter la transmission des exploitations. Deuxi\u00e8me levier du gouvernement&nbsp;: \u00ab&nbsp;am\u00e9liorer les conditions d\u2019exercice et d\u2019attractivit\u00e9 des m\u00e9tiers agricoles pour les actuels et futur actifs agricoles&nbsp;\u00bb, avec des r\u00e9formes qui concernent les services de remplacement, l\u2019affiliation \u00e0 la MSA ou encore le calcul des retraites. \u00ab&nbsp;Si on veut attirer de nouveaux agriculteurs il faut que l\u2019on montre que le m\u00e9tier est int\u00e9ressant et valorisant. Il y a toute la question du bien-\u00eatre des agriculteurs et la qualit\u00e9 de travail qui sont aussi en jeu&nbsp;\u00bb d\u00e9clare Marie Geoffrin-Denys. Enfin, le minist\u00e8re souhaite \u00ab&nbsp;garantir l\u2019acc\u00e8s au foncier et aux capitaux lors du projet d\u2019installation et favoriser les investissements&nbsp;\u00bb.<\/p>\n\n\n\n<h3 class=\"wp-block-heading\">Nouveau profil<\/h3>\n\n\n\n<p>Apr\u00e8s avoir d\u00e9taill\u00e9 les diff\u00e9rentes \u00e9tapes du parcours \u00e0 l\u2019installation, qui d\u00e9bute par le Point Accueil Installation (PAI), Marie Geoffrin-Denys a pr\u00e9sent\u00e9 le R\u00e9pertoire D\u00e9part Installation (RDI) qui met en relation les c\u00e9dants et les candidats \u00e0 l\u2019installation. Mais la conseill\u00e8re constate \u00ab&nbsp;un&nbsp;d\u00e9calage entre les profils des porteurs de projet, qui cherchent plut\u00f4t des fermes \u00e0 reprendre, et d\u2019un autre c\u00f4t\u00e9 des offres avec des gens qui cherchent surtout des associ\u00e9s&nbsp;\u00bb. 47&nbsp;% des gens rencontr\u00e9s au Point Info Transmission (PIT) ont au moins 63 ans, ce qui est beaucoup trop tard pour pr\u00e9parer sa transmission.<\/p>\n\n\n\n<p>Marie Geoffrin-Denys a termin\u00e9 sa pr\u00e9sentation par quelques chiffres sur l\u2019installations aid\u00e9e (39 l\u2019ann\u00e9e derni\u00e8re en Haute-Marne). Un quart des porteurs de projet sont des femmes pour un \u00e2ge moyen de 29 ans. \u00ab&nbsp;Au vu des enjeux aujourd\u2019hui au niveau environnemental, juridique et \u00e9conomique, qui demandent beaucoup de comp\u00e9tences, il est indispensable d\u2019\u00eatre bien form\u00e9, il faut encourager les jeunes \u00e0 faire des \u00e9tudes&nbsp;\u00bb. De plus en plus de porteurs de projets sont double actifs. 25&nbsp;% des projets sont en agriculture biologique et 15&nbsp;% des install\u00e9s sont hors cadre familial. \u00ab&nbsp;Aujourd\u2019hui l\u2019agriculture va devoir compter sur des gens hors cadre familial si elle veut renouveler ses g\u00e9n\u00e9rations. Mais avec des capitaux \u00e0 investir tr\u00e8s importants, ces jeunes-l\u00e0 n\u2019ont pas forc\u00e9ment les finances. D\u2019o\u00f9 l\u2019id\u00e9e d\u2019anticiper un maximum sa transmission pour essayer de pr\u00e9parer les choses&nbsp;\u00bb poursuit la conseill\u00e8re. D\u2019ailleurs ceux qui n\u2019ont pas les moyens de reprendre des fermes de polyculture \u00e9levage pr\u00e9f\u00e8rent cr\u00e9er une petite activit\u00e9, ce qui explique que la cr\u00e9ation d\u2019entreprise repr\u00e9sente un quart des install\u00e9s.<\/p>\n\n\n\n<p>Val\u00e9rie Lavey, directrice adjointe de la FDSEA, a ensuite pr\u00e9sent\u00e9 les diff\u00e9rents r\u00e9gimes matrimoniaux et la transmission de l\u2019exploitation, du patrimoine et du foncier. Apr\u00e8s un repas convivial, les agricultrices sont all\u00e9es visiter les Jardins de mon Moulin \u00e0 Thonnance les Joinville. Elles envisagent de se retrouver \u00e0 l\u2019automne pour une r\u00e9union de pr\u00e9sentation des diff\u00e9rentes commissions de la FDSEA et de la Chambre d\u2019agriculture.<\/p>\n","protected":false},"excerpt":{"rendered":"<p>La commission des agricultrices de la FDSEA s\u2019est r\u00e9unie le 14 mai pour une journ\u00e9e de convivialit\u00e9. La matin\u00e9e \u00e9tait consacr\u00e9e \u00e0 l\u2019installation, aux r\u00e9gimes [&#8230;]<\/p>\n","protected":false},"author":3,"featured_media":68,"comment_status":"closed","ping_status":"closed","sticky":false,"template":"","format":"standard","meta":{"_monsterinsights_skip_tracking":false,"_monsterinsights_sitenote_active":false,"_monsterinsights_sitenote_note":"","_monsterinsights_sitenote_category":0,"footnotes":"","jetpack_publicize_message":"","jetpack_publicize_feature_enabled":true,"jetpack_social_post_already_shared":true,"jetpack_social_options":{"image_generator_settings":{"template":"highway","default_image_id":0,"font":"","enabled":false},"version":2}},"categories":[3],"tags":[],"class_list":["post-67","post","type-post","status-publish","format-standard","has-post-thumbnail","hentry","category-vie-professionnelle"],"yoast_head":"<!-- This site is optimized with the Yoast SEO plugin v27.4 - https:\/\/yoast.com\/product\/yoast-seo-wordpress\/ -->\n<title>Une journ\u00e9e entre formation et convivialit\u00e9 - L&#039;Avenir Agricole et Rural de la Haute-Marne<\/title>\n<meta name=\"robots\" content=\"index, follow, max-snippet:-1, max-image-preview:large, max-video-preview:-1\" \/>\n<link rel=\"canonical\" href=\"https:\/\/avenir52.fr\/index.php\/2024\/05\/29\/une-journee-entre-formation-et-convivialite\/\" \/>\n<meta property=\"og:locale\" content=\"fr_FR\" \/>\n<meta property=\"og:type\" content=\"article\" \/>\n<meta property=\"og:title\" content=\"Une journ\u00e9e entre formation et convivialit\u00e9 - L&#039;Avenir Agricole et Rural de la Haute-Marne\" \/>\n<meta property=\"og:description\" content=\"La commission des agricultrices de la FDSEA s\u2019est r\u00e9unie le 14 mai pour une journ\u00e9e de convivialit\u00e9. La matin\u00e9e \u00e9tait consacr\u00e9e \u00e0 l\u2019installation, aux r\u00e9gimes [...]\" \/>\n<meta property=\"og:url\" content=\"https:\/\/avenir52.fr\/index.php\/2024\/05\/29\/une-journee-entre-formation-et-convivialite\/\" \/>\n<meta property=\"og:site_name\" content=\"L&#039;Avenir Agricole et Rural de la Haute-Marne\" \/>\n<meta property=\"article:publisher\" content=\"https:\/\/www.facebook.com\/AvenirAgricole52\/\" \/>\n<meta property=\"article:published_time\" content=\"2024-05-29T07:08:00+00:00\" \/>\n<meta property=\"article:modified_time\" content=\"2024-06-04T07:10:18+00:00\" \/>\n<meta property=\"og:image\" content=\"https:\/\/avenir52.fr\/wp-content\/uploads\/2024\/06\/salle_22.jpg\" \/>\n\t<meta property=\"og:image:width\" content=\"1170\" \/>\n\t<meta property=\"og:image:height\" content=\"500\" \/>\n\t<meta property=\"og:image:type\" content=\"image\/jpeg\" \/>\n<meta name=\"author\" content=\"Thibaut MORILLON\" \/>\n<meta name=\"twitter:card\" content=\"summary_large_image\" \/>\n<meta name=\"twitter:creator\" content=\"@aveniragri52\" \/>\n<meta name=\"twitter:site\" content=\"@aveniragri52\" \/>\n<meta name=\"twitter:label1\" content=\"\u00c9crit par\" \/>\n\t<meta name=\"twitter:data1\" content=\"Thibaut MORILLON\" \/>\n\t<meta name=\"twitter:label2\" content=\"Dur\u00e9e de lecture estim\u00e9e\" \/>\n\t<meta name=\"twitter:data2\" content=\"7 minutes\" \/>\n<script type=\"application\/ld+json\" class=\"yoast-schema-graph\">{\"@context\":\"https:\\\/\\\/schema.org\",\"@graph\":[{\"@type\":\"Article\",\"@id\":\"https:\\\/\\\/avenir52.fr\\\/index.php\\\/2024\\\/05\\\/29\\\/une-journee-entre-formation-et-convivialite\\\/#article\",\"isPartOf\":{\"@id\":\"https:\\\/\\\/avenir52.fr\\\/index.php\\\/2024\\\/05\\\/29\\\/une-journee-entre-formation-et-convivialite\\\/\"},\"author\":{\"name\":\"Thibaut MORILLON\",\"@id\":\"https:\\\/\\\/avenir52.fr\\\/#\\\/schema\\\/person\\\/be62b40759582f9de2b8c967e7857fe2\"},\"headline\":\"Une journ\u00e9e entre formation et convivialit\u00e9\",\"datePublished\":\"2024-05-29T07:08:00+00:00\",\"dateModified\":\"2024-06-04T07:10:18+00:00\",\"mainEntityOfPage\":{\"@id\":\"https:\\\/\\\/avenir52.fr\\\/index.php\\\/2024\\\/05\\\/29\\\/une-journee-entre-formation-et-convivialite\\\/\"},\"wordCount\":1304,\"publisher\":{\"@id\":\"https:\\\/\\\/avenir52.fr\\\/#organization\"},\"image\":{\"@id\":\"https:\\\/\\\/avenir52.fr\\\/index.php\\\/2024\\\/05\\\/29\\\/une-journee-entre-formation-et-convivialite\\\/#primaryimage\"},\"thumbnailUrl\":\"https:\\\/\\\/avenir52.fr\\\/wp-content\\\/uploads\\\/2024\\\/06\\\/salle_22.jpg\",\"articleSection\":[\"Vie professionnelle\"],\"inLanguage\":\"fr-FR\"},{\"@type\":\"WebPage\",\"@id\":\"https:\\\/\\\/avenir52.fr\\\/index.php\\\/2024\\\/05\\\/29\\\/une-journee-entre-formation-et-convivialite\\\/\",\"url\":\"https:\\\/\\\/avenir52.fr\\\/index.php\\\/2024\\\/05\\\/29\\\/une-journee-entre-formation-et-convivialite\\\/\",\"name\":\"Une journ\u00e9e entre formation et convivialit\u00e9 - L&#039;Avenir Agricole et Rural de la Haute-Marne\",\"isPartOf\":{\"@id\":\"https:\\\/\\\/avenir52.fr\\\/#website\"},\"primaryImageOfPage\":{\"@id\":\"https:\\\/\\\/avenir52.fr\\\/index.php\\\/2024\\\/05\\\/29\\\/une-journee-entre-formation-et-convivialite\\\/#primaryimage\"},\"image\":{\"@id\":\"https:\\\/\\\/avenir52.fr\\\/index.php\\\/2024\\\/05\\\/29\\\/une-journee-entre-formation-et-convivialite\\\/#primaryimage\"},\"thumbnailUrl\":\"https:\\\/\\\/avenir52.fr\\\/wp-content\\\/uploads\\\/2024\\\/06\\\/salle_22.jpg\",\"datePublished\":\"2024-05-29T07:08:00+00:00\",\"dateModified\":\"2024-06-04T07:10:18+00:00\",\"breadcrumb\":{\"@id\":\"https:\\\/\\\/avenir52.fr\\\/index.php\\\/2024\\\/05\\\/29\\\/une-journee-entre-formation-et-convivialite\\\/#breadcrumb\"},\"inLanguage\":\"fr-FR\",\"potentialAction\":[{\"@type\":\"ReadAction\",\"target\":[\"https:\\\/\\\/avenir52.fr\\\/index.php\\\/2024\\\/05\\\/29\\\/une-journee-entre-formation-et-convivialite\\\/\"]}]},{\"@type\":\"ImageObject\",\"inLanguage\":\"fr-FR\",\"@id\":\"https:\\\/\\\/avenir52.fr\\\/index.php\\\/2024\\\/05\\\/29\\\/une-journee-entre-formation-et-convivialite\\\/#primaryimage\",\"url\":\"https:\\\/\\\/avenir52.fr\\\/wp-content\\\/uploads\\\/2024\\\/06\\\/salle_22.jpg\",\"contentUrl\":\"https:\\\/\\\/avenir52.fr\\\/wp-content\\\/uploads\\\/2024\\\/06\\\/salle_22.jpg\",\"width\":1170,\"height\":500,\"caption\":\"Une journ\u00e9e enrichissante pour la Commission des Agricultrices.\"},{\"@type\":\"BreadcrumbList\",\"@id\":\"https:\\\/\\\/avenir52.fr\\\/index.php\\\/2024\\\/05\\\/29\\\/une-journee-entre-formation-et-convivialite\\\/#breadcrumb\",\"itemListElement\":[{\"@type\":\"ListItem\",\"position\":1,\"name\":\"Accueil\",\"item\":\"https:\\\/\\\/avenir52.fr\\\/\"},{\"@type\":\"ListItem\",\"position\":2,\"name\":\"Une journ\u00e9e entre formation et convivialit\u00e9\"}]},{\"@type\":\"WebSite\",\"@id\":\"https:\\\/\\\/avenir52.fr\\\/#website\",\"url\":\"https:\\\/\\\/avenir52.fr\\\/\",\"name\":\"L'Avenir Agricole et Rural de la Haute-Marne\",\"description\":\"L&#039;Avenir Agricole et Rural de la Haute-Marne\",\"publisher\":{\"@id\":\"https:\\\/\\\/avenir52.fr\\\/#organization\"},\"potentialAction\":[{\"@type\":\"SearchAction\",\"target\":{\"@type\":\"EntryPoint\",\"urlTemplate\":\"https:\\\/\\\/avenir52.fr\\\/?s={search_term_string}\"},\"query-input\":{\"@type\":\"PropertyValueSpecification\",\"valueRequired\":true,\"valueName\":\"search_term_string\"}}],\"inLanguage\":\"fr-FR\"},{\"@type\":\"Organization\",\"@id\":\"https:\\\/\\\/avenir52.fr\\\/#organization\",\"name\":\"L'Avenir Agricole et Rural de la Haute-Marne\",\"url\":\"https:\\\/\\\/avenir52.fr\\\/\",\"logo\":{\"@type\":\"ImageObject\",\"inLanguage\":\"fr-FR\",\"@id\":\"https:\\\/\\\/avenir52.fr\\\/#\\\/schema\\\/logo\\\/image\\\/\",\"url\":\"https:\\\/\\\/avenir52.fr\\\/wp-content\\\/uploads\\\/2024\\\/05\\\/cropped-Aveniragricoleetrural-logo.jpg\",\"contentUrl\":\"https:\\\/\\\/avenir52.fr\\\/wp-content\\\/uploads\\\/2024\\\/05\\\/cropped-Aveniragricoleetrural-logo.jpg\",\"width\":360,\"height\":123,\"caption\":\"L'Avenir Agricole et Rural de la Haute-Marne\"},\"image\":{\"@id\":\"https:\\\/\\\/avenir52.fr\\\/#\\\/schema\\\/logo\\\/image\\\/\"},\"sameAs\":[\"https:\\\/\\\/www.facebook.com\\\/AvenirAgricole52\\\/\",\"https:\\\/\\\/x.com\\\/aveniragri52\",\"https:\\\/\\\/www.linkedin.com\\\/company\\\/90947425\\\/\"]},{\"@type\":\"Person\",\"@id\":\"https:\\\/\\\/avenir52.fr\\\/#\\\/schema\\\/person\\\/be62b40759582f9de2b8c967e7857fe2\",\"name\":\"Thibaut MORILLON\",\"image\":{\"@type\":\"ImageObject\",\"inLanguage\":\"fr-FR\",\"@id\":\"https:\\\/\\\/secure.gravatar.com\\\/avatar\\\/b0c6acd24c9ce743bdca1cb33acf27fe8668825af01d4e1af0bc757af5602fa4?s=96&d=mm&r=g\",\"url\":\"https:\\\/\\\/secure.gravatar.com\\\/avatar\\\/b0c6acd24c9ce743bdca1cb33acf27fe8668825af01d4e1af0bc757af5602fa4?s=96&d=mm&r=g\",\"contentUrl\":\"https:\\\/\\\/secure.gravatar.com\\\/avatar\\\/b0c6acd24c9ce743bdca1cb33acf27fe8668825af01d4e1af0bc757af5602fa4?s=96&d=mm&r=g\",\"caption\":\"Thibaut MORILLON\"},\"url\":\"https:\\\/\\\/avenir52.fr\\\/index.php\\\/author\\\/tmorillon\\\/\"}]}<\/script>\n<!-- \/ Yoast SEO plugin. -->","yoast_head_json":{"title":"Une journ\u00e9e entre formation et convivialit\u00e9 - L&#039;Avenir Agricole et Rural de la Haute-Marne","robots":{"index":"index","follow":"follow","max-snippet":"max-snippet:-1","max-image-preview":"max-image-preview:large","max-video-preview":"max-video-preview:-1"},"canonical":"https:\/\/avenir52.fr\/index.php\/2024\/05\/29\/une-journee-entre-formation-et-convivialite\/","og_locale":"fr_FR","og_type":"article","og_title":"Une journ\u00e9e entre formation et convivialit\u00e9 - L&#039;Avenir Agricole et Rural de la Haute-Marne","og_description":"La commission des agricultrices de la FDSEA s\u2019est r\u00e9unie le 14 mai pour une journ\u00e9e de convivialit\u00e9. La matin\u00e9e \u00e9tait consacr\u00e9e \u00e0 l\u2019installation, aux r\u00e9gimes [...]","og_url":"https:\/\/avenir52.fr\/index.php\/2024\/05\/29\/une-journee-entre-formation-et-convivialite\/","og_site_name":"L&#039;Avenir Agricole et Rural de la Haute-Marne","article_publisher":"https:\/\/www.facebook.com\/AvenirAgricole52\/","article_published_time":"2024-05-29T07:08:00+00:00","article_modified_time":"2024-06-04T07:10:18+00:00","og_image":[{"width":1170,"height":500,"url":"https:\/\/avenir52.fr\/wp-content\/uploads\/2024\/06\/salle_22.jpg","type":"image\/jpeg"}],"author":"Thibaut MORILLON","twitter_card":"summary_large_image","twitter_creator":"@aveniragri52","twitter_site":"@aveniragri52","twitter_misc":{"\u00c9crit par":"Thibaut MORILLON","Dur\u00e9e de lecture estim\u00e9e":"7 minutes"},"schema":{"@context":"https:\/\/schema.org","@graph":[{"@type":"Article","@id":"https:\/\/avenir52.fr\/index.php\/2024\/05\/29\/une-journee-entre-formation-et-convivialite\/#article","isPartOf":{"@id":"https:\/\/avenir52.fr\/index.php\/2024\/05\/29\/une-journee-entre-formation-et-convivialite\/"},"author":{"name":"Thibaut MORILLON","@id":"https:\/\/avenir52.fr\/#\/schema\/person\/be62b40759582f9de2b8c967e7857fe2"},"headline":"Une journ\u00e9e entre formation et convivialit\u00e9","datePublished":"2024-05-29T07:08:00+00:00","dateModified":"2024-06-04T07:10:18+00:00","mainEntityOfPage":{"@id":"https:\/\/avenir52.fr\/index.php\/2024\/05\/29\/une-journee-entre-formation-et-convivialite\/"},"wordCount":1304,"publisher":{"@id":"https:\/\/avenir52.fr\/#organization"},"image":{"@id":"https:\/\/avenir52.fr\/index.php\/2024\/05\/29\/une-journee-entre-formation-et-convivialite\/#primaryimage"},"thumbnailUrl":"https:\/\/avenir52.fr\/wp-content\/uploads\/2024\/06\/salle_22.jpg","articleSection":["Vie professionnelle"],"inLanguage":"fr-FR"},{"@type":"WebPage","@id":"https:\/\/avenir52.fr\/index.php\/2024\/05\/29\/une-journee-entre-formation-et-convivialite\/","url":"https:\/\/avenir52.fr\/index.php\/2024\/05\/29\/une-journee-entre-formation-et-convivialite\/","name":"Une journ\u00e9e entre formation et convivialit\u00e9 - L&#039;Avenir Agricole et Rural de la Haute-Marne","isPartOf":{"@id":"https:\/\/avenir52.fr\/#website"},"primaryImageOfPage":{"@id":"https:\/\/avenir52.fr\/index.php\/2024\/05\/29\/une-journee-entre-formation-et-convivialite\/#primaryimage"},"image":{"@id":"https:\/\/avenir52.fr\/index.php\/2024\/05\/29\/une-journee-entre-formation-et-convivialite\/#primaryimage"},"thumbnailUrl":"https:\/\/avenir52.fr\/wp-content\/uploads\/2024\/06\/salle_22.jpg","datePublished":"2024-05-29T07:08:00+00:00","dateModified":"2024-06-04T07:10:18+00:00","breadcrumb":{"@id":"https:\/\/avenir52.fr\/index.php\/2024\/05\/29\/une-journee-entre-formation-et-convivialite\/#breadcrumb"},"inLanguage":"fr-FR","potentialAction":[{"@type":"ReadAction","target":["https:\/\/avenir52.fr\/index.php\/2024\/05\/29\/une-journee-entre-formation-et-convivialite\/"]}]},{"@type":"ImageObject","inLanguage":"fr-FR","@id":"https:\/\/avenir52.fr\/index.php\/2024\/05\/29\/une-journee-entre-formation-et-convivialite\/#primaryimage","url":"https:\/\/avenir52.fr\/wp-content\/uploads\/2024\/06\/salle_22.jpg","contentUrl":"https:\/\/avenir52.fr\/wp-content\/uploads\/2024\/06\/salle_22.jpg","width":1170,"height":500,"caption":"Une journ\u00e9e enrichissante pour la Commission des Agricultrices."},{"@type":"BreadcrumbList","@id":"https:\/\/avenir52.fr\/index.php\/2024\/05\/29\/une-journee-entre-formation-et-convivialite\/#breadcrumb","itemListElement":[{"@type":"ListItem","position":1,"name":"Accueil","item":"https:\/\/avenir52.fr\/"},{"@type":"ListItem","position":2,"name":"Une journ\u00e9e entre formation et convivialit\u00e9"}]},{"@type":"WebSite","@id":"https:\/\/avenir52.fr\/#website","url":"https:\/\/avenir52.fr\/","name":"L'Avenir Agricole et Rural de la Haute-Marne","description":"L&#039;Avenir Agricole et Rural de la Haute-Marne","publisher":{"@id":"https:\/\/avenir52.fr\/#organization"},"potentialAction":[{"@type":"SearchAction","target":{"@type":"EntryPoint","urlTemplate":"https:\/\/avenir52.fr\/?s={search_term_string}"},"query-input":{"@type":"PropertyValueSpecification","valueRequired":true,"valueName":"search_term_string"}}],"inLanguage":"fr-FR"},{"@type":"Organization","@id":"https:\/\/avenir52.fr\/#organization","name":"L'Avenir Agricole et Rural de la Haute-Marne","url":"https:\/\/avenir52.fr\/","logo":{"@type":"ImageObject","inLanguage":"fr-FR","@id":"https:\/\/avenir52.fr\/#\/schema\/logo\/image\/","url":"https:\/\/avenir52.fr\/wp-content\/uploads\/2024\/05\/cropped-Aveniragricoleetrural-logo.jpg","contentUrl":"https:\/\/avenir52.fr\/wp-content\/uploads\/2024\/05\/cropped-Aveniragricoleetrural-logo.jpg","width":360,"height":123,"caption":"L'Avenir Agricole et Rural de la Haute-Marne"},"image":{"@id":"https:\/\/avenir52.fr\/#\/schema\/logo\/image\/"},"sameAs":["https:\/\/www.facebook.com\/AvenirAgricole52\/","https:\/\/x.com\/aveniragri52","https:\/\/www.linkedin.com\/company\/90947425\/"]},{"@type":"Person","@id":"https:\/\/avenir52.fr\/#\/schema\/person\/be62b40759582f9de2b8c967e7857fe2","name":"Thibaut MORILLON","image":{"@type":"ImageObject","inLanguage":"fr-FR","@id":"https:\/\/secure.gravatar.com\/avatar\/b0c6acd24c9ce743bdca1cb33acf27fe8668825af01d4e1af0bc757af5602fa4?s=96&d=mm&r=g","url":"https:\/\/secure.gravatar.com\/avatar\/b0c6acd24c9ce743bdca1cb33acf27fe8668825af01d4e1af0bc757af5602fa4?s=96&d=mm&r=g","contentUrl":"https:\/\/secure.gravatar.com\/avatar\/b0c6acd24c9ce743bdca1cb33acf27fe8668825af01d4e1af0bc757af5602fa4?s=96&d=mm&r=g","caption":"Thibaut MORILLON"},"url":"https:\/\/avenir52.fr\/index.php\/author\/tmorillon\/"}]}},"jetpack_publicize_connections":[],"_links":{"self":[{"href":"https:\/\/avenir52.fr\/index.php\/wp-json\/wp\/v2\/posts\/67","targetHints":{"allow":["GET"]}}],"collection":[{"href":"https:\/\/avenir52.fr\/index.php\/wp-json\/wp\/v2\/posts"}],"about":[{"href":"https:\/\/avenir52.fr\/index.php\/wp-json\/wp\/v2\/types\/post"}],"author":[{"embeddable":true,"href":"https:\/\/avenir52.fr\/index.php\/wp-json\/wp\/v2\/users\/3"}],"replies":[{"embeddable":true,"href":"https:\/\/avenir52.fr\/index.php\/wp-json\/wp\/v2\/comments?post=67"}],"version-history":[{"count":1,"href":"https:\/\/avenir52.fr\/index.php\/wp-json\/wp\/v2\/posts\/67\/revisions"}],"predecessor-version":[{"id":69,"href":"https:\/\/avenir52.fr\/index.php\/wp-json\/wp\/v2\/posts\/67\/revisions\/69"}],"wp:featuredmedia":[{"embeddable":true,"href":"https:\/\/avenir52.fr\/index.php\/wp-json\/wp\/v2\/media\/68"}],"wp:attachment":[{"href":"https:\/\/avenir52.fr\/index.php\/wp-json\/wp\/v2\/media?parent=67"}],"wp:term":[{"taxonomy":"category","embeddable":true,"href":"https:\/\/avenir52.fr\/index.php\/wp-json\/wp\/v2\/categories?post=67"},{"taxonomy":"post_tag","embeddable":true,"href":"https:\/\/avenir52.fr\/index.php\/wp-json\/wp\/v2\/tags?post=67"}],"curies":[{"name":"wp","href":"https:\/\/api.w.org\/{rel}","templated":true}]}}