{"id":837,"date":"2025-06-28T07:30:00","date_gmt":"2025-06-28T05:30:00","guid":{"rendered":"https:\/\/avenir52.fr\/?p=837"},"modified":"2025-06-25T14:57:31","modified_gmt":"2025-06-25T12:57:31","slug":"loups-et-fco-la-fdsea-les-ja-et-la-fdpl-recus-a-la-prefecture","status":"publish","type":"post","link":"https:\/\/avenir52.fr\/index.php\/2025\/06\/28\/loups-et-fco-la-fdsea-les-ja-et-la-fdpl-recus-a-la-prefecture\/","title":{"rendered":"Loups et FCO : la FDSEA, les JA et la FDPL rec\u0327us a\u0300 la Pre\u0301fecture"},"content":{"rendered":"\n<p>A\u0300 la demande conjointe de la FDSEA, des JA et de la FDPL, une re\u0301union s\u2019est tenue le lundi 16 juin en Pre\u0301fecture, en pre\u0301sence du Secre\u0301taire Ge\u0301ne\u0301ral, de la DDT et la DDETSPP. L\u2019objectif e\u0301tait de faire le point sur deux dossiers prioritaires pour l\u2019e\u0301levage : la FCO et la pre\u0301dation par le loup.<\/p>\n\n\n\n<p>FCO : les paiements avancent lentement<\/p>\n\n\n\n<p>Pour l\u2019aide de la Re\u0301gion Grand Est, 282 dossiers ont e\u0301te\u0301 de\u0301pose\u0301s en Haute-Marne. A\u0300 ce jour, 242 ont e\u0301te\u0301 reconnus e\u0301ligibles, et 179 ont de\u0301ja\u0300 e\u0301te\u0301 paye\u0301s. Les dossiers restants sont en cours d&rsquo;instruction, sans date de paiement annonce\u0301e pour l\u2019instant. Nous avons aussi alerte\u0301 sur un point important pour les e\u0301leveurs ovins : les dates de re\u0301fe\u0301rence ne tiennent pas compte des pe\u0301riodes d\u2019agnelage, ce qui risque de fausser certaines situations. Le message a e\u0301te\u0301 clairement porte\u0301.<br>Pour l\u2019aide France FranceAgriMer de 75M\u20ac (pour rappel de\u0301po\u0302t du 30\/01 au 14\/02 pour les pertes entre le 5 aou\u0302t et le 31 de\u0301cembre), une enveloppe sera mobilise\u0301e pour prendre en compte les veaux mort-ne\u0301s. L\u2019attribution sera automatique, vous n\u2019aurez donc pas de 2e\u0300me de\u0301claration a\u0300 faire.<\/p>\n\n\n\n<p>Loups : un sujet de plus en plus pre\u0301occupant<\/p>\n\n\n\n<p>La pre\u0301dation continue de progresser, notamment dans le secteur du Bassigny. Me\u0302me si des autorisations de tir sont accorde\u0301es, les re\u0300gles de se\u0301curite\u0301 rendent leur mise en \u0153uvre tre\u0300s complique\u0301e : sur cinq parcelles concerne\u0301es, seules deux sont re\u0301ellement utilisables. De plus en plus d\u2019e\u0301leveurs se retrouvent seuls face a\u0300 la pre\u0301dation, certains envisagent me\u0302me de cesser leur activite\u0301. Nous travaillons avec les services de l\u2019E\u0301tat pour faire avancer ce dossier. Un courrier commun va e\u0302tre adresse\u0301 pour demander une rencontre spe\u0301cifique avec le pre\u0301fet \u00ab\u00a0loup\u00a0\u00bb, afin d\u2019obtenir des re\u0301ponses concre\u0300tes et des engagements clairs.<\/p>\n\n\n\n<p>FDSEA 52<\/p>\n","protected":false},"excerpt":{"rendered":"<p>A\u0300 la demande conjointe de la FDSEA, des JA et de la FDPL, une re\u0301union s\u2019est tenue le lundi 16 juin en Pre\u0301fecture, en pre\u0301sence [&#8230;]<\/p>\n","protected":false},"author":1,"featured_media":838,"comment_status":"closed","ping_status":"closed","sticky":false,"template":"","format":"standard","meta":{"_monsterinsights_skip_tracking":false,"_monsterinsights_sitenote_active":false,"_monsterinsights_sitenote_note":"","_monsterinsights_sitenote_category":0,"footnotes":"","jetpack_publicize_message":"","jetpack_publicize_feature_enabled":true,"jetpack_social_post_already_shared":true,"jetpack_social_options":{"image_generator_settings":{"template":"highway","default_image_id":0,"font":"","enabled":false},"version":2}},"categories":[6],"tags":[],"class_list":["post-837","post","type-post","status-publish","format-standard","has-post-thumbnail","hentry","category-initiatives"],"yoast_head":"<!-- This site is optimized with the Yoast SEO plugin v27.5 - https:\/\/yoast.com\/product\/yoast-seo-wordpress\/ -->\n<title>Loups et FCO : la FDSEA, les JA et la FDPL rec\u0327us a\u0300 la Pre\u0301fecture - L&#039;Avenir Agricole et Rural de la Haute-Marne<\/title>\n<meta name=\"robots\" content=\"index, follow, max-snippet:-1, max-image-preview:large, max-video-preview:-1\" \/>\n<link rel=\"canonical\" href=\"https:\/\/avenir52.fr\/index.php\/2025\/06\/28\/loups-et-fco-la-fdsea-les-ja-et-la-fdpl-recus-a-la-prefecture\/\" \/>\n<meta property=\"og:locale\" content=\"fr_FR\" \/>\n<meta property=\"og:type\" content=\"article\" \/>\n<meta property=\"og:title\" content=\"Loups et FCO : la FDSEA, les JA et la FDPL rec\u0327us a\u0300 la Pre\u0301fecture - L&#039;Avenir Agricole et Rural de la Haute-Marne\" \/>\n<meta property=\"og:description\" content=\"A\u0300 la demande conjointe de la FDSEA, des JA et de la FDPL, une re\u0301union s\u2019est tenue le lundi 16 juin en Pre\u0301fecture, en pre\u0301sence [...]\" \/>\n<meta property=\"og:url\" content=\"https:\/\/avenir52.fr\/index.php\/2025\/06\/28\/loups-et-fco-la-fdsea-les-ja-et-la-fdpl-recus-a-la-prefecture\/\" \/>\n<meta property=\"og:site_name\" content=\"L&#039;Avenir Agricole et Rural de la Haute-Marne\" \/>\n<meta property=\"article:publisher\" content=\"https:\/\/www.facebook.com\/AvenirAgricole52\/\" \/>\n<meta property=\"article:author\" content=\"https:\/\/www.facebook.com\/AvenirAgricole52\/\" \/>\n<meta property=\"article:published_time\" content=\"2025-06-28T05:30:00+00:00\" \/>\n<meta property=\"og:image\" content=\"https:\/\/avenir52.fr\/wp-content\/uploads\/2025\/06\/Prefecture-scaled.jpg\" \/>\n\t<meta property=\"og:image:width\" content=\"2560\" \/>\n\t<meta property=\"og:image:height\" content=\"1920\" \/>\n\t<meta property=\"og:image:type\" content=\"image\/jpeg\" \/>\n<meta name=\"author\" content=\"L&#039;Avenir Agricole et Rural\" \/>\n<meta name=\"twitter:card\" content=\"summary_large_image\" \/>\n<meta name=\"twitter:creator\" content=\"@aveniragri52\" \/>\n<meta name=\"twitter:site\" content=\"@aveniragri52\" \/>\n<meta name=\"twitter:label1\" content=\"\u00c9crit par\" \/>\n\t<meta name=\"twitter:data1\" content=\"L&#039;Avenir Agricole et Rural\" \/>\n\t<meta name=\"twitter:label2\" content=\"Dur\u00e9e de lecture estim\u00e9e\" \/>\n\t<meta name=\"twitter:data2\" content=\"2 minutes\" \/>\n<script type=\"application\/ld+json\" class=\"yoast-schema-graph\">{\"@context\":\"https:\\\/\\\/schema.org\",\"@graph\":[{\"@type\":\"Article\",\"@id\":\"https:\\\/\\\/avenir52.fr\\\/index.php\\\/2025\\\/06\\\/28\\\/loups-et-fco-la-fdsea-les-ja-et-la-fdpl-recus-a-la-prefecture\\\/#article\",\"isPartOf\":{\"@id\":\"https:\\\/\\\/avenir52.fr\\\/index.php\\\/2025\\\/06\\\/28\\\/loups-et-fco-la-fdsea-les-ja-et-la-fdpl-recus-a-la-prefecture\\\/\"},\"author\":{\"name\":\"L'Avenir Agricole et Rural\",\"@id\":\"https:\\\/\\\/avenir52.fr\\\/#\\\/schema\\\/person\\\/d5883bd6e25457d1dcb94d95d918b60e\"},\"headline\":\"Loups et FCO : la FDSEA, les JA et la FDPL rec\u0327us a\u0300 la Pre\u0301fecture\",\"datePublished\":\"2025-06-28T05:30:00+00:00\",\"mainEntityOfPage\":{\"@id\":\"https:\\\/\\\/avenir52.fr\\\/index.php\\\/2025\\\/06\\\/28\\\/loups-et-fco-la-fdsea-les-ja-et-la-fdpl-recus-a-la-prefecture\\\/\"},\"wordCount\":358,\"publisher\":{\"@id\":\"https:\\\/\\\/avenir52.fr\\\/#organization\"},\"image\":{\"@id\":\"https:\\\/\\\/avenir52.fr\\\/index.php\\\/2025\\\/06\\\/28\\\/loups-et-fco-la-fdsea-les-ja-et-la-fdpl-recus-a-la-prefecture\\\/#primaryimage\"},\"thumbnailUrl\":\"https:\\\/\\\/avenir52.fr\\\/wp-content\\\/uploads\\\/2025\\\/06\\\/Prefecture-scaled.jpg\",\"articleSection\":[\"Initiatives\"],\"inLanguage\":\"fr-FR\"},{\"@type\":\"WebPage\",\"@id\":\"https:\\\/\\\/avenir52.fr\\\/index.php\\\/2025\\\/06\\\/28\\\/loups-et-fco-la-fdsea-les-ja-et-la-fdpl-recus-a-la-prefecture\\\/\",\"url\":\"https:\\\/\\\/avenir52.fr\\\/index.php\\\/2025\\\/06\\\/28\\\/loups-et-fco-la-fdsea-les-ja-et-la-fdpl-recus-a-la-prefecture\\\/\",\"name\":\"Loups et FCO : la FDSEA, les JA et la FDPL rec\u0327us a\u0300 la Pre\u0301fecture - L&#039;Avenir Agricole et Rural de la Haute-Marne\",\"isPartOf\":{\"@id\":\"https:\\\/\\\/avenir52.fr\\\/#website\"},\"primaryImageOfPage\":{\"@id\":\"https:\\\/\\\/avenir52.fr\\\/index.php\\\/2025\\\/06\\\/28\\\/loups-et-fco-la-fdsea-les-ja-et-la-fdpl-recus-a-la-prefecture\\\/#primaryimage\"},\"image\":{\"@id\":\"https:\\\/\\\/avenir52.fr\\\/index.php\\\/2025\\\/06\\\/28\\\/loups-et-fco-la-fdsea-les-ja-et-la-fdpl-recus-a-la-prefecture\\\/#primaryimage\"},\"thumbnailUrl\":\"https:\\\/\\\/avenir52.fr\\\/wp-content\\\/uploads\\\/2025\\\/06\\\/Prefecture-scaled.jpg\",\"datePublished\":\"2025-06-28T05:30:00+00:00\",\"breadcrumb\":{\"@id\":\"https:\\\/\\\/avenir52.fr\\\/index.php\\\/2025\\\/06\\\/28\\\/loups-et-fco-la-fdsea-les-ja-et-la-fdpl-recus-a-la-prefecture\\\/#breadcrumb\"},\"inLanguage\":\"fr-FR\",\"potentialAction\":[{\"@type\":\"ReadAction\",\"target\":[\"https:\\\/\\\/avenir52.fr\\\/index.php\\\/2025\\\/06\\\/28\\\/loups-et-fco-la-fdsea-les-ja-et-la-fdpl-recus-a-la-prefecture\\\/\"]}]},{\"@type\":\"ImageObject\",\"inLanguage\":\"fr-FR\",\"@id\":\"https:\\\/\\\/avenir52.fr\\\/index.php\\\/2025\\\/06\\\/28\\\/loups-et-fco-la-fdsea-les-ja-et-la-fdpl-recus-a-la-prefecture\\\/#primaryimage\",\"url\":\"https:\\\/\\\/avenir52.fr\\\/wp-content\\\/uploads\\\/2025\\\/06\\\/Prefecture-scaled.jpg\",\"contentUrl\":\"https:\\\/\\\/avenir52.fr\\\/wp-content\\\/uploads\\\/2025\\\/06\\\/Prefecture-scaled.jpg\",\"width\":2560,\"height\":1920,\"caption\":\"FDSEA, JA et FDPL ont eu un rendez-vous \u00e0 la Pr\u00e9fecture le 16 juin.\"},{\"@type\":\"BreadcrumbList\",\"@id\":\"https:\\\/\\\/avenir52.fr\\\/index.php\\\/2025\\\/06\\\/28\\\/loups-et-fco-la-fdsea-les-ja-et-la-fdpl-recus-a-la-prefecture\\\/#breadcrumb\",\"itemListElement\":[{\"@type\":\"ListItem\",\"position\":1,\"name\":\"Accueil\",\"item\":\"https:\\\/\\\/avenir52.fr\\\/\"},{\"@type\":\"ListItem\",\"position\":2,\"name\":\"Loups et FCO : la FDSEA, les JA et la FDPL rec\u0327us a\u0300 la Pre\u0301fecture\"}]},{\"@type\":\"WebSite\",\"@id\":\"https:\\\/\\\/avenir52.fr\\\/#website\",\"url\":\"https:\\\/\\\/avenir52.fr\\\/\",\"name\":\"L'Avenir Agricole et Rural de la Haute-Marne\",\"description\":\"L&#039;Avenir Agricole et Rural de la Haute-Marne\",\"publisher\":{\"@id\":\"https:\\\/\\\/avenir52.fr\\\/#organization\"},\"potentialAction\":[{\"@type\":\"SearchAction\",\"target\":{\"@type\":\"EntryPoint\",\"urlTemplate\":\"https:\\\/\\\/avenir52.fr\\\/?s={search_term_string}\"},\"query-input\":{\"@type\":\"PropertyValueSpecification\",\"valueRequired\":true,\"valueName\":\"search_term_string\"}}],\"inLanguage\":\"fr-FR\"},{\"@type\":\"Organization\",\"@id\":\"https:\\\/\\\/avenir52.fr\\\/#organization\",\"name\":\"L'Avenir Agricole et Rural de la Haute-Marne\",\"url\":\"https:\\\/\\\/avenir52.fr\\\/\",\"logo\":{\"@type\":\"ImageObject\",\"inLanguage\":\"fr-FR\",\"@id\":\"https:\\\/\\\/avenir52.fr\\\/#\\\/schema\\\/logo\\\/image\\\/\",\"url\":\"https:\\\/\\\/avenir52.fr\\\/wp-content\\\/uploads\\\/2024\\\/05\\\/cropped-Aveniragricoleetrural-logo.jpg\",\"contentUrl\":\"https:\\\/\\\/avenir52.fr\\\/wp-content\\\/uploads\\\/2024\\\/05\\\/cropped-Aveniragricoleetrural-logo.jpg\",\"width\":360,\"height\":123,\"caption\":\"L'Avenir Agricole et Rural de la Haute-Marne\"},\"image\":{\"@id\":\"https:\\\/\\\/avenir52.fr\\\/#\\\/schema\\\/logo\\\/image\\\/\"},\"sameAs\":[\"https:\\\/\\\/www.facebook.com\\\/AvenirAgricole52\\\/\",\"https:\\\/\\\/x.com\\\/aveniragri52\",\"https:\\\/\\\/www.linkedin.com\\\/company\\\/90947425\\\/\"]},{\"@type\":\"Person\",\"@id\":\"https:\\\/\\\/avenir52.fr\\\/#\\\/schema\\\/person\\\/d5883bd6e25457d1dcb94d95d918b60e\",\"name\":\"L'Avenir Agricole et Rural\",\"image\":{\"@type\":\"ImageObject\",\"inLanguage\":\"fr-FR\",\"@id\":\"https:\\\/\\\/secure.gravatar.com\\\/avatar\\\/155fb14f309a64820cca5e7f71daf9646493a08d615f0fd4e3cd1ebf9a58d527?s=96&d=mm&r=g\",\"url\":\"https:\\\/\\\/secure.gravatar.com\\\/avatar\\\/155fb14f309a64820cca5e7f71daf9646493a08d615f0fd4e3cd1ebf9a58d527?s=96&d=mm&r=g\",\"contentUrl\":\"https:\\\/\\\/secure.gravatar.com\\\/avatar\\\/155fb14f309a64820cca5e7f71daf9646493a08d615f0fd4e3cd1ebf9a58d527?s=96&d=mm&r=g\",\"caption\":\"L'Avenir Agricole et Rural\"},\"sameAs\":[\"http:\\\/\\\/avenir52.fr\",\"https:\\\/\\\/www.facebook.com\\\/AvenirAgricole52\\\/\",\"https:\\\/\\\/www.linkedin.com\\\/company\\\/90947425\\\/\"],\"url\":\"https:\\\/\\\/avenir52.fr\\\/index.php\\\/author\\\/admin7544\\\/\"}]}<\/script>\n<!-- \/ Yoast SEO plugin. -->","yoast_head_json":{"title":"Loups et FCO : la FDSEA, les JA et la FDPL rec\u0327us a\u0300 la Pre\u0301fecture - L&#039;Avenir Agricole et Rural de la Haute-Marne","robots":{"index":"index","follow":"follow","max-snippet":"max-snippet:-1","max-image-preview":"max-image-preview:large","max-video-preview":"max-video-preview:-1"},"canonical":"https:\/\/avenir52.fr\/index.php\/2025\/06\/28\/loups-et-fco-la-fdsea-les-ja-et-la-fdpl-recus-a-la-prefecture\/","og_locale":"fr_FR","og_type":"article","og_title":"Loups et FCO : la FDSEA, les JA et la FDPL rec\u0327us a\u0300 la Pre\u0301fecture - L&#039;Avenir Agricole et Rural de la Haute-Marne","og_description":"A\u0300 la demande conjointe de la FDSEA, des JA et de la FDPL, une re\u0301union s\u2019est tenue le lundi 16 juin en Pre\u0301fecture, en pre\u0301sence [...]","og_url":"https:\/\/avenir52.fr\/index.php\/2025\/06\/28\/loups-et-fco-la-fdsea-les-ja-et-la-fdpl-recus-a-la-prefecture\/","og_site_name":"L&#039;Avenir Agricole et Rural de la Haute-Marne","article_publisher":"https:\/\/www.facebook.com\/AvenirAgricole52\/","article_author":"https:\/\/www.facebook.com\/AvenirAgricole52\/","article_published_time":"2025-06-28T05:30:00+00:00","og_image":[{"width":2560,"height":1920,"url":"https:\/\/avenir52.fr\/wp-content\/uploads\/2025\/06\/Prefecture-scaled.jpg","type":"image\/jpeg"}],"author":"L'Avenir Agricole et Rural","twitter_card":"summary_large_image","twitter_creator":"@aveniragri52","twitter_site":"@aveniragri52","twitter_misc":{"\u00c9crit par":"L'Avenir Agricole et Rural","Dur\u00e9e de lecture estim\u00e9e":"2 minutes"},"schema":{"@context":"https:\/\/schema.org","@graph":[{"@type":"Article","@id":"https:\/\/avenir52.fr\/index.php\/2025\/06\/28\/loups-et-fco-la-fdsea-les-ja-et-la-fdpl-recus-a-la-prefecture\/#article","isPartOf":{"@id":"https:\/\/avenir52.fr\/index.php\/2025\/06\/28\/loups-et-fco-la-fdsea-les-ja-et-la-fdpl-recus-a-la-prefecture\/"},"author":{"name":"L'Avenir Agricole et Rural","@id":"https:\/\/avenir52.fr\/#\/schema\/person\/d5883bd6e25457d1dcb94d95d918b60e"},"headline":"Loups et FCO : la FDSEA, les JA et la FDPL rec\u0327us a\u0300 la Pre\u0301fecture","datePublished":"2025-06-28T05:30:00+00:00","mainEntityOfPage":{"@id":"https:\/\/avenir52.fr\/index.php\/2025\/06\/28\/loups-et-fco-la-fdsea-les-ja-et-la-fdpl-recus-a-la-prefecture\/"},"wordCount":358,"publisher":{"@id":"https:\/\/avenir52.fr\/#organization"},"image":{"@id":"https:\/\/avenir52.fr\/index.php\/2025\/06\/28\/loups-et-fco-la-fdsea-les-ja-et-la-fdpl-recus-a-la-prefecture\/#primaryimage"},"thumbnailUrl":"https:\/\/avenir52.fr\/wp-content\/uploads\/2025\/06\/Prefecture-scaled.jpg","articleSection":["Initiatives"],"inLanguage":"fr-FR"},{"@type":"WebPage","@id":"https:\/\/avenir52.fr\/index.php\/2025\/06\/28\/loups-et-fco-la-fdsea-les-ja-et-la-fdpl-recus-a-la-prefecture\/","url":"https:\/\/avenir52.fr\/index.php\/2025\/06\/28\/loups-et-fco-la-fdsea-les-ja-et-la-fdpl-recus-a-la-prefecture\/","name":"Loups et FCO : la FDSEA, les JA et la FDPL rec\u0327us a\u0300 la Pre\u0301fecture - L&#039;Avenir Agricole et Rural de la Haute-Marne","isPartOf":{"@id":"https:\/\/avenir52.fr\/#website"},"primaryImageOfPage":{"@id":"https:\/\/avenir52.fr\/index.php\/2025\/06\/28\/loups-et-fco-la-fdsea-les-ja-et-la-fdpl-recus-a-la-prefecture\/#primaryimage"},"image":{"@id":"https:\/\/avenir52.fr\/index.php\/2025\/06\/28\/loups-et-fco-la-fdsea-les-ja-et-la-fdpl-recus-a-la-prefecture\/#primaryimage"},"thumbnailUrl":"https:\/\/avenir52.fr\/wp-content\/uploads\/2025\/06\/Prefecture-scaled.jpg","datePublished":"2025-06-28T05:30:00+00:00","breadcrumb":{"@id":"https:\/\/avenir52.fr\/index.php\/2025\/06\/28\/loups-et-fco-la-fdsea-les-ja-et-la-fdpl-recus-a-la-prefecture\/#breadcrumb"},"inLanguage":"fr-FR","potentialAction":[{"@type":"ReadAction","target":["https:\/\/avenir52.fr\/index.php\/2025\/06\/28\/loups-et-fco-la-fdsea-les-ja-et-la-fdpl-recus-a-la-prefecture\/"]}]},{"@type":"ImageObject","inLanguage":"fr-FR","@id":"https:\/\/avenir52.fr\/index.php\/2025\/06\/28\/loups-et-fco-la-fdsea-les-ja-et-la-fdpl-recus-a-la-prefecture\/#primaryimage","url":"https:\/\/avenir52.fr\/wp-content\/uploads\/2025\/06\/Prefecture-scaled.jpg","contentUrl":"https:\/\/avenir52.fr\/wp-content\/uploads\/2025\/06\/Prefecture-scaled.jpg","width":2560,"height":1920,"caption":"FDSEA, JA et FDPL ont eu un rendez-vous \u00e0 la Pr\u00e9fecture le 16 juin."},{"@type":"BreadcrumbList","@id":"https:\/\/avenir52.fr\/index.php\/2025\/06\/28\/loups-et-fco-la-fdsea-les-ja-et-la-fdpl-recus-a-la-prefecture\/#breadcrumb","itemListElement":[{"@type":"ListItem","position":1,"name":"Accueil","item":"https:\/\/avenir52.fr\/"},{"@type":"ListItem","position":2,"name":"Loups et FCO : la FDSEA, les JA et la FDPL rec\u0327us a\u0300 la Pre\u0301fecture"}]},{"@type":"WebSite","@id":"https:\/\/avenir52.fr\/#website","url":"https:\/\/avenir52.fr\/","name":"L'Avenir Agricole et Rural de la Haute-Marne","description":"L&#039;Avenir Agricole et Rural de la Haute-Marne","publisher":{"@id":"https:\/\/avenir52.fr\/#organization"},"potentialAction":[{"@type":"SearchAction","target":{"@type":"EntryPoint","urlTemplate":"https:\/\/avenir52.fr\/?s={search_term_string}"},"query-input":{"@type":"PropertyValueSpecification","valueRequired":true,"valueName":"search_term_string"}}],"inLanguage":"fr-FR"},{"@type":"Organization","@id":"https:\/\/avenir52.fr\/#organization","name":"L'Avenir Agricole et Rural de la Haute-Marne","url":"https:\/\/avenir52.fr\/","logo":{"@type":"ImageObject","inLanguage":"fr-FR","@id":"https:\/\/avenir52.fr\/#\/schema\/logo\/image\/","url":"https:\/\/avenir52.fr\/wp-content\/uploads\/2024\/05\/cropped-Aveniragricoleetrural-logo.jpg","contentUrl":"https:\/\/avenir52.fr\/wp-content\/uploads\/2024\/05\/cropped-Aveniragricoleetrural-logo.jpg","width":360,"height":123,"caption":"L'Avenir Agricole et Rural de la Haute-Marne"},"image":{"@id":"https:\/\/avenir52.fr\/#\/schema\/logo\/image\/"},"sameAs":["https:\/\/www.facebook.com\/AvenirAgricole52\/","https:\/\/x.com\/aveniragri52","https:\/\/www.linkedin.com\/company\/90947425\/"]},{"@type":"Person","@id":"https:\/\/avenir52.fr\/#\/schema\/person\/d5883bd6e25457d1dcb94d95d918b60e","name":"L'Avenir Agricole et Rural","image":{"@type":"ImageObject","inLanguage":"fr-FR","@id":"https:\/\/secure.gravatar.com\/avatar\/155fb14f309a64820cca5e7f71daf9646493a08d615f0fd4e3cd1ebf9a58d527?s=96&d=mm&r=g","url":"https:\/\/secure.gravatar.com\/avatar\/155fb14f309a64820cca5e7f71daf9646493a08d615f0fd4e3cd1ebf9a58d527?s=96&d=mm&r=g","contentUrl":"https:\/\/secure.gravatar.com\/avatar\/155fb14f309a64820cca5e7f71daf9646493a08d615f0fd4e3cd1ebf9a58d527?s=96&d=mm&r=g","caption":"L'Avenir Agricole et Rural"},"sameAs":["http:\/\/avenir52.fr","https:\/\/www.facebook.com\/AvenirAgricole52\/","https:\/\/www.linkedin.com\/company\/90947425\/"],"url":"https:\/\/avenir52.fr\/index.php\/author\/admin7544\/"}]}},"jetpack_publicize_connections":[],"_links":{"self":[{"href":"https:\/\/avenir52.fr\/index.php\/wp-json\/wp\/v2\/posts\/837","targetHints":{"allow":["GET"]}}],"collection":[{"href":"https:\/\/avenir52.fr\/index.php\/wp-json\/wp\/v2\/posts"}],"about":[{"href":"https:\/\/avenir52.fr\/index.php\/wp-json\/wp\/v2\/types\/post"}],"author":[{"embeddable":true,"href":"https:\/\/avenir52.fr\/index.php\/wp-json\/wp\/v2\/users\/1"}],"replies":[{"embeddable":true,"href":"https:\/\/avenir52.fr\/index.php\/wp-json\/wp\/v2\/comments?post=837"}],"version-history":[{"count":1,"href":"https:\/\/avenir52.fr\/index.php\/wp-json\/wp\/v2\/posts\/837\/revisions"}],"predecessor-version":[{"id":839,"href":"https:\/\/avenir52.fr\/index.php\/wp-json\/wp\/v2\/posts\/837\/revisions\/839"}],"wp:featuredmedia":[{"embeddable":true,"href":"https:\/\/avenir52.fr\/index.php\/wp-json\/wp\/v2\/media\/838"}],"wp:attachment":[{"href":"https:\/\/avenir52.fr\/index.php\/wp-json\/wp\/v2\/media?parent=837"}],"wp:term":[{"taxonomy":"category","embeddable":true,"href":"https:\/\/avenir52.fr\/index.php\/wp-json\/wp\/v2\/categories?post=837"},{"taxonomy":"post_tag","embeddable":true,"href":"https:\/\/avenir52.fr\/index.php\/wp-json\/wp\/v2\/tags?post=837"}],"curies":[{"name":"wp","href":"https:\/\/api.w.org\/{rel}","templated":true}]}}