{"id":954,"date":"2025-10-02T08:01:00","date_gmt":"2025-10-02T06:01:00","guid":{"rendered":"https:\/\/avenir52.fr\/?p=954"},"modified":"2025-10-01T16:59:29","modified_gmt":"2025-10-01T14:59:29","slug":"predations-le-cri-dalerte","status":"publish","type":"post","link":"https:\/\/avenir52.fr\/index.php\/2025\/10\/02\/predations-le-cri-dalerte\/","title":{"rendered":"Pr\u00e9dations : le cri d\u2019alerte"},"content":{"rendered":"\n<p>Plus de 300 personnes ont r\u00e9pondu \u00e0 l\u2019appel de la FDSEA, de la FDPL et des JA le 25 septembre \u00e0 Milli\u00e8res contre la pression du loup. Exploitants agricoles, politiques, mais \u00e9galement chasseurs et maires sont venus manifester.<\/p>\n\n\n\n<p>Les attaques de loups se multiplient et la naissance de 7 louveteaux au printemps fait craindre le pire. Dans un communiqu\u00e9 du 15 septembre la Pr\u00e9fecture a d\u00e9nombr\u00e9 550 pr\u00e9dations depuis le d\u00e9but d\u2019ann\u00e9e (dont 474 \u00ab loup non exclu \u00bb) et a demand\u00e9 l\u2019intervention de la brigade mobile d\u2019intervention de l\u2019OFB. Alors que les attaques se concentrent dans le Bassigny, un loup a \u00e9t\u00e9 photographi\u00e9 \u00e0 Fayl-Billot dimanche dernier.<\/p>\n\n\n\n<p>C\u2019est donc logiquement dans le Bassigny, \u00e0 Milli\u00e8res, que la FDSEA, la FDPL et les JA 52 ont appel\u00e9 \u00e0 manifester le 25 septembre contre les pr\u00e9dations.<br>La mobilisation a \u00e9t\u00e9 particuli\u00e8rement suivie, il y avait des exploitants agricoles, mais aussi des chasseurs et des maires. Gilles Desnouveaux, maire de Reynel, soulignait que \u00ab <em>s\u2019il n\u2019y a plus de gibier \u00e0 cause du loup, mon adjudicateur de chasse ne voudra plus chasser et les recettes repr\u00e9sentent 10 \u00e0 15 % du budget de ma commune. Pour certaines communes c\u2019est encore plus<\/em> \u00bb.<br>Plusieurs \u00e9lus sont venus apporter leur soutient : le s\u00e9nateur Bruno Sido, le d\u00e9put\u00e9 Christophe Bentz, le pr\u00e9sident du Conseil d\u00e9partemental Nicolas Lacroix ou encore le pr\u00e9sident de la f\u00e9d\u00e9ration d\u00e9partementale des chasseurs Thomas Corvasce.<\/p>\n\n\n\n<p><br><strong>Moyens de production mis \u00e0 mal<\/strong><\/p>\n\n\n\n<p><br>\u00ab Cela fait longtemps qu\u2019il n\u2019y avait pas eu autant de monde dans une manifestation agricole \u00bb, s\u2019est r\u00e9jouit S\u00e9bastien Riottot, pr\u00e9sident de la FDSEA, qui estime que \u00ab <em>nos moyens de production sont mis \u00e0 mal<\/em> \u00bb. Il prend en exemple l\u2019accord de libre-\u00e9change entre l\u2019Europe et le Mercosur, consid\u00e9rant que \u00ab <em>le message est terrible parce qu\u2019il ouvre les portes du monde avec des produits et des normes qu\u2019on nous interdit<\/em> \u00bb.<\/p>\n\n\n\n<p>Concernant les attaques de loup, le pr\u00e9sident de la FDSEA constate \u00ab <em>une escalade de la violence envers nos troupeaux, les \u00e9leveurs se l\u00e8vent le matin avec la boule au ventre<\/em> \u00bb. Il rappelle qu\u2019en plus des d\u00e9c\u00e8s des animaux, il y a aussi les avortements et la baisse de productivit\u00e9.<\/p>\n\n\n\n<p>Cons\u00e9quences : \u00ab <em>il devient tr\u00e8s difficile d\u2019installer un jeune, dans pas longtemps il n\u2019y aura plus d\u2019\u00e9levage ovin<\/em>\u2009\u00bb. S\u00e9bastien Riottot d\u00e9nonce \u00ab\u2009<em>une politique court-termiste<\/em> \u00bb qui \u00ab\u2009<em>a fait s\u2019installer le loup<\/em> \u00bb et qui emm\u00e8ne \u00ab <em>\u00e0 de la d\u00e9croissance<\/em>\u2009\u00bb et donc \u00e0 de l\u2019importation, alors que notre pays ne produit que 46 % de la viande ovine qu\u2019il consomme.<\/p>\n\n\n\n<p><strong>Politiques incoh\u00e9rentes<\/strong><\/p>\n\n\n\n<p><br>\u00ab <em>Cela fait 10 ans que nos politiques sont incoh\u00e9rentes, rien n\u2019est fait pour limiter l\u2019augmentation des populations de loups. Aujourd\u2019hui c\u2019est \u00e0 nous de nous d\u00e9fendre<\/em> \u00bb, lance Thomas Millot, pr\u00e9sident des JA. Pour la FDPL, Agn\u00e8s Aubertin, rappelle que les pr\u00e9dations impactent \u00e9galement les \u00e9leveurs bovins et \u00e9quins. \u00ab\u2009<em>Il faut qu\u2019on agisse, le loup n\u2019a rien a faire chez nous<\/em> \u00bb.<\/p>\n\n\n\n<p>\u00ab <em>On demande que l\u2019administration s\u2019occupe r\u00e9ellement du probl\u00e8me, c\u2019est \u00e0 dire qu\u2019il faut faire du pr\u00e9l\u00e8vement sur ces loups<\/em> \u00bb, d\u00e9clare Samuel Guenin, en charge du dossier loup \u00e0 la FDSEA. Selon lui la mise en place de cl\u00f4tures \u00e9lectrifi\u00e9es est tr\u00e8s co\u00fbteuse, tr\u00e8s chronophage et n\u2019est pas efficace. \u00ab <em>On se rend compte qu\u2019en France plus il y a de protections, plus il y a d\u2019attaques. Le loup s\u2019adapte, la seule solution est de le r\u00e9guler<\/em>\u2009\u00bb.<\/p>\n\n\n\n<p>La r\u00e9glementation du protocole de tir devrait s\u2019assouplir l\u2019ann\u00e9e prochaine. Le tir de d\u00e9fense pourrait \u00eatre r\u00e9alis\u00e9 sur simple d\u00e9claration, et non plus sous condition d\u2019autorisation (arr\u00eat\u00e9 pr\u00e9fectoral), pour les \u00e9leveurs situ\u00e9s en zone de pr\u00e9dation (lire en page 13). Mais pour S\u00e9bastien Riottot, \u00ab <em>c\u2019est trop tard, le mal est d\u00e9j\u00e0 fait, il y a eu beaucoup trop de victimes<\/em> \u00bb.<\/p>\n\n\n\n<p>Samuel Guenin rappelle que les tirs de d\u00e9fense devront toujours s\u2019inscrire dans le respect de la r\u00e9glementation actuelle.<br>\u00ab <em>Il y a trop de contraintes dans le processus de tir, ce changement de r\u00e9glementation est un coup d\u2019\u00e9p\u00e9e dans l\u2019eau. Le fait qu\u2019il n\u2019y ait plus besoin d\u2019arr\u00eat\u00e9 pr\u00e9fectoral ne changera rien. La preuve, en Haute-Marne les arr\u00eat\u00e9s sont pris tr\u00e8s rapidement, mais il n\u2019y a pas de tirs<\/em> \u00bb.<\/p>\n","protected":false},"excerpt":{"rendered":"<p>Plus de 300 personnes ont r\u00e9pondu \u00e0 l\u2019appel de la FDSEA, de la FDPL et des JA le 25 septembre \u00e0 Milli\u00e8res contre la pression [&#8230;]<\/p>\n","protected":false},"author":3,"featured_media":955,"comment_status":"closed","ping_status":"closed","sticky":false,"template":"","format":"standard","meta":{"_monsterinsights_skip_tracking":false,"_monsterinsights_sitenote_active":false,"_monsterinsights_sitenote_note":"","_monsterinsights_sitenote_category":0,"footnotes":"","jetpack_publicize_message":"","jetpack_publicize_feature_enabled":true,"jetpack_social_post_already_shared":true,"jetpack_social_options":{"image_generator_settings":{"template":"highway","default_image_id":0,"font":"","enabled":false},"version":2}},"categories":[6],"tags":[],"class_list":["post-954","post","type-post","status-publish","format-standard","has-post-thumbnail","hentry","category-initiatives"],"yoast_head":"<!-- This site is optimized with the Yoast SEO plugin v27.5 - https:\/\/yoast.com\/product\/yoast-seo-wordpress\/ -->\n<title>Pr\u00e9dations : le cri d\u2019alerte - L&#039;Avenir Agricole et Rural de la Haute-Marne<\/title>\n<meta name=\"robots\" content=\"index, follow, max-snippet:-1, max-image-preview:large, max-video-preview:-1\" \/>\n<link rel=\"canonical\" href=\"https:\/\/avenir52.fr\/index.php\/2025\/10\/02\/predations-le-cri-dalerte\/\" \/>\n<meta property=\"og:locale\" content=\"fr_FR\" \/>\n<meta property=\"og:type\" content=\"article\" \/>\n<meta property=\"og:title\" content=\"Pr\u00e9dations : le cri d\u2019alerte - L&#039;Avenir Agricole et Rural de la Haute-Marne\" \/>\n<meta property=\"og:description\" content=\"Plus de 300 personnes ont r\u00e9pondu \u00e0 l\u2019appel de la FDSEA, de la FDPL et des JA le 25 septembre \u00e0 Milli\u00e8res contre la pression [...]\" \/>\n<meta property=\"og:url\" content=\"https:\/\/avenir52.fr\/index.php\/2025\/10\/02\/predations-le-cri-dalerte\/\" \/>\n<meta property=\"og:site_name\" content=\"L&#039;Avenir Agricole et Rural de la Haute-Marne\" \/>\n<meta property=\"article:publisher\" content=\"https:\/\/www.facebook.com\/AvenirAgricole52\/\" \/>\n<meta property=\"article:published_time\" content=\"2025-10-02T06:01:00+00:00\" \/>\n<meta property=\"og:image\" content=\"https:\/\/avenir52.fr\/wp-content\/uploads\/2025\/10\/Public.jpg\" \/>\n\t<meta property=\"og:image:width\" content=\"735\" \/>\n\t<meta property=\"og:image:height\" content=\"486\" \/>\n\t<meta property=\"og:image:type\" content=\"image\/jpeg\" \/>\n<meta name=\"author\" content=\"Thibaut MORILLON\" \/>\n<meta name=\"twitter:card\" content=\"summary_large_image\" \/>\n<meta name=\"twitter:creator\" content=\"@aveniragri52\" \/>\n<meta name=\"twitter:site\" content=\"@aveniragri52\" \/>\n<meta name=\"twitter:label1\" content=\"\u00c9crit par\" \/>\n\t<meta name=\"twitter:data1\" content=\"Thibaut MORILLON\" \/>\n\t<meta name=\"twitter:label2\" content=\"Dur\u00e9e de lecture estim\u00e9e\" \/>\n\t<meta name=\"twitter:data2\" content=\"4 minutes\" \/>\n<script type=\"application\/ld+json\" class=\"yoast-schema-graph\">{\"@context\":\"https:\\\/\\\/schema.org\",\"@graph\":[{\"@type\":\"Article\",\"@id\":\"https:\\\/\\\/avenir52.fr\\\/index.php\\\/2025\\\/10\\\/02\\\/predations-le-cri-dalerte\\\/#article\",\"isPartOf\":{\"@id\":\"https:\\\/\\\/avenir52.fr\\\/index.php\\\/2025\\\/10\\\/02\\\/predations-le-cri-dalerte\\\/\"},\"author\":{\"name\":\"Thibaut MORILLON\",\"@id\":\"https:\\\/\\\/avenir52.fr\\\/#\\\/schema\\\/person\\\/be62b40759582f9de2b8c967e7857fe2\"},\"headline\":\"Pr\u00e9dations : le cri d\u2019alerte\",\"datePublished\":\"2025-10-02T06:01:00+00:00\",\"mainEntityOfPage\":{\"@id\":\"https:\\\/\\\/avenir52.fr\\\/index.php\\\/2025\\\/10\\\/02\\\/predations-le-cri-dalerte\\\/\"},\"wordCount\":770,\"publisher\":{\"@id\":\"https:\\\/\\\/avenir52.fr\\\/#organization\"},\"image\":{\"@id\":\"https:\\\/\\\/avenir52.fr\\\/index.php\\\/2025\\\/10\\\/02\\\/predations-le-cri-dalerte\\\/#primaryimage\"},\"thumbnailUrl\":\"https:\\\/\\\/avenir52.fr\\\/wp-content\\\/uploads\\\/2025\\\/10\\\/Public.jpg\",\"articleSection\":[\"Initiatives\"],\"inLanguage\":\"fr-FR\"},{\"@type\":\"WebPage\",\"@id\":\"https:\\\/\\\/avenir52.fr\\\/index.php\\\/2025\\\/10\\\/02\\\/predations-le-cri-dalerte\\\/\",\"url\":\"https:\\\/\\\/avenir52.fr\\\/index.php\\\/2025\\\/10\\\/02\\\/predations-le-cri-dalerte\\\/\",\"name\":\"Pr\u00e9dations : le cri d\u2019alerte - L&#039;Avenir Agricole et Rural de la Haute-Marne\",\"isPartOf\":{\"@id\":\"https:\\\/\\\/avenir52.fr\\\/#website\"},\"primaryImageOfPage\":{\"@id\":\"https:\\\/\\\/avenir52.fr\\\/index.php\\\/2025\\\/10\\\/02\\\/predations-le-cri-dalerte\\\/#primaryimage\"},\"image\":{\"@id\":\"https:\\\/\\\/avenir52.fr\\\/index.php\\\/2025\\\/10\\\/02\\\/predations-le-cri-dalerte\\\/#primaryimage\"},\"thumbnailUrl\":\"https:\\\/\\\/avenir52.fr\\\/wp-content\\\/uploads\\\/2025\\\/10\\\/Public.jpg\",\"datePublished\":\"2025-10-02T06:01:00+00:00\",\"breadcrumb\":{\"@id\":\"https:\\\/\\\/avenir52.fr\\\/index.php\\\/2025\\\/10\\\/02\\\/predations-le-cri-dalerte\\\/#breadcrumb\"},\"inLanguage\":\"fr-FR\",\"potentialAction\":[{\"@type\":\"ReadAction\",\"target\":[\"https:\\\/\\\/avenir52.fr\\\/index.php\\\/2025\\\/10\\\/02\\\/predations-le-cri-dalerte\\\/\"]}]},{\"@type\":\"ImageObject\",\"inLanguage\":\"fr-FR\",\"@id\":\"https:\\\/\\\/avenir52.fr\\\/index.php\\\/2025\\\/10\\\/02\\\/predations-le-cri-dalerte\\\/#primaryimage\",\"url\":\"https:\\\/\\\/avenir52.fr\\\/wp-content\\\/uploads\\\/2025\\\/10\\\/Public.jpg\",\"contentUrl\":\"https:\\\/\\\/avenir52.fr\\\/wp-content\\\/uploads\\\/2025\\\/10\\\/Public.jpg\",\"width\":735,\"height\":486,\"caption\":\"Apr\u00e8s un rassemblement en matin\u00e9e, les manifestants se sont promen\u00e9s en for\u00eat.\"},{\"@type\":\"BreadcrumbList\",\"@id\":\"https:\\\/\\\/avenir52.fr\\\/index.php\\\/2025\\\/10\\\/02\\\/predations-le-cri-dalerte\\\/#breadcrumb\",\"itemListElement\":[{\"@type\":\"ListItem\",\"position\":1,\"name\":\"Accueil\",\"item\":\"https:\\\/\\\/avenir52.fr\\\/\"},{\"@type\":\"ListItem\",\"position\":2,\"name\":\"Pr\u00e9dations : le cri d\u2019alerte\"}]},{\"@type\":\"WebSite\",\"@id\":\"https:\\\/\\\/avenir52.fr\\\/#website\",\"url\":\"https:\\\/\\\/avenir52.fr\\\/\",\"name\":\"L'Avenir Agricole et Rural de la Haute-Marne\",\"description\":\"L&#039;Avenir Agricole et Rural de la Haute-Marne\",\"publisher\":{\"@id\":\"https:\\\/\\\/avenir52.fr\\\/#organization\"},\"potentialAction\":[{\"@type\":\"SearchAction\",\"target\":{\"@type\":\"EntryPoint\",\"urlTemplate\":\"https:\\\/\\\/avenir52.fr\\\/?s={search_term_string}\"},\"query-input\":{\"@type\":\"PropertyValueSpecification\",\"valueRequired\":true,\"valueName\":\"search_term_string\"}}],\"inLanguage\":\"fr-FR\"},{\"@type\":\"Organization\",\"@id\":\"https:\\\/\\\/avenir52.fr\\\/#organization\",\"name\":\"L'Avenir Agricole et Rural de la Haute-Marne\",\"url\":\"https:\\\/\\\/avenir52.fr\\\/\",\"logo\":{\"@type\":\"ImageObject\",\"inLanguage\":\"fr-FR\",\"@id\":\"https:\\\/\\\/avenir52.fr\\\/#\\\/schema\\\/logo\\\/image\\\/\",\"url\":\"https:\\\/\\\/avenir52.fr\\\/wp-content\\\/uploads\\\/2024\\\/05\\\/cropped-Aveniragricoleetrural-logo.jpg\",\"contentUrl\":\"https:\\\/\\\/avenir52.fr\\\/wp-content\\\/uploads\\\/2024\\\/05\\\/cropped-Aveniragricoleetrural-logo.jpg\",\"width\":360,\"height\":123,\"caption\":\"L'Avenir Agricole et Rural de la Haute-Marne\"},\"image\":{\"@id\":\"https:\\\/\\\/avenir52.fr\\\/#\\\/schema\\\/logo\\\/image\\\/\"},\"sameAs\":[\"https:\\\/\\\/www.facebook.com\\\/AvenirAgricole52\\\/\",\"https:\\\/\\\/x.com\\\/aveniragri52\",\"https:\\\/\\\/www.linkedin.com\\\/company\\\/90947425\\\/\"]},{\"@type\":\"Person\",\"@id\":\"https:\\\/\\\/avenir52.fr\\\/#\\\/schema\\\/person\\\/be62b40759582f9de2b8c967e7857fe2\",\"name\":\"Thibaut MORILLON\",\"image\":{\"@type\":\"ImageObject\",\"inLanguage\":\"fr-FR\",\"@id\":\"https:\\\/\\\/secure.gravatar.com\\\/avatar\\\/b0c6acd24c9ce743bdca1cb33acf27fe8668825af01d4e1af0bc757af5602fa4?s=96&d=mm&r=g\",\"url\":\"https:\\\/\\\/secure.gravatar.com\\\/avatar\\\/b0c6acd24c9ce743bdca1cb33acf27fe8668825af01d4e1af0bc757af5602fa4?s=96&d=mm&r=g\",\"contentUrl\":\"https:\\\/\\\/secure.gravatar.com\\\/avatar\\\/b0c6acd24c9ce743bdca1cb33acf27fe8668825af01d4e1af0bc757af5602fa4?s=96&d=mm&r=g\",\"caption\":\"Thibaut MORILLON\"},\"url\":\"https:\\\/\\\/avenir52.fr\\\/index.php\\\/author\\\/tmorillon\\\/\"}]}<\/script>\n<!-- \/ Yoast SEO plugin. -->","yoast_head_json":{"title":"Pr\u00e9dations : le cri d\u2019alerte - L&#039;Avenir Agricole et Rural de la Haute-Marne","robots":{"index":"index","follow":"follow","max-snippet":"max-snippet:-1","max-image-preview":"max-image-preview:large","max-video-preview":"max-video-preview:-1"},"canonical":"https:\/\/avenir52.fr\/index.php\/2025\/10\/02\/predations-le-cri-dalerte\/","og_locale":"fr_FR","og_type":"article","og_title":"Pr\u00e9dations : le cri d\u2019alerte - L&#039;Avenir Agricole et Rural de la Haute-Marne","og_description":"Plus de 300 personnes ont r\u00e9pondu \u00e0 l\u2019appel de la FDSEA, de la FDPL et des JA le 25 septembre \u00e0 Milli\u00e8res contre la pression [...]","og_url":"https:\/\/avenir52.fr\/index.php\/2025\/10\/02\/predations-le-cri-dalerte\/","og_site_name":"L&#039;Avenir Agricole et Rural de la Haute-Marne","article_publisher":"https:\/\/www.facebook.com\/AvenirAgricole52\/","article_published_time":"2025-10-02T06:01:00+00:00","og_image":[{"width":735,"height":486,"url":"https:\/\/avenir52.fr\/wp-content\/uploads\/2025\/10\/Public.jpg","type":"image\/jpeg"}],"author":"Thibaut MORILLON","twitter_card":"summary_large_image","twitter_creator":"@aveniragri52","twitter_site":"@aveniragri52","twitter_misc":{"\u00c9crit par":"Thibaut MORILLON","Dur\u00e9e de lecture estim\u00e9e":"4 minutes"},"schema":{"@context":"https:\/\/schema.org","@graph":[{"@type":"Article","@id":"https:\/\/avenir52.fr\/index.php\/2025\/10\/02\/predations-le-cri-dalerte\/#article","isPartOf":{"@id":"https:\/\/avenir52.fr\/index.php\/2025\/10\/02\/predations-le-cri-dalerte\/"},"author":{"name":"Thibaut MORILLON","@id":"https:\/\/avenir52.fr\/#\/schema\/person\/be62b40759582f9de2b8c967e7857fe2"},"headline":"Pr\u00e9dations : le cri d\u2019alerte","datePublished":"2025-10-02T06:01:00+00:00","mainEntityOfPage":{"@id":"https:\/\/avenir52.fr\/index.php\/2025\/10\/02\/predations-le-cri-dalerte\/"},"wordCount":770,"publisher":{"@id":"https:\/\/avenir52.fr\/#organization"},"image":{"@id":"https:\/\/avenir52.fr\/index.php\/2025\/10\/02\/predations-le-cri-dalerte\/#primaryimage"},"thumbnailUrl":"https:\/\/avenir52.fr\/wp-content\/uploads\/2025\/10\/Public.jpg","articleSection":["Initiatives"],"inLanguage":"fr-FR"},{"@type":"WebPage","@id":"https:\/\/avenir52.fr\/index.php\/2025\/10\/02\/predations-le-cri-dalerte\/","url":"https:\/\/avenir52.fr\/index.php\/2025\/10\/02\/predations-le-cri-dalerte\/","name":"Pr\u00e9dations : le cri d\u2019alerte - L&#039;Avenir Agricole et Rural de la Haute-Marne","isPartOf":{"@id":"https:\/\/avenir52.fr\/#website"},"primaryImageOfPage":{"@id":"https:\/\/avenir52.fr\/index.php\/2025\/10\/02\/predations-le-cri-dalerte\/#primaryimage"},"image":{"@id":"https:\/\/avenir52.fr\/index.php\/2025\/10\/02\/predations-le-cri-dalerte\/#primaryimage"},"thumbnailUrl":"https:\/\/avenir52.fr\/wp-content\/uploads\/2025\/10\/Public.jpg","datePublished":"2025-10-02T06:01:00+00:00","breadcrumb":{"@id":"https:\/\/avenir52.fr\/index.php\/2025\/10\/02\/predations-le-cri-dalerte\/#breadcrumb"},"inLanguage":"fr-FR","potentialAction":[{"@type":"ReadAction","target":["https:\/\/avenir52.fr\/index.php\/2025\/10\/02\/predations-le-cri-dalerte\/"]}]},{"@type":"ImageObject","inLanguage":"fr-FR","@id":"https:\/\/avenir52.fr\/index.php\/2025\/10\/02\/predations-le-cri-dalerte\/#primaryimage","url":"https:\/\/avenir52.fr\/wp-content\/uploads\/2025\/10\/Public.jpg","contentUrl":"https:\/\/avenir52.fr\/wp-content\/uploads\/2025\/10\/Public.jpg","width":735,"height":486,"caption":"Apr\u00e8s un rassemblement en matin\u00e9e, les manifestants se sont promen\u00e9s en for\u00eat."},{"@type":"BreadcrumbList","@id":"https:\/\/avenir52.fr\/index.php\/2025\/10\/02\/predations-le-cri-dalerte\/#breadcrumb","itemListElement":[{"@type":"ListItem","position":1,"name":"Accueil","item":"https:\/\/avenir52.fr\/"},{"@type":"ListItem","position":2,"name":"Pr\u00e9dations : le cri d\u2019alerte"}]},{"@type":"WebSite","@id":"https:\/\/avenir52.fr\/#website","url":"https:\/\/avenir52.fr\/","name":"L'Avenir Agricole et Rural de la Haute-Marne","description":"L&#039;Avenir Agricole et Rural de la Haute-Marne","publisher":{"@id":"https:\/\/avenir52.fr\/#organization"},"potentialAction":[{"@type":"SearchAction","target":{"@type":"EntryPoint","urlTemplate":"https:\/\/avenir52.fr\/?s={search_term_string}"},"query-input":{"@type":"PropertyValueSpecification","valueRequired":true,"valueName":"search_term_string"}}],"inLanguage":"fr-FR"},{"@type":"Organization","@id":"https:\/\/avenir52.fr\/#organization","name":"L'Avenir Agricole et Rural de la Haute-Marne","url":"https:\/\/avenir52.fr\/","logo":{"@type":"ImageObject","inLanguage":"fr-FR","@id":"https:\/\/avenir52.fr\/#\/schema\/logo\/image\/","url":"https:\/\/avenir52.fr\/wp-content\/uploads\/2024\/05\/cropped-Aveniragricoleetrural-logo.jpg","contentUrl":"https:\/\/avenir52.fr\/wp-content\/uploads\/2024\/05\/cropped-Aveniragricoleetrural-logo.jpg","width":360,"height":123,"caption":"L'Avenir Agricole et Rural de la Haute-Marne"},"image":{"@id":"https:\/\/avenir52.fr\/#\/schema\/logo\/image\/"},"sameAs":["https:\/\/www.facebook.com\/AvenirAgricole52\/","https:\/\/x.com\/aveniragri52","https:\/\/www.linkedin.com\/company\/90947425\/"]},{"@type":"Person","@id":"https:\/\/avenir52.fr\/#\/schema\/person\/be62b40759582f9de2b8c967e7857fe2","name":"Thibaut MORILLON","image":{"@type":"ImageObject","inLanguage":"fr-FR","@id":"https:\/\/secure.gravatar.com\/avatar\/b0c6acd24c9ce743bdca1cb33acf27fe8668825af01d4e1af0bc757af5602fa4?s=96&d=mm&r=g","url":"https:\/\/secure.gravatar.com\/avatar\/b0c6acd24c9ce743bdca1cb33acf27fe8668825af01d4e1af0bc757af5602fa4?s=96&d=mm&r=g","contentUrl":"https:\/\/secure.gravatar.com\/avatar\/b0c6acd24c9ce743bdca1cb33acf27fe8668825af01d4e1af0bc757af5602fa4?s=96&d=mm&r=g","caption":"Thibaut MORILLON"},"url":"https:\/\/avenir52.fr\/index.php\/author\/tmorillon\/"}]}},"jetpack_publicize_connections":[],"_links":{"self":[{"href":"https:\/\/avenir52.fr\/index.php\/wp-json\/wp\/v2\/posts\/954","targetHints":{"allow":["GET"]}}],"collection":[{"href":"https:\/\/avenir52.fr\/index.php\/wp-json\/wp\/v2\/posts"}],"about":[{"href":"https:\/\/avenir52.fr\/index.php\/wp-json\/wp\/v2\/types\/post"}],"author":[{"embeddable":true,"href":"https:\/\/avenir52.fr\/index.php\/wp-json\/wp\/v2\/users\/3"}],"replies":[{"embeddable":true,"href":"https:\/\/avenir52.fr\/index.php\/wp-json\/wp\/v2\/comments?post=954"}],"version-history":[{"count":1,"href":"https:\/\/avenir52.fr\/index.php\/wp-json\/wp\/v2\/posts\/954\/revisions"}],"predecessor-version":[{"id":956,"href":"https:\/\/avenir52.fr\/index.php\/wp-json\/wp\/v2\/posts\/954\/revisions\/956"}],"wp:featuredmedia":[{"embeddable":true,"href":"https:\/\/avenir52.fr\/index.php\/wp-json\/wp\/v2\/media\/955"}],"wp:attachment":[{"href":"https:\/\/avenir52.fr\/index.php\/wp-json\/wp\/v2\/media?parent=954"}],"wp:term":[{"taxonomy":"category","embeddable":true,"href":"https:\/\/avenir52.fr\/index.php\/wp-json\/wp\/v2\/categories?post=954"},{"taxonomy":"post_tag","embeddable":true,"href":"https:\/\/avenir52.fr\/index.php\/wp-json\/wp\/v2\/tags?post=954"}],"curies":[{"name":"wp","href":"https:\/\/api.w.org\/{rel}","templated":true}]}}