{"id":974,"date":"2025-10-11T07:31:00","date_gmt":"2025-10-11T05:31:00","guid":{"rendered":"https:\/\/avenir52.fr\/?p=974"},"modified":"2025-10-08T11:34:41","modified_gmt":"2025-10-08T09:34:41","slug":"valoriser-le-bois-sur-notre-territoire","status":"publish","type":"post","link":"https:\/\/avenir52.fr\/index.php\/2025\/10\/11\/valoriser-le-bois-sur-notre-territoire\/","title":{"rendered":"Valoriser le bois sur notre territoire"},"content":{"rendered":"\n<p><strong>Une charte pour valoriser localement le bois des for\u00eats communales a \u00e9t\u00e9 sign\u00e9e \u00e0 la Pr\u00e9fecture le 26 septembre. L\u2019objectif est de transformer localement 50\u00a0% des bois issus des for\u00eats communales du d\u00e9partement.<\/strong><\/p>\n\n\n\n<p>Avec 40&nbsp;% de sa surface constitu\u00e9e de for\u00eats (252 000 ha), la Haute-Marne est le deuxi\u00e8me d\u00e9partement forestier de la r\u00e9gion. \u00ab&nbsp;La for\u00eat est un enjeu majeur dans le d\u00e9partement&nbsp;\u00bb, insistait la pr\u00e9f\u00e8te R\u00e9gine Pam lors de la signature de la charte le 26 septembre en Pr\u00e9fecture. \u00ab&nbsp;La for\u00eat a une fonction \u00e9conomique, \u00e9cologique et soci\u00e9tale&nbsp;et depuis le covid c\u2019est aussi une source d\u2019attractivit\u00e9 pour nos communes \u00bb, r\u00e9sume Jean-Pierre Michel, pr\u00e9sident de l\u2019association des communes foresti\u00e8res de Haute-Marne.<\/p>\n\n\n\n<p>Or seulement 30&nbsp;% des bois de nos for\u00eats sont exploit\u00e9s par les scieries haut-marnaises. L\u2019objectif de la charte est d\u2019atteindre les 50&nbsp;%, soit 20 000 m\u00b3 suppl\u00e9mentaires annuels qui seront transform\u00e9s dans notre d\u00e9partement plut\u00f4t que de partir \u00e0 l\u2019ext\u00e9rieur. D\u2019apr\u00e8s Benoit Cussey, g\u00e9rant de la scierie Hurson \u00e0 Foulain, ce volume permettra de r\u00e9pondre \u00e0 la demande des scieries locales. Il explique que la crise du covid a entrain\u00e9 une hausse brutale de la demande, une tension sur le march\u00e9 du bois, mais aussi des difficult\u00e9s d\u2019approvisionnement. \u00ab&nbsp;Cette situation a mis en \u00e9vidence une r\u00e9alit\u00e9 simple&nbsp;: la s\u00e9curisation des volumes est devenue un enjeu critique pour notre fili\u00e8re&nbsp;\u00bb.<\/p>\n\n\n\n<p>L\u2019id\u00e9e de la charte est de s\u2019appuyer sur les communes foresti\u00e8res, qui repr\u00e9sentent 92&nbsp;% des communes du d\u00e9partement. Car la marge de progression est importante en mati\u00e8re de contractualisation en for\u00eat communale. 34&nbsp;% des bois en for\u00eat communale sont vendus en contrat d\u2019approvisionnement. Un quart des communes ne vend pas du tout en contrat et 38&nbsp;% des communes vendent moins de 20&nbsp;% de leur bois en contrat. \u00ab&nbsp;La valorisation du bois est \u00e9quivalente, voire l\u00e9g\u00e8rement sup\u00e9rieure gr\u00e2ce \u00e0 un meilleur allotissement&nbsp;\u00bb, indique Jean-Fran\u00e7ois Thivillier, directeur de l\u2019agence Haute-Marne \u00e0 l\u2019ONF.<\/p>\n\n\n\n<p>\u00ab&nbsp;Opportunit\u00e9 historique&nbsp;\u00bb<\/p>\n\n\n\n<p>Concr\u00e8tement les communes s\u2019engagent sur plusieurs ann\u00e9es en faveur des contrats d\u2019approvisionnement lors des pr\u00e9parations de coupes par l\u2019ONF. Il est aussi question de privil\u00e9gier la valorisation locale et promouvoir une gestion durable. \u00ab La charte est donc bien plus qu\u2019un texte d\u2019intention, elle repr\u00e9sente une volont\u00e9 commune de changer le mod\u00e8le, de donner \u00e0 nos for\u00eats la place qu\u2019elle m\u00e9rite dans l\u2019\u00e9conomie locale et de renforcer la r\u00e9silience de notre fili\u00e8re&nbsp;\u00bb, souligne Benoit Cussey.<\/p>\n\n\n\n<p>\u00ab&nbsp;Cette charte est une opportunit\u00e9 historique pour notre d\u00e9partement et notre fili\u00e8re, elle s\u00e9curise nos approvisionnements, offre de la valeur ajout\u00e9e dans nos territoires, soutient l\u2019emploi local, encourage l\u2019innovation et la diversification, r\u00e9pond aux attentes citoyennes et \u00e9cologiques et repose sur un partenariat solide et durable&nbsp;\u00bb, salue Benoit Cussey. R\u00e9gine Pam souligne \u00ab&nbsp;la volont\u00e9 commune des entreprises et des \u00e9lus \u00e0 s\u2019engager pour acc\u00e9l\u00e9rer la dynamique&nbsp;\u00bb. A l\u2019approche des prochaines \u00e9lections municipales (les 15 et 22 mars 2026) la pr\u00e9f\u00e8te appelle \u00e0 sensibiliser les nouveaux \u00e9lus pour \u00ab&nbsp;embarquer un maximum de maires dans la d\u00e9marche&nbsp;\u00bb.<\/p>\n","protected":false},"excerpt":{"rendered":"<p>Une charte pour valoriser localement le bois des for\u00eats communales a \u00e9t\u00e9 sign\u00e9e \u00e0 la Pr\u00e9fecture le 26 septembre. L\u2019objectif est de transformer localement 50\u00a0% [&#8230;]<\/p>\n","protected":false},"author":3,"featured_media":975,"comment_status":"closed","ping_status":"closed","sticky":false,"template":"","format":"standard","meta":{"_monsterinsights_skip_tracking":false,"_monsterinsights_sitenote_active":false,"_monsterinsights_sitenote_note":"","_monsterinsights_sitenote_category":0,"footnotes":"","jetpack_publicize_message":"","jetpack_publicize_feature_enabled":true,"jetpack_social_post_already_shared":true,"jetpack_social_options":{"image_generator_settings":{"template":"highway","default_image_id":0,"font":"","enabled":false},"version":2}},"categories":[6],"tags":[],"class_list":["post-974","post","type-post","status-publish","format-standard","has-post-thumbnail","hentry","category-initiatives"],"yoast_head":"<!-- This site is optimized with the Yoast SEO plugin v27.5 - https:\/\/yoast.com\/product\/yoast-seo-wordpress\/ -->\n<title>Valoriser le bois sur notre territoire - L&#039;Avenir Agricole et Rural de la Haute-Marne<\/title>\n<meta name=\"robots\" content=\"index, follow, max-snippet:-1, max-image-preview:large, max-video-preview:-1\" \/>\n<link rel=\"canonical\" href=\"https:\/\/avenir52.fr\/index.php\/2025\/10\/11\/valoriser-le-bois-sur-notre-territoire\/\" \/>\n<meta property=\"og:locale\" content=\"fr_FR\" \/>\n<meta property=\"og:type\" content=\"article\" \/>\n<meta property=\"og:title\" content=\"Valoriser le bois sur notre territoire - L&#039;Avenir Agricole et Rural de la Haute-Marne\" \/>\n<meta property=\"og:description\" content=\"Une charte pour valoriser localement le bois des for\u00eats communales a \u00e9t\u00e9 sign\u00e9e \u00e0 la Pr\u00e9fecture le 26 septembre. L\u2019objectif est de transformer localement 50\u00a0% [...]\" \/>\n<meta property=\"og:url\" content=\"https:\/\/avenir52.fr\/index.php\/2025\/10\/11\/valoriser-le-bois-sur-notre-territoire\/\" \/>\n<meta property=\"og:site_name\" content=\"L&#039;Avenir Agricole et Rural de la Haute-Marne\" \/>\n<meta property=\"article:publisher\" content=\"https:\/\/www.facebook.com\/AvenirAgricole52\/\" \/>\n<meta property=\"article:published_time\" content=\"2025-10-11T05:31:00+00:00\" \/>\n<meta property=\"og:image\" content=\"https:\/\/avenir52.fr\/wp-content\/uploads\/2025\/10\/Charte-scaled.jpg\" \/>\n\t<meta property=\"og:image:width\" content=\"2560\" \/>\n\t<meta property=\"og:image:height\" content=\"1696\" \/>\n\t<meta property=\"og:image:type\" content=\"image\/jpeg\" \/>\n<meta name=\"author\" content=\"Thibaut MORILLON\" \/>\n<meta name=\"twitter:card\" content=\"summary_large_image\" \/>\n<meta name=\"twitter:creator\" content=\"@aveniragri52\" \/>\n<meta name=\"twitter:site\" content=\"@aveniragri52\" \/>\n<meta name=\"twitter:label1\" content=\"\u00c9crit par\" \/>\n\t<meta name=\"twitter:data1\" content=\"Thibaut MORILLON\" \/>\n\t<meta name=\"twitter:label2\" content=\"Dur\u00e9e de lecture estim\u00e9e\" \/>\n\t<meta name=\"twitter:data2\" content=\"3 minutes\" \/>\n<script type=\"application\/ld+json\" class=\"yoast-schema-graph\">{\"@context\":\"https:\\\/\\\/schema.org\",\"@graph\":[{\"@type\":\"Article\",\"@id\":\"https:\\\/\\\/avenir52.fr\\\/index.php\\\/2025\\\/10\\\/11\\\/valoriser-le-bois-sur-notre-territoire\\\/#article\",\"isPartOf\":{\"@id\":\"https:\\\/\\\/avenir52.fr\\\/index.php\\\/2025\\\/10\\\/11\\\/valoriser-le-bois-sur-notre-territoire\\\/\"},\"author\":{\"name\":\"Thibaut MORILLON\",\"@id\":\"https:\\\/\\\/avenir52.fr\\\/#\\\/schema\\\/person\\\/be62b40759582f9de2b8c967e7857fe2\"},\"headline\":\"Valoriser le bois sur notre territoire\",\"datePublished\":\"2025-10-11T05:31:00+00:00\",\"mainEntityOfPage\":{\"@id\":\"https:\\\/\\\/avenir52.fr\\\/index.php\\\/2025\\\/10\\\/11\\\/valoriser-le-bois-sur-notre-territoire\\\/\"},\"wordCount\":580,\"publisher\":{\"@id\":\"https:\\\/\\\/avenir52.fr\\\/#organization\"},\"image\":{\"@id\":\"https:\\\/\\\/avenir52.fr\\\/index.php\\\/2025\\\/10\\\/11\\\/valoriser-le-bois-sur-notre-territoire\\\/#primaryimage\"},\"thumbnailUrl\":\"https:\\\/\\\/avenir52.fr\\\/wp-content\\\/uploads\\\/2025\\\/10\\\/Charte-scaled.jpg\",\"articleSection\":[\"Initiatives\"],\"inLanguage\":\"fr-FR\"},{\"@type\":\"WebPage\",\"@id\":\"https:\\\/\\\/avenir52.fr\\\/index.php\\\/2025\\\/10\\\/11\\\/valoriser-le-bois-sur-notre-territoire\\\/\",\"url\":\"https:\\\/\\\/avenir52.fr\\\/index.php\\\/2025\\\/10\\\/11\\\/valoriser-le-bois-sur-notre-territoire\\\/\",\"name\":\"Valoriser le bois sur notre territoire - L&#039;Avenir Agricole et Rural de la Haute-Marne\",\"isPartOf\":{\"@id\":\"https:\\\/\\\/avenir52.fr\\\/#website\"},\"primaryImageOfPage\":{\"@id\":\"https:\\\/\\\/avenir52.fr\\\/index.php\\\/2025\\\/10\\\/11\\\/valoriser-le-bois-sur-notre-territoire\\\/#primaryimage\"},\"image\":{\"@id\":\"https:\\\/\\\/avenir52.fr\\\/index.php\\\/2025\\\/10\\\/11\\\/valoriser-le-bois-sur-notre-territoire\\\/#primaryimage\"},\"thumbnailUrl\":\"https:\\\/\\\/avenir52.fr\\\/wp-content\\\/uploads\\\/2025\\\/10\\\/Charte-scaled.jpg\",\"datePublished\":\"2025-10-11T05:31:00+00:00\",\"breadcrumb\":{\"@id\":\"https:\\\/\\\/avenir52.fr\\\/index.php\\\/2025\\\/10\\\/11\\\/valoriser-le-bois-sur-notre-territoire\\\/#breadcrumb\"},\"inLanguage\":\"fr-FR\",\"potentialAction\":[{\"@type\":\"ReadAction\",\"target\":[\"https:\\\/\\\/avenir52.fr\\\/index.php\\\/2025\\\/10\\\/11\\\/valoriser-le-bois-sur-notre-territoire\\\/\"]}]},{\"@type\":\"ImageObject\",\"inLanguage\":\"fr-FR\",\"@id\":\"https:\\\/\\\/avenir52.fr\\\/index.php\\\/2025\\\/10\\\/11\\\/valoriser-le-bois-sur-notre-territoire\\\/#primaryimage\",\"url\":\"https:\\\/\\\/avenir52.fr\\\/wp-content\\\/uploads\\\/2025\\\/10\\\/Charte-scaled.jpg\",\"contentUrl\":\"https:\\\/\\\/avenir52.fr\\\/wp-content\\\/uploads\\\/2025\\\/10\\\/Charte-scaled.jpg\",\"width\":2560,\"height\":1696,\"caption\":\"La charte a \u00e9t\u00e9 sign\u00e9e par la pr\u00e9f\u00e8te, des associations d\u2019\u00e9lus, des maires, syndicats forestiers, ONF et Fibois Grand Est.\"},{\"@type\":\"BreadcrumbList\",\"@id\":\"https:\\\/\\\/avenir52.fr\\\/index.php\\\/2025\\\/10\\\/11\\\/valoriser-le-bois-sur-notre-territoire\\\/#breadcrumb\",\"itemListElement\":[{\"@type\":\"ListItem\",\"position\":1,\"name\":\"Accueil\",\"item\":\"https:\\\/\\\/avenir52.fr\\\/\"},{\"@type\":\"ListItem\",\"position\":2,\"name\":\"Valoriser le bois sur notre territoire\"}]},{\"@type\":\"WebSite\",\"@id\":\"https:\\\/\\\/avenir52.fr\\\/#website\",\"url\":\"https:\\\/\\\/avenir52.fr\\\/\",\"name\":\"L'Avenir Agricole et Rural de la Haute-Marne\",\"description\":\"L&#039;Avenir Agricole et Rural de la Haute-Marne\",\"publisher\":{\"@id\":\"https:\\\/\\\/avenir52.fr\\\/#organization\"},\"potentialAction\":[{\"@type\":\"SearchAction\",\"target\":{\"@type\":\"EntryPoint\",\"urlTemplate\":\"https:\\\/\\\/avenir52.fr\\\/?s={search_term_string}\"},\"query-input\":{\"@type\":\"PropertyValueSpecification\",\"valueRequired\":true,\"valueName\":\"search_term_string\"}}],\"inLanguage\":\"fr-FR\"},{\"@type\":\"Organization\",\"@id\":\"https:\\\/\\\/avenir52.fr\\\/#organization\",\"name\":\"L'Avenir Agricole et Rural de la Haute-Marne\",\"url\":\"https:\\\/\\\/avenir52.fr\\\/\",\"logo\":{\"@type\":\"ImageObject\",\"inLanguage\":\"fr-FR\",\"@id\":\"https:\\\/\\\/avenir52.fr\\\/#\\\/schema\\\/logo\\\/image\\\/\",\"url\":\"https:\\\/\\\/avenir52.fr\\\/wp-content\\\/uploads\\\/2024\\\/05\\\/cropped-Aveniragricoleetrural-logo.jpg\",\"contentUrl\":\"https:\\\/\\\/avenir52.fr\\\/wp-content\\\/uploads\\\/2024\\\/05\\\/cropped-Aveniragricoleetrural-logo.jpg\",\"width\":360,\"height\":123,\"caption\":\"L'Avenir Agricole et Rural de la Haute-Marne\"},\"image\":{\"@id\":\"https:\\\/\\\/avenir52.fr\\\/#\\\/schema\\\/logo\\\/image\\\/\"},\"sameAs\":[\"https:\\\/\\\/www.facebook.com\\\/AvenirAgricole52\\\/\",\"https:\\\/\\\/x.com\\\/aveniragri52\",\"https:\\\/\\\/www.linkedin.com\\\/company\\\/90947425\\\/\"]},{\"@type\":\"Person\",\"@id\":\"https:\\\/\\\/avenir52.fr\\\/#\\\/schema\\\/person\\\/be62b40759582f9de2b8c967e7857fe2\",\"name\":\"Thibaut MORILLON\",\"image\":{\"@type\":\"ImageObject\",\"inLanguage\":\"fr-FR\",\"@id\":\"https:\\\/\\\/secure.gravatar.com\\\/avatar\\\/b0c6acd24c9ce743bdca1cb33acf27fe8668825af01d4e1af0bc757af5602fa4?s=96&d=mm&r=g\",\"url\":\"https:\\\/\\\/secure.gravatar.com\\\/avatar\\\/b0c6acd24c9ce743bdca1cb33acf27fe8668825af01d4e1af0bc757af5602fa4?s=96&d=mm&r=g\",\"contentUrl\":\"https:\\\/\\\/secure.gravatar.com\\\/avatar\\\/b0c6acd24c9ce743bdca1cb33acf27fe8668825af01d4e1af0bc757af5602fa4?s=96&d=mm&r=g\",\"caption\":\"Thibaut MORILLON\"},\"url\":\"https:\\\/\\\/avenir52.fr\\\/index.php\\\/author\\\/tmorillon\\\/\"}]}<\/script>\n<!-- \/ Yoast SEO plugin. -->","yoast_head_json":{"title":"Valoriser le bois sur notre territoire - L&#039;Avenir Agricole et Rural de la Haute-Marne","robots":{"index":"index","follow":"follow","max-snippet":"max-snippet:-1","max-image-preview":"max-image-preview:large","max-video-preview":"max-video-preview:-1"},"canonical":"https:\/\/avenir52.fr\/index.php\/2025\/10\/11\/valoriser-le-bois-sur-notre-territoire\/","og_locale":"fr_FR","og_type":"article","og_title":"Valoriser le bois sur notre territoire - L&#039;Avenir Agricole et Rural de la Haute-Marne","og_description":"Une charte pour valoriser localement le bois des for\u00eats communales a \u00e9t\u00e9 sign\u00e9e \u00e0 la Pr\u00e9fecture le 26 septembre. L\u2019objectif est de transformer localement 50\u00a0% [...]","og_url":"https:\/\/avenir52.fr\/index.php\/2025\/10\/11\/valoriser-le-bois-sur-notre-territoire\/","og_site_name":"L&#039;Avenir Agricole et Rural de la Haute-Marne","article_publisher":"https:\/\/www.facebook.com\/AvenirAgricole52\/","article_published_time":"2025-10-11T05:31:00+00:00","og_image":[{"width":2560,"height":1696,"url":"https:\/\/avenir52.fr\/wp-content\/uploads\/2025\/10\/Charte-scaled.jpg","type":"image\/jpeg"}],"author":"Thibaut MORILLON","twitter_card":"summary_large_image","twitter_creator":"@aveniragri52","twitter_site":"@aveniragri52","twitter_misc":{"\u00c9crit par":"Thibaut MORILLON","Dur\u00e9e de lecture estim\u00e9e":"3 minutes"},"schema":{"@context":"https:\/\/schema.org","@graph":[{"@type":"Article","@id":"https:\/\/avenir52.fr\/index.php\/2025\/10\/11\/valoriser-le-bois-sur-notre-territoire\/#article","isPartOf":{"@id":"https:\/\/avenir52.fr\/index.php\/2025\/10\/11\/valoriser-le-bois-sur-notre-territoire\/"},"author":{"name":"Thibaut MORILLON","@id":"https:\/\/avenir52.fr\/#\/schema\/person\/be62b40759582f9de2b8c967e7857fe2"},"headline":"Valoriser le bois sur notre territoire","datePublished":"2025-10-11T05:31:00+00:00","mainEntityOfPage":{"@id":"https:\/\/avenir52.fr\/index.php\/2025\/10\/11\/valoriser-le-bois-sur-notre-territoire\/"},"wordCount":580,"publisher":{"@id":"https:\/\/avenir52.fr\/#organization"},"image":{"@id":"https:\/\/avenir52.fr\/index.php\/2025\/10\/11\/valoriser-le-bois-sur-notre-territoire\/#primaryimage"},"thumbnailUrl":"https:\/\/avenir52.fr\/wp-content\/uploads\/2025\/10\/Charte-scaled.jpg","articleSection":["Initiatives"],"inLanguage":"fr-FR"},{"@type":"WebPage","@id":"https:\/\/avenir52.fr\/index.php\/2025\/10\/11\/valoriser-le-bois-sur-notre-territoire\/","url":"https:\/\/avenir52.fr\/index.php\/2025\/10\/11\/valoriser-le-bois-sur-notre-territoire\/","name":"Valoriser le bois sur notre territoire - L&#039;Avenir Agricole et Rural de la Haute-Marne","isPartOf":{"@id":"https:\/\/avenir52.fr\/#website"},"primaryImageOfPage":{"@id":"https:\/\/avenir52.fr\/index.php\/2025\/10\/11\/valoriser-le-bois-sur-notre-territoire\/#primaryimage"},"image":{"@id":"https:\/\/avenir52.fr\/index.php\/2025\/10\/11\/valoriser-le-bois-sur-notre-territoire\/#primaryimage"},"thumbnailUrl":"https:\/\/avenir52.fr\/wp-content\/uploads\/2025\/10\/Charte-scaled.jpg","datePublished":"2025-10-11T05:31:00+00:00","breadcrumb":{"@id":"https:\/\/avenir52.fr\/index.php\/2025\/10\/11\/valoriser-le-bois-sur-notre-territoire\/#breadcrumb"},"inLanguage":"fr-FR","potentialAction":[{"@type":"ReadAction","target":["https:\/\/avenir52.fr\/index.php\/2025\/10\/11\/valoriser-le-bois-sur-notre-territoire\/"]}]},{"@type":"ImageObject","inLanguage":"fr-FR","@id":"https:\/\/avenir52.fr\/index.php\/2025\/10\/11\/valoriser-le-bois-sur-notre-territoire\/#primaryimage","url":"https:\/\/avenir52.fr\/wp-content\/uploads\/2025\/10\/Charte-scaled.jpg","contentUrl":"https:\/\/avenir52.fr\/wp-content\/uploads\/2025\/10\/Charte-scaled.jpg","width":2560,"height":1696,"caption":"La charte a \u00e9t\u00e9 sign\u00e9e par la pr\u00e9f\u00e8te, des associations d\u2019\u00e9lus, des maires, syndicats forestiers, ONF et Fibois Grand Est."},{"@type":"BreadcrumbList","@id":"https:\/\/avenir52.fr\/index.php\/2025\/10\/11\/valoriser-le-bois-sur-notre-territoire\/#breadcrumb","itemListElement":[{"@type":"ListItem","position":1,"name":"Accueil","item":"https:\/\/avenir52.fr\/"},{"@type":"ListItem","position":2,"name":"Valoriser le bois sur notre territoire"}]},{"@type":"WebSite","@id":"https:\/\/avenir52.fr\/#website","url":"https:\/\/avenir52.fr\/","name":"L'Avenir Agricole et Rural de la Haute-Marne","description":"L&#039;Avenir Agricole et Rural de la Haute-Marne","publisher":{"@id":"https:\/\/avenir52.fr\/#organization"},"potentialAction":[{"@type":"SearchAction","target":{"@type":"EntryPoint","urlTemplate":"https:\/\/avenir52.fr\/?s={search_term_string}"},"query-input":{"@type":"PropertyValueSpecification","valueRequired":true,"valueName":"search_term_string"}}],"inLanguage":"fr-FR"},{"@type":"Organization","@id":"https:\/\/avenir52.fr\/#organization","name":"L'Avenir Agricole et Rural de la Haute-Marne","url":"https:\/\/avenir52.fr\/","logo":{"@type":"ImageObject","inLanguage":"fr-FR","@id":"https:\/\/avenir52.fr\/#\/schema\/logo\/image\/","url":"https:\/\/avenir52.fr\/wp-content\/uploads\/2024\/05\/cropped-Aveniragricoleetrural-logo.jpg","contentUrl":"https:\/\/avenir52.fr\/wp-content\/uploads\/2024\/05\/cropped-Aveniragricoleetrural-logo.jpg","width":360,"height":123,"caption":"L'Avenir Agricole et Rural de la Haute-Marne"},"image":{"@id":"https:\/\/avenir52.fr\/#\/schema\/logo\/image\/"},"sameAs":["https:\/\/www.facebook.com\/AvenirAgricole52\/","https:\/\/x.com\/aveniragri52","https:\/\/www.linkedin.com\/company\/90947425\/"]},{"@type":"Person","@id":"https:\/\/avenir52.fr\/#\/schema\/person\/be62b40759582f9de2b8c967e7857fe2","name":"Thibaut MORILLON","image":{"@type":"ImageObject","inLanguage":"fr-FR","@id":"https:\/\/secure.gravatar.com\/avatar\/b0c6acd24c9ce743bdca1cb33acf27fe8668825af01d4e1af0bc757af5602fa4?s=96&d=mm&r=g","url":"https:\/\/secure.gravatar.com\/avatar\/b0c6acd24c9ce743bdca1cb33acf27fe8668825af01d4e1af0bc757af5602fa4?s=96&d=mm&r=g","contentUrl":"https:\/\/secure.gravatar.com\/avatar\/b0c6acd24c9ce743bdca1cb33acf27fe8668825af01d4e1af0bc757af5602fa4?s=96&d=mm&r=g","caption":"Thibaut MORILLON"},"url":"https:\/\/avenir52.fr\/index.php\/author\/tmorillon\/"}]}},"jetpack_publicize_connections":[],"_links":{"self":[{"href":"https:\/\/avenir52.fr\/index.php\/wp-json\/wp\/v2\/posts\/974","targetHints":{"allow":["GET"]}}],"collection":[{"href":"https:\/\/avenir52.fr\/index.php\/wp-json\/wp\/v2\/posts"}],"about":[{"href":"https:\/\/avenir52.fr\/index.php\/wp-json\/wp\/v2\/types\/post"}],"author":[{"embeddable":true,"href":"https:\/\/avenir52.fr\/index.php\/wp-json\/wp\/v2\/users\/3"}],"replies":[{"embeddable":true,"href":"https:\/\/avenir52.fr\/index.php\/wp-json\/wp\/v2\/comments?post=974"}],"version-history":[{"count":1,"href":"https:\/\/avenir52.fr\/index.php\/wp-json\/wp\/v2\/posts\/974\/revisions"}],"predecessor-version":[{"id":976,"href":"https:\/\/avenir52.fr\/index.php\/wp-json\/wp\/v2\/posts\/974\/revisions\/976"}],"wp:featuredmedia":[{"embeddable":true,"href":"https:\/\/avenir52.fr\/index.php\/wp-json\/wp\/v2\/media\/975"}],"wp:attachment":[{"href":"https:\/\/avenir52.fr\/index.php\/wp-json\/wp\/v2\/media?parent=974"}],"wp:term":[{"taxonomy":"category","embeddable":true,"href":"https:\/\/avenir52.fr\/index.php\/wp-json\/wp\/v2\/categories?post=974"},{"taxonomy":"post_tag","embeddable":true,"href":"https:\/\/avenir52.fr\/index.php\/wp-json\/wp\/v2\/tags?post=974"}],"curies":[{"name":"wp","href":"https:\/\/api.w.org\/{rel}","templated":true}]}}